{"id":2239,"date":"2025-12-09T14:33:17","date_gmt":"2025-12-09T13:33:17","guid":{"rendered":"https:\/\/droitemoderniste.be\/?p=2239"},"modified":"2025-12-09T14:33:17","modified_gmt":"2025-12-09T13:33:17","slug":"approche-economique-comparee-du-mdm-et-du-modernisme-politique-classique","status":"publish","type":"post","link":"https:\/\/droitemoderniste.be\/index.php\/2025\/12\/09\/approche-economique-comparee-du-mdm-et-du-modernisme-politique-classique\/","title":{"rendered":"Approche \u00e9conomique compar\u00e9e du MDM et du Modernisme politique classique"},"content":{"rendered":"\n<figure class=\"wp-block-image size-large\"><img loading=\"lazy\" decoding=\"async\" width=\"1024\" height=\"512\" src=\"https:\/\/droitemoderniste.be\/wp-content\/uploads\/2025\/12\/amitie-elephants-1024x512.webp\" alt=\"\" class=\"wp-image-2240\" srcset=\"https:\/\/droitemoderniste.be\/wp-content\/uploads\/2025\/12\/amitie-elephants-1024x512.webp 1024w, https:\/\/droitemoderniste.be\/wp-content\/uploads\/2025\/12\/amitie-elephants-300x150.webp 300w, https:\/\/droitemoderniste.be\/wp-content\/uploads\/2025\/12\/amitie-elephants-768x384.webp 768w, https:\/\/droitemoderniste.be\/wp-content\/uploads\/2025\/12\/amitie-elephants.webp 1280w\" sizes=\"auto, (max-width: 1024px) 100vw, 1024px\" \/><\/figure>\n\n\n\n<p class=\"wp-block-paragraph\"><strong>Les diff\u00e9rences concr\u00e8tes de politiques \u00e9conomiques entre le <mark style=\"background-color:rgba(0, 0, 0, 0);color:#ff6900\" class=\"has-inline-color\">Mouvement Droite Moderniste (MDM)<\/mark> et le modernisme politique classique<\/strong> se situent principalement dans leur approche pragmatique, leurs priorit\u00e9s et leur vision de l&rsquo;intervention \u00e9conomique.<\/p>\n\n\n\n<p class=\"wp-block-paragraph\"><strong>Approche \u00e9conomique du <mark style=\"background-color:rgba(0, 0, 0, 0);color:#ff6900\" class=\"has-inline-color\">MDM<\/mark><\/strong><\/p>\n\n\n\n<p class=\"wp-block-paragraph\">Le <mark style=\"background-color:rgba(0, 0, 0, 0);color:#ff6900\" class=\"has-inline-color\">MDM<\/mark> adopte une politique \u00e9conomique pragmatique, post-id\u00e9ologique, centr\u00e9e sur l&rsquo;efficacit\u00e9 sociale mesurable plut\u00f4t que sur des doctrines rigides.<\/p>\n\n\n\n<p class=\"wp-block-paragraph\">Il d\u00e9fend une \u00e9conomie de l\u2019efficacit\u00e9 sociale o\u00f9 chaque politique est \u00e9valu\u00e9e selon sa contribution au progr\u00e8s social concret, notamment l\u2019emploi durable, la coh\u00e9sion territoriale, et l\u2019innovation utile.<\/p>\n\n\n\n<p class=\"wp-block-paragraph\">Le <mark style=\"background-color:rgba(0, 0, 0, 0);color:#ff6900\" class=\"has-inline-color\">MDM<\/mark> privil\u00e9gie aussi la transition \u00e9nerg\u00e9tique, environnementale et num\u00e9rique productives, avec des investissements publics cibl\u00e9s sur une \u00ab \u00e9cosophie \u00bb empirique et non culpabilisante.<\/p>\n\n\n\n<p class=\"wp-block-paragraph\">Le <mark style=\"background-color:rgba(0, 0, 0, 0);color:#ff6900\" class=\"has-inline-color\">MDM<\/mark> pr\u00f4ne une \u00e9conomie enracin\u00e9e, conciliant libert\u00e9 d\u2019entreprendre, identit\u00e9 culturelle et souverainet\u00e9 \u00e9conomique, avec une finalit\u00e9 civique \u00e0 la croissance.<\/p>\n\n\n\n<p class=\"wp-block-paragraph\"><strong>Approche \u00e9conomique du modernisme classique<\/strong><\/p>\n\n\n\n<p class=\"wp-block-paragraph\">Le modernisme politique classique soutient g\u00e9n\u00e9ralement une rationalisation des institutions \u00e9conomiques et sociales fond\u00e9e sur le progr\u00e8s scientifique et social, avec un \u00c9tat garant de la modernisation reposant souvent sur des r\u00e9formes structurelles.<\/p>\n\n\n\n<p class=\"wp-block-paragraph\">Cette approche peut inclure un interventionnisme \u00e9tatique important orient\u00e9 par des id\u00e9aux universels de progr\u00e8s, souvent avec une foi dans l\u2019\u00e9conomie de march\u00e9 comme vecteur principal de croissance et d\u00e9veloppement.<\/p>\n\n\n\n<p class=\"wp-block-paragraph\"><strong>Principales diff\u00e9rences<\/strong><\/p>\n\n\n\n<ul class=\"wp-block-list\">\n<li>Le <mark style=\"background-color:rgba(0, 0, 0, 0);color:#ff6900\" class=\"has-inline-color\">MDM<\/mark> refuse l\u2019opposition traditionnelle entre \u00c9tat et march\u00e9, cherchant une coop\u00e9ration \u00e9valu\u00e9e sur l\u2019efficacit\u00e9 concr\u00e8te, tandis que le modernisme classique peut prendre une position plus doctrinale sur le r\u00f4le respectif de l\u2019\u00c9tat et du march\u00e9.<\/li>\n\n\n\n<li>Le <mark style=\"background-color:rgba(0, 0, 0, 0);color:#ff6900\" class=\"has-inline-color\">MDM<\/mark> met l\u2019accent sur une \u00e9conomie post-id\u00e9ologique et pragmatique, avec une forte dimension de responsabilit\u00e9 civique et d\u2019enracinement territorial et culturel. Le modernisme classique tend \u00e0 valoriser une logique plus abstraite de progr\u00e8s et rationalisation.<\/li>\n\n\n\n<li>Le <mark style=\"background-color:rgba(0, 0, 0, 0);color:#ff6900\" class=\"has-inline-color\">MDM <\/mark>accorde une priorit\u00e9 forte aux transitions \u00e9nerg\u00e9tiques et technologiques avec des retomb\u00e9es territoriales directes, souvent avec un discours moins id\u00e9ologique et plus adaptatif. Le modernisme classique peut envisager la modernisation \u00e9conomique dans un cadre plus large de progr\u00e8s scientifique universel.<\/li>\n\n\n\n<li>Le <mark style=\"background-color:rgba(0, 0, 0, 0);color:#ff6900\" class=\"has-inline-color\">MDM<\/mark> cherche \u00e0 int\u00e9grer des valeurs humaines et civiques dans la finalit\u00e9 \u00e9conomique, d\u00e9passant la simple maximisation de la croissance ou du pouvoir d\u2019achat, ce qui contraste avec certains mod\u00e8les modernistes plus purement techniques ou id\u00e9ologiques.<\/li>\n<\/ul>\n\n\n\n<p class=\"wp-block-paragraph\">En r\u00e9sum\u00e9, <strong>le <mark style=\"background-color:rgba(0, 0, 0, 0);color:#ff6900\" class=\"has-inline-color\">MDM<\/mark> propose une politique \u00e9conomique originale<\/strong> qui privil\u00e9gie le pragmatisme, la finalit\u00e9 sociale mesurable, l\u2019innovation contextualis\u00e9e et la responsabilit\u00e9 civique, ce qui le distingue nettement des approches plus doctrinales, globalement progressistes et rationnelles du modernisme politique classique.<\/p>\n","protected":false},"excerpt":{"rendered":"<p>Les diff\u00e9rences concr\u00e8tes de politiques \u00e9conomiques entre le Mouvement Droite Moderniste (MDM) et le modernisme politique classique se situent principalement dans leur approche pragmatique, leurs priorit\u00e9s et leur vision de l&rsquo;intervention \u00e9conomique. Approche \u00e9conomique du MDM Le MDM adopte une politique \u00e9conomique pragmatique, post-id\u00e9ologique, centr\u00e9e sur l&rsquo;efficacit\u00e9 sociale mesurable plut\u00f4t que sur des doctrines rigides. [&hellip;]<\/p>\n","protected":false},"author":1,"featured_media":0,"comment_status":"open","ping_status":"open","sticky":false,"template":"","format":"standard","meta":{"_monsterinsights_skip_tracking":false,"_uf_show_specific_survey":0,"_uf_disable_surveys":false,"footnotes":""},"categories":[31],"tags":[],"class_list":["post-2239","post","type-post","status-publish","format-standard","hentry","category-economie"],"_links":{"self":[{"href":"https:\/\/droitemoderniste.be\/index.php\/wp-json\/wp\/v2\/posts\/2239","targetHints":{"allow":["GET"]}}],"collection":[{"href":"https:\/\/droitemoderniste.be\/index.php\/wp-json\/wp\/v2\/posts"}],"about":[{"href":"https:\/\/droitemoderniste.be\/index.php\/wp-json\/wp\/v2\/types\/post"}],"author":[{"embeddable":true,"href":"https:\/\/droitemoderniste.be\/index.php\/wp-json\/wp\/v2\/users\/1"}],"replies":[{"embeddable":true,"href":"https:\/\/droitemoderniste.be\/index.php\/wp-json\/wp\/v2\/comments?post=2239"}],"version-history":[{"count":1,"href":"https:\/\/droitemoderniste.be\/index.php\/wp-json\/wp\/v2\/posts\/2239\/revisions"}],"predecessor-version":[{"id":2241,"href":"https:\/\/droitemoderniste.be\/index.php\/wp-json\/wp\/v2\/posts\/2239\/revisions\/2241"}],"wp:attachment":[{"href":"https:\/\/droitemoderniste.be\/index.php\/wp-json\/wp\/v2\/media?parent=2239"}],"wp:term":[{"taxonomy":"category","embeddable":true,"href":"https:\/\/droitemoderniste.be\/index.php\/wp-json\/wp\/v2\/categories?post=2239"},{"taxonomy":"post_tag","embeddable":true,"href":"https:\/\/droitemoderniste.be\/index.php\/wp-json\/wp\/v2\/tags?post=2239"}],"curies":[{"name":"wp","href":"https:\/\/api.w.org\/{rel}","templated":true}]}}