{"id":2236,"date":"2025-12-09T12:17:38","date_gmt":"2025-12-09T11:17:38","guid":{"rendered":"https:\/\/droitemoderniste.be\/?p=2236"},"modified":"2025-12-09T12:17:38","modified_gmt":"2025-12-09T11:17:38","slug":"innover-sans-renier-ses-racines","status":"publish","type":"post","link":"https:\/\/droitemoderniste.be\/index.php\/2025\/12\/09\/innover-sans-renier-ses-racines\/","title":{"rendered":"\u00ab\u00a0Innover sans renier ses racines\u00a0\u00bb"},"content":{"rendered":"\n<figure class=\"wp-block-image size-full\"><img loading=\"lazy\" decoding=\"async\" width=\"275\" height=\"183\" src=\"https:\/\/droitemoderniste.be\/wp-content\/uploads\/2025\/12\/atomium-1.jpg\" alt=\"\" class=\"wp-image-2237\"\/><\/figure>\n\n\n\n<p class=\"wp-block-paragraph\">Belges,<br>Aujourd\u2019hui, un nouveau mouvement entre en sc\u00e8ne : le <strong><mark style=\"background-color:rgba(0, 0, 0, 0);color:#ff6900\" class=\"has-inline-color\">Mouvement Droite Moderniste<\/mark><\/strong>.<\/p>\n\n\n\n<p class=\"wp-block-paragraph\">Le <mark style=\"background-color:rgba(0, 0, 0, 0);color:#ff6900\" class=\"has-inline-color\">MDM<\/mark>, c\u2019est la conviction que notre pays a besoin d\u2019une droite <strong>qui innove sans renier ses racines<\/strong>, d\u2019une droite qui assume enfin que progr\u00e8s et identit\u00e9 ne s\u2019opposent pas.<br>C\u2019est pourquoi nous affirmons : <strong>\u00ab Racines fortes, regard neuf \u00bb.<\/strong><\/p>\n\n\n\n<p class=\"wp-block-paragraph\">Nous sommes patriotes, mais jamais ferm\u00e9s.<br>Lib\u00e9raux, mais jamais dogmatiques.<br>Environnementalistes, mais jamais punitifs.<br>Europ\u00e9ens, mais toujours souverains.<br>Humanistes, mais exigeants.<\/p>\n\n\n\n<p class=\"wp-block-paragraph\">Le <mark style=\"background-color:rgba(0, 0, 0, 0);color:#ff6900\" class=\"has-inline-color\">MDM<\/mark> est unique parce qu\u2019il refuse les vieux clivages :<br>\u27a1 une \u00e9conomie dynamique <strong>avec un \u00c9tat strat\u00e8ge<\/strong>,<br>\u27a1 une immigration ma\u00eetris\u00e9e <strong>et respectueuse de la dignit\u00e9<\/strong>,<br>\u27a1 une transition \u00e9cologique <strong>fond\u00e9e sur l\u2019innovation<\/strong>,<br>\u27a1 une justice <strong>rapide, ferme et restauratrice<\/strong>,<br>\u27a1 un engagement \u00e9thique, jusque dans le <strong>bien-\u00eatre animal<\/strong>.<\/p>\n\n\n\n<p class=\"wp-block-paragraph\">Nous cr\u00e9ons ce qui manquait en Belgique :<br><strong>une droite moderne, civique, technologique, sociale et optimiste.<\/strong><\/p>\n\n\n\n<p class=\"wp-block-paragraph\">Le <mark style=\"background-color:rgba(0, 0, 0, 0);color:#ff6900\" class=\"has-inline-color\">MDM<\/mark> n\u2019est pas une variation : c\u2019est une <strong>nouvelle synth\u00e8se<\/strong>,<br>celle du progr\u00e8s enracin\u00e9,<br>de l\u2019audace et de la responsabilit\u00e9,<br>de la modernit\u00e9 et de la coh\u00e9sion.<\/p>\n\n\n\n<p class=\"wp-block-paragraph\">Rejoignez-nous pour construire une Belgique <strong>plus forte, plus juste, plus dynamique<\/strong>.<br>Rejoignez l\u2019audace d\u2019une droite moderne.<\/p>\n","protected":false},"excerpt":{"rendered":"<p>Belges,Aujourd\u2019hui, un nouveau mouvement entre en sc\u00e8ne : le Mouvement Droite Moderniste. Le MDM, c\u2019est la conviction que notre pays a besoin d\u2019une droite qui innove sans renier ses racines, d\u2019une droite qui assume enfin que progr\u00e8s et identit\u00e9 ne s\u2019opposent pas.C\u2019est pourquoi nous affirmons : \u00ab Racines fortes, regard neuf \u00bb. Nous sommes patriotes, [&hellip;]<\/p>\n","protected":false},"author":1,"featured_media":0,"comment_status":"open","ping_status":"open","sticky":false,"template":"","format":"standard","meta":{"_monsterinsights_skip_tracking":false,"_uf_show_specific_survey":0,"_uf_disable_surveys":false,"footnotes":""},"categories":[42],"tags":[],"class_list":["post-2236","post","type-post","status-publish","format-standard","hentry","category-discours"],"_links":{"self":[{"href":"https:\/\/droitemoderniste.be\/index.php\/wp-json\/wp\/v2\/posts\/2236","targetHints":{"allow":["GET"]}}],"collection":[{"href":"https:\/\/droitemoderniste.be\/index.php\/wp-json\/wp\/v2\/posts"}],"about":[{"href":"https:\/\/droitemoderniste.be\/index.php\/wp-json\/wp\/v2\/types\/post"}],"author":[{"embeddable":true,"href":"https:\/\/droitemoderniste.be\/index.php\/wp-json\/wp\/v2\/users\/1"}],"replies":[{"embeddable":true,"href":"https:\/\/droitemoderniste.be\/index.php\/wp-json\/wp\/v2\/comments?post=2236"}],"version-history":[{"count":1,"href":"https:\/\/droitemoderniste.be\/index.php\/wp-json\/wp\/v2\/posts\/2236\/revisions"}],"predecessor-version":[{"id":2238,"href":"https:\/\/droitemoderniste.be\/index.php\/wp-json\/wp\/v2\/posts\/2236\/revisions\/2238"}],"wp:attachment":[{"href":"https:\/\/droitemoderniste.be\/index.php\/wp-json\/wp\/v2\/media?parent=2236"}],"wp:term":[{"taxonomy":"category","embeddable":true,"href":"https:\/\/droitemoderniste.be\/index.php\/wp-json\/wp\/v2\/categories?post=2236"},{"taxonomy":"post_tag","embeddable":true,"href":"https:\/\/droitemoderniste.be\/index.php\/wp-json\/wp\/v2\/tags?post=2236"}],"curies":[{"name":"wp","href":"https:\/\/api.w.org\/{rel}","templated":true}]}}