{"id":2233,"date":"2025-12-09T10:09:11","date_gmt":"2025-12-09T09:09:11","guid":{"rendered":"https:\/\/droitemoderniste.be\/?p=2233"},"modified":"2025-12-09T10:09:11","modified_gmt":"2025-12-09T09:09:11","slug":"pourquoi-le-mdm-nest-pas-les-engages-et-ne-le-sera-jamais","status":"publish","type":"post","link":"https:\/\/droitemoderniste.be\/index.php\/2025\/12\/09\/pourquoi-le-mdm-nest-pas-les-engages-et-ne-le-sera-jamais\/","title":{"rendered":"Pourquoi le MDM n&rsquo;est pas Les Engag\u00e9s &#8211; et ne le sera jamais"},"content":{"rendered":"\n<figure class=\"wp-block-image size-full\"><img loading=\"lazy\" decoding=\"async\" width=\"269\" height=\"188\" src=\"https:\/\/droitemoderniste.be\/wp-content\/uploads\/2025\/12\/mixite.jpg\" alt=\"\" class=\"wp-image-2234\"\/><\/figure>\n\n\n\n<p class=\"wp-block-paragraph\">Chers citoyennes,<br>Chers citoyens qui veulent une vraie direction,<br>Chers \u00e9lecteurs fatigu\u00e9s des partis qui changent de nom mais pas d\u2019ambition,<\/p>\n\n\n\n<p class=\"wp-block-paragraph\">Il est temps de le dire clairement :<br><strong>le <mark style=\"background-color:rgba(0, 0, 0, 0);color:#ff6900\" class=\"has-inline-color\">MDM<\/mark> n\u2019est pas Les Engag\u00e9s \u2014 et ne le sera jamais.<\/strong><\/p>\n\n\n\n<hr class=\"wp-block-separator has-alpha-channel-opacity\"\/>\n\n\n\n<p class=\"wp-block-paragraph\"><strong>Les Engag\u00e9s ont chang\u00e9 d\u2019\u00e9tiquette. Pas de ligne.<\/strong><\/p>\n\n\n\n<p class=\"wp-block-paragraph\">Ils ont repeint la fa\u00e7ade.<br>Ils ont modernis\u00e9 le logo.<br>Ils ont fait peau neuve\u2026 en apparence.<\/p>\n\n\n\n<p class=\"wp-block-paragraph\">Mais derri\u00e8re la vitrine, la maison est rest\u00e9e la m\u00eame :<br>un parti centriste, mod\u00e9r\u00e9, consensuel,<br>qui parle beaucoup de transformation<br>mais qui, au moment de trancher, <strong>revient toujours au compromis mou<\/strong>.<\/p>\n\n\n\n<p class=\"wp-block-paragraph\">Les Engag\u00e9s se veulent \u201cpost-chr\u00e9tiens\u201d, \u201cpost-centristes\u201d, \u201cpost-tout\u201d.<br>Mais ils restent <strong>pr\u00e9visibles, prudents, h\u00e9sitants<\/strong>.<\/p>\n\n\n\n<p class=\"wp-block-paragraph\">Leur mutation est cosm\u00e9tique.<br>Leur audace est narrative.<br>Leur r\u00e9forme est d\u00e9clarative.<\/p>\n\n\n\n<hr class=\"wp-block-separator has-alpha-channel-opacity\"\/>\n\n\n\n<p class=\"wp-block-paragraph\"><strong>Le <mark style=\"background-color:rgba(0, 0, 0, 0);color:#ff6900\" class=\"has-inline-color\">MDM<\/mark>, lui, n\u2019est pas une op\u00e9ration marketing. C\u2019est une rupture politique.<\/strong><\/p>\n\n\n\n<p class=\"wp-block-paragraph\">Nous ne sommes pas n\u00e9s d\u2019un rebranding.<br>Nous ne venons pas d\u2019un parti existant.<br>Nous n\u2019avons pas repeint les murs pour masquer les m\u00eames h\u00e9sitations.<\/p>\n\n\n\n<p class=\"wp-block-paragraph\">Le <mark style=\"background-color:rgba(0, 0, 0, 0);color:#ff6900\" class=\"has-inline-color\">MDM<\/mark> est n\u00e9 d\u2019une conviction claire :<br><strong>la Belgique a besoin d\u2019une droite moderne, assum\u00e9e, coh\u00e9rente \u2014 pas d\u2019un centre qui h\u00e9site \u00e0 chaque pas.<\/strong><\/p>\n\n\n\n<p class=\"wp-block-paragraph\">Nous assumons :<\/p>\n\n\n\n<ul class=\"wp-block-list\">\n<li>le dirigisme mod\u00e9r\u00e9<\/li>\n\n\n\n<li>le patriotisme civique<\/li>\n\n\n\n<li>le protectionnisme raisonn\u00e9<\/li>\n\n\n\n<li>l\u2019Europe forte et souveraine<\/li>\n\n\n\n<li>la rigueur, l\u2019ordre et la justice<\/li>\n\n\n\n<li>une transition environnementale pragmatique et productive<\/li>\n\n\n\n<li>une immigration ma\u00eetris\u00e9e<\/li>\n\n\n\n<li>une \u00e9conomie qui r\u00e9compense le travail<\/li>\n\n\n\n<li>un \u00c9tat qui d\u00e9cide au lieu de commenter<\/li>\n<\/ul>\n\n\n\n<p class=\"wp-block-paragraph\">Pas de demi-mesures.<br>Pas de \u201cni-ni\u201d.<br>Pas d\u2019id\u00e9ologie dilu\u00e9e dans un discours de marketing politique.<\/p>\n\n\n\n<hr class=\"wp-block-separator has-alpha-channel-opacity\"\/>\n\n\n\n<p class=\"wp-block-paragraph\"><strong>**Les Engag\u00e9s promettent \u201cl\u2019\u00e9quilibre\u201d.<\/strong><\/p>\n\n\n\n<p class=\"wp-block-paragraph\"><strong>Le <mark style=\"background-color:rgba(0, 0, 0, 0);color:#ff6900\" class=\"has-inline-color\">MDM<\/mark> construit la direction.<\/strong>**<\/p>\n\n\n\n<p class=\"wp-block-paragraph\">Quand Les Engag\u00e9s cherchent la synth\u00e8se,<br>nous cherchons l\u2019efficacit\u00e9.<\/p>\n\n\n\n<p class=\"wp-block-paragraph\">Quand ils veulent concilier,<br>nous voulons r\u00e9former.<\/p>\n\n\n\n<p class=\"wp-block-paragraph\">Quand ils veulent mod\u00e9rer,<br>nous voulons clarifier.<\/p>\n\n\n\n<p class=\"wp-block-paragraph\">Quand ils veulent discuter,<br>nous voulons d\u00e9cider.<\/p>\n\n\n\n<p class=\"wp-block-paragraph\">Leurs propositions sont souvent belles sur le papier,<br>mais trop prudentes pour changer le r\u00e9el.<\/p>\n\n\n\n<p class=\"wp-block-paragraph\">Le <mark style=\"background-color:rgba(0, 0, 0, 0);color:#ff6900\" class=\"has-inline-color\">MDM<\/mark>, au contraire, <strong>ne se contente pas d\u2019aligner des intentions<\/strong> :<br>nous proposons des plans concrets, dat\u00e9s, chiffr\u00e9s, ex\u00e9cutables.<\/p>\n\n\n\n<hr class=\"wp-block-separator has-alpha-channel-opacity\"\/>\n\n\n\n<p class=\"wp-block-paragraph\"><strong>**Les Engag\u00e9s veulent moderniser le centre.<\/strong><\/p>\n\n\n\n<p class=\"wp-block-paragraph\"><strong>Le <mark style=\"background-color:rgba(0, 0, 0, 0);color:#ff6900\" class=\"has-inline-color\">MDM<\/mark> veut moderniser la Belgique<\/strong>.**<\/p>\n\n\n\n<p class=\"wp-block-paragraph\">Ce n\u2019est pas le m\u00eame projet.<br>Ce n\u2019est pas la m\u00eame ambition.<br>Ce n\u2019est pas la m\u00eame \u00e9nergie.<\/p>\n\n\n\n<p class=\"wp-block-paragraph\">Le <mark style=\"background-color:rgba(0, 0, 0, 0);color:#ff6900\" class=\"has-inline-color\">MDM<\/mark> ne cherche pas \u00e0 s\u00e9duire tout le monde.<br>Le <mark style=\"background-color:rgba(0, 0, 0, 0);color:#ff6900\" class=\"has-inline-color\">MDM<\/mark> cherche \u00e0 transformer le pays.<\/p>\n\n\n\n<p class=\"wp-block-paragraph\">Nous voulons :<\/p>\n\n\n\n<ul class=\"wp-block-list\">\n<li>une administration qui ex\u00e9cute, pas qui empile<\/li>\n\n\n\n<li>une \u00e9cole d\u2019exigence, pas de slogans<\/li>\n\n\n\n<li>une s\u00e9curit\u00e9 r\u00e9elle, pas th\u00e9orique<\/li>\n\n\n\n<li>une \u00e9conomie forte, pas timide<\/li>\n\n\n\n<li>une identit\u00e9 civique assum\u00e9e, pas \u00e9dulcor\u00e9e<\/li>\n\n\n\n<li>un \u00c9tat strat\u00e8ge, pas un \u00c9tat d\u00e9coratif<\/li>\n\n\n\n<li>une mobilit\u00e9 repens\u00e9e, pas rustin\u00e9e<\/li>\n<\/ul>\n\n\n\n<p class=\"wp-block-paragraph\">C\u2019est toute la diff\u00e9rence entre un parti qui rassure<br>et un parti qui r\u00e9forme.<\/p>\n\n\n\n<hr class=\"wp-block-separator has-alpha-channel-opacity\"\/>\n\n\n\n<p class=\"wp-block-paragraph\"><strong>**Les Engag\u00e9s apaise.<\/strong><\/p>\n\n\n\n<p class=\"wp-block-paragraph\"><strong>Le <mark style=\"background-color:rgba(0, 0, 0, 0);color:#ff6900\" class=\"has-inline-color\">MDM<\/mark> avance<\/strong>.**<\/p>\n\n\n\n<p class=\"wp-block-paragraph\">Et la Belgique n\u2019a plus besoin d\u2019\u00eatre apais\u00e9e.<br>Elle a besoin d\u2019\u00eatre relev\u00e9e.<\/p>\n\n\n\n<p class=\"wp-block-paragraph\">Les Engag\u00e9s cherchent l\u2019\u00e9quilibre.<br>Mais un pays en d\u00e9s\u00e9quilibre chronique n\u2019a pas besoin d\u2019\u00e9quilibristes.<br>Il a besoin d\u2019architectes.<\/p>\n\n\n\n<p class=\"wp-block-paragraph\">Le <mark style=\"background-color:rgba(0, 0, 0, 0);color:#ff6900\" class=\"has-inline-color\">MDM<\/mark> n\u2019est pas un tampon.<br>C\u2019est un moteur.<\/p>\n\n\n\n<hr class=\"wp-block-separator has-alpha-channel-opacity\"\/>\n\n\n\n<p class=\"wp-block-paragraph\"><strong>\u00c0 celles et ceux qui h\u00e9sitent encore :<\/strong><\/p>\n\n\n\n<p class=\"wp-block-paragraph\">Si vous voulez un parti centriste, consensuel, mod\u00e9r\u00e9, qui corrige les angles,<br>Les Engag\u00e9s sont l\u00e0 \u2014 et ils feront cela tr\u00e8s bien.<\/p>\n\n\n\n<p class=\"wp-block-paragraph\">Mais si vous voulez un mouvement qui :<\/p>\n\n\n\n<ul class=\"wp-block-list\">\n<li>tranche,<\/li>\n\n\n\n<li>assume,<\/li>\n\n\n\n<li>r\u00e9forme,<\/li>\n\n\n\n<li>transforme,<\/li>\n\n\n\n<li>prot\u00e8ge,<\/li>\n\n\n\n<li>oriente,<\/li>\n\n\n\n<li>construit l\u2019avenir avec audace,<\/li>\n<\/ul>\n\n\n\n<p class=\"wp-block-paragraph\">alors vous ne choisissez pas Les Engag\u00e9s.<\/p>\n\n\n\n<p class=\"wp-block-paragraph\">Vous choisissez <strong>le <mark style=\"background-color:rgba(0, 0, 0, 0);color:#ff6900\" class=\"has-inline-color\">Mouvement Droite Moderniste<\/mark><\/strong>.<\/p>\n\n\n\n<p class=\"wp-block-paragraph\"><\/p>\n","protected":false},"excerpt":{"rendered":"<p>Chers citoyennes,Chers citoyens qui veulent une vraie direction,Chers \u00e9lecteurs fatigu\u00e9s des partis qui changent de nom mais pas d\u2019ambition, Il est temps de le dire clairement :le MDM n\u2019est pas Les Engag\u00e9s \u2014 et ne le sera jamais. Les Engag\u00e9s ont chang\u00e9 d\u2019\u00e9tiquette. Pas de ligne. Ils ont repeint la fa\u00e7ade.Ils ont modernis\u00e9 le logo.Ils [&hellip;]<\/p>\n","protected":false},"author":1,"featured_media":0,"comment_status":"open","ping_status":"open","sticky":false,"template":"","format":"standard","meta":{"_monsterinsights_skip_tracking":false,"_uf_show_specific_survey":0,"_uf_disable_surveys":false,"footnotes":""},"categories":[42],"tags":[],"class_list":["post-2233","post","type-post","status-publish","format-standard","hentry","category-discours"],"_links":{"self":[{"href":"https:\/\/droitemoderniste.be\/index.php\/wp-json\/wp\/v2\/posts\/2233","targetHints":{"allow":["GET"]}}],"collection":[{"href":"https:\/\/droitemoderniste.be\/index.php\/wp-json\/wp\/v2\/posts"}],"about":[{"href":"https:\/\/droitemoderniste.be\/index.php\/wp-json\/wp\/v2\/types\/post"}],"author":[{"embeddable":true,"href":"https:\/\/droitemoderniste.be\/index.php\/wp-json\/wp\/v2\/users\/1"}],"replies":[{"embeddable":true,"href":"https:\/\/droitemoderniste.be\/index.php\/wp-json\/wp\/v2\/comments?post=2233"}],"version-history":[{"count":1,"href":"https:\/\/droitemoderniste.be\/index.php\/wp-json\/wp\/v2\/posts\/2233\/revisions"}],"predecessor-version":[{"id":2235,"href":"https:\/\/droitemoderniste.be\/index.php\/wp-json\/wp\/v2\/posts\/2233\/revisions\/2235"}],"wp:attachment":[{"href":"https:\/\/droitemoderniste.be\/index.php\/wp-json\/wp\/v2\/media?parent=2233"}],"wp:term":[{"taxonomy":"category","embeddable":true,"href":"https:\/\/droitemoderniste.be\/index.php\/wp-json\/wp\/v2\/categories?post=2233"},{"taxonomy":"post_tag","embeddable":true,"href":"https:\/\/droitemoderniste.be\/index.php\/wp-json\/wp\/v2\/tags?post=2233"}],"curies":[{"name":"wp","href":"https:\/\/api.w.org\/{rel}","templated":true}]}}