{"id":2230,"date":"2025-12-08T11:22:22","date_gmt":"2025-12-08T10:22:22","guid":{"rendered":"https:\/\/droitemoderniste.be\/?p=2230"},"modified":"2025-12-08T11:22:22","modified_gmt":"2025-12-08T10:22:22","slug":"le-mdm-est-une-reinterpretation-moderne-du-modernisme-politique-adaptee-a-la-droite-du-xxie-siecle","status":"publish","type":"post","link":"https:\/\/droitemoderniste.be\/index.php\/2025\/12\/08\/le-mdm-est-une-reinterpretation-moderne-du-modernisme-politique-adaptee-a-la-droite-du-xxie-siecle\/","title":{"rendered":"Le MDM est une r\u00e9interpr\u00e9tation moderne du modernisme politique, adapt\u00e9e \u00e0 la droite du XXIe si\u00e8cle"},"content":{"rendered":"\n<figure class=\"wp-block-image size-full\"><img loading=\"lazy\" decoding=\"async\" width=\"276\" height=\"183\" src=\"https:\/\/droitemoderniste.be\/wp-content\/uploads\/2025\/12\/modernismeP4.jpg\" alt=\"\" class=\"wp-image-2231\"\/><\/figure>\n\n\n\n<p class=\"wp-block-paragraph\">En th\u00e9orie politique, <strong>le <mark style=\"background-color:rgba(0, 0, 0, 0);color:#ff6900\" class=\"has-inline-color\">Mouvement Droite Moderniste (MDM)<\/mark><\/strong> n\u2019est pas <em>l\u2019incarnation absolue<\/em> du modernisme (au sens philosophique ou historique du terme), mais il <strong>en repr\u00e9sente une expression politique contemporaine singuli\u00e8re<\/strong>.<\/p>\n\n\n\n<p class=\"wp-block-paragraph\">Voici une analyse structur\u00e9e<\/p>\n\n\n\n<hr class=\"wp-block-separator has-alpha-channel-opacity\"\/>\n\n\n\n<h6 class=\"wp-block-heading\">1. Le modernisme en th\u00e9orie politique : d\u00e9finition<\/h6>\n\n\n\n<p class=\"wp-block-paragraph\">Le <strong>modernisme<\/strong> d\u00e9signe un courant intellectuel et politique n\u00e9 avec la modernit\u00e9, fond\u00e9 sur :<\/p>\n\n\n\n<ul class=\"wp-block-list\">\n<li>la <strong>primaut\u00e9 de la raison<\/strong> et du progr\u00e8s ;<\/li>\n\n\n\n<li>la <strong>foi dans les institutions humaines<\/strong> pour am\u00e9liorer la soci\u00e9t\u00e9 ;<\/li>\n\n\n\n<li>la <strong>volont\u00e9 de rupture<\/strong> avec les dogmes du pass\u00e9 ;<\/li>\n\n\n\n<li>la <strong>confiance dans la science, la technique et la libert\u00e9 individuelle<\/strong>.<\/li>\n<\/ul>\n\n\n\n<p class=\"wp-block-paragraph\">Historiquement, le modernisme a nourri les r\u00e9volutions lib\u00e9rales, les d\u00e9mocraties constitutionnelles et les politiques d\u2019\u00e9mancipation par la connaissance.<\/p>\n\n\n\n<hr class=\"wp-block-separator has-alpha-channel-opacity\"\/>\n\n\n\n<h6 class=\"wp-block-heading\">2. Ce que le <mark style=\"background-color:rgba(0, 0, 0, 0);color:#ff6900\" class=\"has-inline-color\">MDM<\/mark> incarne du modernisme<\/h6>\n\n\n\n<p class=\"wp-block-paragraph\">Le <strong><mark style=\"background-color:rgba(0, 0, 0, 0);color:#ff6900\" class=\"has-inline-color\">Mouvement Droite Moderniste<\/mark><\/strong> transpose cette vision dans un cadre de <strong>droite r\u00e9formiste et patriotique<\/strong>, et c\u2019est l\u00e0 toute son originalit\u00e9.<br>Il incarne <strong>le modernisme appliqu\u00e9 \u00e0 la pens\u00e9e de droite<\/strong>, en int\u00e9grant :<\/p>\n\n\n\n<ul class=\"wp-block-list\">\n<li>une <strong>valorisation du progr\u00e8s<\/strong> (technologique, social, environnemental) sans tomber dans l\u2019id\u00e9ologie du \u00ab tout nouveau \u00bb ;<\/li>\n\n\n\n<li>un <strong>ancrage dans la raison et la science<\/strong> pour guider la d\u00e9cision publique ;<\/li>\n\n\n\n<li>une <strong>volont\u00e9 de moderniser la droite<\/strong>, en d\u00e9passant le conservatisme rigide tout en conservant un <strong>attachement aux racines, \u00e0 la nation et \u00e0 la responsabilit\u00e9 individuelle<\/strong> ;<\/li>\n\n\n\n<li>une <strong>ouverture culturelle et technologique<\/strong>, combin\u00e9e \u00e0 une <strong>d\u00e9fense des identit\u00e9s et de la souverainet\u00e9<\/strong>.<\/li>\n<\/ul>\n\n\n\n<hr class=\"wp-block-separator has-alpha-channel-opacity\"\/>\n\n\n\n<h6 class=\"wp-block-heading\">3. Ce que le <mark style=\"background-color:rgba(0, 0, 0, 0);color:#ff6900\" class=\"has-inline-color\">MDM<\/mark> d\u00e9passe du modernisme classique<\/h6>\n\n\n\n<p class=\"wp-block-paragraph\">Le <mark style=\"background-color:rgba(0, 0, 0, 0);color:#ff6900\" class=\"has-inline-color\">MDM<\/mark> ne se limite pas au modernisme rationaliste :<br>il le <strong>transcende<\/strong> par une approche <strong>humaniste et spirituelle<\/strong>, que l\u2019on pourrait qualifier de <em>modernisme int\u00e9gral<\/em>.<br>Ainsi, il combine :<\/p>\n\n\n\n<ul class=\"wp-block-list\">\n<li><strong>la modernit\u00e9 \u00e9conomique<\/strong> (innovation, entrepreneuriat, efficacit\u00e9 publique) ;<\/li>\n\n\n\n<li><strong>le personnalisme<\/strong> (l\u2019individu comme acteur moral et civique) ;<\/li>\n\n\n\n<li><strong>le souverainisme \u00e9clair\u00e9<\/strong> (ma\u00eetrise politique et \u00e9conomique dans un monde globalis\u00e9);<\/li>\n\n\n\n<li><strong>le spiritualisme la\u00efc<\/strong> (le sens et la culture comme moteurs du progr\u00e8s).<\/li>\n<\/ul>\n\n\n\n<hr class=\"wp-block-separator has-alpha-channel-opacity\"\/>\n\n\n\n<h6 class=\"wp-block-heading\">4. Conclusion : une incarnation contemporaine du modernisme politique<\/h6>\n\n\n\n<p class=\"wp-block-paragraph\">On peut donc dire que :<\/p>\n\n\n\n<p class=\"wp-block-paragraph\"><strong>Le <mark style=\"background-color:rgba(0, 0, 0, 0);color:#ff6900\" class=\"has-inline-color\">MDM<\/mark> est une r\u00e9interpr\u00e9tation moderne du modernisme politique, adapt\u00e9e \u00e0 la droite du XXI\u1d49 si\u00e8cle.<\/strong><br>Il incarne la volont\u00e9 de r\u00e9concilier progr\u00e8s et racines, raison et valeurs, innovation et souverainet\u00e9.<\/p>\n\n\n\n<p class=\"wp-block-paragraph\">Autrement dit :<br><strong>le <mark style=\"background-color:rgba(0, 0, 0, 0);color:#ff6900\" class=\"has-inline-color\">MDM<\/mark> est une synth\u00e8se moderniste, mais pas un simple prolongement du modernisme classique<\/strong>.<br>Il en est <strong>l\u2019\u00e9volution politique contemporaine<\/strong>, fa\u00e7onn\u00e9e par les d\u00e9fis de la post-industrialisation, de la transition \u00e9cologique et de la crise d\u00e9mocratique.<\/p>\n","protected":false},"excerpt":{"rendered":"<p>En th\u00e9orie politique, le Mouvement Droite Moderniste (MDM) n\u2019est pas l\u2019incarnation absolue du modernisme (au sens philosophique ou historique du terme), mais il en repr\u00e9sente une expression politique contemporaine singuli\u00e8re. Voici une analyse structur\u00e9e 1. Le modernisme en th\u00e9orie politique : d\u00e9finition Le modernisme d\u00e9signe un courant intellectuel et politique n\u00e9 avec la modernit\u00e9, fond\u00e9 [&hellip;]<\/p>\n","protected":false},"author":1,"featured_media":0,"comment_status":"open","ping_status":"open","sticky":false,"template":"","format":"standard","meta":{"_monsterinsights_skip_tracking":false,"_uf_show_specific_survey":0,"_uf_disable_surveys":false,"footnotes":""},"categories":[43],"tags":[],"class_list":["post-2230","post","type-post","status-publish","format-standard","hentry","category-modernisme-politique"],"_links":{"self":[{"href":"https:\/\/droitemoderniste.be\/index.php\/wp-json\/wp\/v2\/posts\/2230","targetHints":{"allow":["GET"]}}],"collection":[{"href":"https:\/\/droitemoderniste.be\/index.php\/wp-json\/wp\/v2\/posts"}],"about":[{"href":"https:\/\/droitemoderniste.be\/index.php\/wp-json\/wp\/v2\/types\/post"}],"author":[{"embeddable":true,"href":"https:\/\/droitemoderniste.be\/index.php\/wp-json\/wp\/v2\/users\/1"}],"replies":[{"embeddable":true,"href":"https:\/\/droitemoderniste.be\/index.php\/wp-json\/wp\/v2\/comments?post=2230"}],"version-history":[{"count":1,"href":"https:\/\/droitemoderniste.be\/index.php\/wp-json\/wp\/v2\/posts\/2230\/revisions"}],"predecessor-version":[{"id":2232,"href":"https:\/\/droitemoderniste.be\/index.php\/wp-json\/wp\/v2\/posts\/2230\/revisions\/2232"}],"wp:attachment":[{"href":"https:\/\/droitemoderniste.be\/index.php\/wp-json\/wp\/v2\/media?parent=2230"}],"wp:term":[{"taxonomy":"category","embeddable":true,"href":"https:\/\/droitemoderniste.be\/index.php\/wp-json\/wp\/v2\/categories?post=2230"},{"taxonomy":"post_tag","embeddable":true,"href":"https:\/\/droitemoderniste.be\/index.php\/wp-json\/wp\/v2\/tags?post=2230"}],"curies":[{"name":"wp","href":"https:\/\/api.w.org\/{rel}","templated":true}]}}