{"id":2216,"date":"2025-12-07T13:02:11","date_gmt":"2025-12-07T12:02:11","guid":{"rendered":"https:\/\/droitemoderniste.be\/?p=2216"},"modified":"2025-12-07T13:02:57","modified_gmt":"2025-12-07T12:02:57","slug":"la-singularite-du-mouvement-droite-moderniste","status":"publish","type":"post","link":"https:\/\/droitemoderniste.be\/index.php\/2025\/12\/07\/la-singularite-du-mouvement-droite-moderniste\/","title":{"rendered":"\u00ab\u00a0La singularit\u00e9 du Mouvement Droite Moderniste\u00a0\u00bb"},"content":{"rendered":"\n<figure class=\"wp-block-image size-full\"><img loading=\"lazy\" decoding=\"async\" width=\"216\" height=\"122\" src=\"https:\/\/droitemoderniste.be\/wp-content\/uploads\/2025\/12\/cote-belge.webp\" alt=\"\" class=\"wp-image-2217\"\/><\/figure>\n\n\n\n<p class=\"wp-block-paragraph\">Belges,<br>Chers amis,<br>Chers b\u00e2tisseurs d\u2019avenir,<\/p>\n\n\n\n<p class=\"wp-block-paragraph\">Aujourd\u2019hui, je veux vous parler d\u2019un projet politique qui n\u2019est ni une simple nuance dans le paysage existant, ni une copie des formations traditionnelles.<br>Je veux vous parler d\u2019un mouvement qui ne na\u00eet pas d\u2019un rejet, mais d\u2019une <strong>ambition<\/strong>.<br>Un mouvement qui ne parle pas de peur, mais de <strong>progr\u00e8s<\/strong>.<br>Un mouvement qui refuse d\u2019\u00eatre prisonnier de la gauche ou de la droite, telles qu\u2019on les conna\u00eet.<\/p>\n\n\n\n<p class=\"wp-block-paragraph\">Ce mouvement, c\u2019est le <strong><mark style=\"background-color:rgba(0, 0, 0, 0);color:#ff6900\" class=\"has-inline-color\">Mouvement Droite Moderniste<\/mark><\/strong>, le <mark style=\"background-color:rgba(0, 0, 0, 0);color:#ff6900\" class=\"has-inline-color\">MDM<\/mark>.<\/p>\n\n\n\n<hr class=\"wp-block-separator has-alpha-channel-opacity\"\/>\n\n\n\n<p class=\"wp-block-paragraph\"><strong>Un projet n\u00e9 d\u2019un constat simple : la Belgique a besoin d\u2019un parti qui r\u00e9concilie pass\u00e9 et avenir.<\/strong><\/p>\n\n\n\n<p class=\"wp-block-paragraph\">Pendant trop longtemps, notre pays a \u00e9t\u00e9 divis\u00e9 entre :<\/p>\n\n\n\n<ul class=\"wp-block-list\">\n<li>ceux qui regardent en arri\u00e8re en agitant les traditions,<\/li>\n\n\n\n<li>et ceux qui regardent vers l\u2019avant en oubliant nos racines.<\/li>\n<\/ul>\n\n\n\n<p class=\"wp-block-paragraph\">Le <mark style=\"background-color:rgba(0, 0, 0, 0);color:#ff6900\" class=\"has-inline-color\">MDM<\/mark> refuse ce faux choix.<\/p>\n\n\n\n<p class=\"wp-block-paragraph\">Nous affirmons que <strong>l\u2019avenir se construit \u00e0 partir de ce que nous sommes<\/strong>, que le progr\u00e8s ne peut s\u2019enraciner que dans une identit\u00e9 assum\u00e9e, sereine, inclusive.<br>C\u2019est pourquoi notre slogan est clair :<br><strong>\u00ab Racines fortes, regard neuf \u00bb.<\/strong><\/p>\n\n\n\n<hr class=\"wp-block-separator has-alpha-channel-opacity\"\/>\n\n\n\n<p class=\"wp-block-paragraph\"><strong>Un patriotisme civique assum\u00e9 et moderne<\/strong><\/p>\n\n\n\n<p class=\"wp-block-paragraph\">Le <mark style=\"background-color:rgba(0, 0, 0, 0);color:#ff6900\" class=\"has-inline-color\">MDM<\/mark> n\u2019est ni nationaliste, ni nostalgique.<br>Nous sommes patriotes <strong>par responsabilit\u00e9<\/strong> : nous croyons que le pays a besoin de coh\u00e9sion, de stabilit\u00e9, de confiance.<br>Nous voulons <strong>renforcer la Nation belge<\/strong> non par exclusion, mais par <strong>adh\u00e9sion<\/strong>, en valorisant ce qui nous unit : notre culture, notre m\u00e9rite, notre d\u00e9mocratie, notre cr\u00e9ativit\u00e9.<\/p>\n\n\n\n<hr class=\"wp-block-separator has-alpha-channel-opacity\"\/>\n\n\n\n<p class=\"wp-block-paragraph\"><strong>Une droite moderne, \u00e9thique et optimiste<\/strong><\/p>\n\n\n\n<p class=\"wp-block-paragraph\">Le <mark style=\"background-color:rgba(0, 0, 0, 0);color:#ff6900\" class=\"has-inline-color\">MDM<\/mark> n\u2019est pas la droite classique :<\/p>\n\n\n\n<ul class=\"wp-block-list\">\n<li>Nous croyons au march\u00e9, mais <strong>pas au laisser-faire<\/strong>.<\/li>\n\n\n\n<li>Nous d\u00e9fendons la libert\u00e9, mais <strong>pas l\u2019individualisme sans limites<\/strong>.<\/li>\n\n\n\n<li>Nous voulons l\u2019innovation, mais <strong>pas le progr\u00e8s sans conscience<\/strong>.<\/li>\n<\/ul>\n\n\n\n<p class=\"wp-block-paragraph\">Notre approche se fonde sur quatre piliers in\u00e9dits dans le paysage belge :<\/p>\n\n\n\n<ul class=\"wp-block-list\">\n<li><strong>Dirigisme mod\u00e9r\u00e9<\/strong> : l\u2019\u00c9tat strat\u00e8ge, pas l\u2019\u00c9tat tuteur.<\/li>\n\n\n\n<li><strong>Personnalisme \u00e9clair\u00e9<\/strong> : placer la personne au centre, pas le consommateur.<\/li>\n\n\n\n<li><strong>Protectionnisme raisonn\u00e9<\/strong> : prot\u00e9ger nos secteurs vitaux sans fermer le pays.<\/li>\n\n\n\n<li><strong>Souverainisme \u00e9clair\u00e9<\/strong> : d\u00e9fendre nos int\u00e9r\u00eats tout en restant pleinement europ\u00e9ens.<\/li>\n<\/ul>\n\n\n\n<p class=\"wp-block-paragraph\">Cette combinaison, unique en Belgique, forme ce que nous appelons la <strong>droite moderniste<\/strong>.<\/p>\n\n\n\n<hr class=\"wp-block-separator has-alpha-channel-opacity\"\/>\n\n\n\n<p class=\"wp-block-paragraph\"><strong>Un environnementalisme optimiste, pas punitif<\/strong><\/p>\n\n\n\n<p class=\"wp-block-paragraph\">L\u00e0 o\u00f9 certains partis pr\u00f4nent la d\u00e9croissance et la culpabilisation, nous choisissons <strong>l\u2019innovation<\/strong>, l\u2019ing\u00e9niosit\u00e9, la responsabilit\u00e9.<br>Nous croyons que la technologie est une alli\u00e9e, que la transition \u00e9cologique doit \u00eatre un moteur de croissance, pas un frein, et que la plan\u00e8te se prot\u00e8ge par <strong>l\u2019intelligence<\/strong>, pas par &nbsp;l\u2019aust\u00e9rit\u00e9.<\/p>\n\n\n\n<hr class=\"wp-block-separator has-alpha-channel-opacity\"\/>\n\n\n\n<p class=\"wp-block-paragraph\"><strong>Un animalisme responsable et cr\u00e9dible<\/strong><\/p>\n\n\n\n<p class=\"wp-block-paragraph\">Le <mark style=\"background-color:rgba(0, 0, 0, 0);color:#ff6900\" class=\"has-inline-color\">MDM<\/mark> est le seul mouvement de droite en Belgique qui assume pleinement la d\u00e9fense du bien-\u00eatre animal comme une <strong>exigence \u00e9thique<\/strong>.<br>Parce qu\u2019une soci\u00e9t\u00e9 civilis\u00e9e se juge \u00e0 la mani\u00e8re dont elle traite les plus vuln\u00e9rables, humains comme animaux.<\/p>\n\n\n\n<hr class=\"wp-block-separator has-alpha-channel-opacity\"\/>\n\n\n\n<p class=\"wp-block-paragraph\"><strong>Un d\u00e9simmigrationnisme rationnel, humain et ferme<\/strong><\/p>\n\n\n\n<p class=\"wp-block-paragraph\">Nous refusons les caricatures :<\/p>\n\n\n\n<ul class=\"wp-block-list\">\n<li>d\u2019un c\u00f4t\u00e9, ceux qui veulent ouvrir toutes les fronti\u00e8res ;<\/li>\n\n\n\n<li>de l\u2019autre, ceux qui veulent les fermer.<\/li>\n<\/ul>\n\n\n\n<p class=\"wp-block-paragraph\">Le <mark style=\"background-color:rgba(0, 0, 0, 0);color:#ff6900\" class=\"has-inline-color\">MDM<\/mark> propose une voie nouvelle :<br><strong>Ma\u00eetriser, s\u00e9lectionner, int\u00e9grer<\/strong> \u2014 mais jamais subir.<br>Une politique migratoire qui sert l\u2019\u00e9conomie, prot\u00e8ge la coh\u00e9sion sociale et respecte la dignit\u00e9 humaine.<\/p>\n\n\n\n<hr class=\"wp-block-separator has-alpha-channel-opacity\"\/>\n\n\n\n<p class=\"wp-block-paragraph\"><strong>Un justicialisme : la justice comme pilier du progr\u00e8s<\/strong><\/p>\n\n\n\n<p class=\"wp-block-paragraph\">Nous voulons une justice plus rapide, plus efficace, plus humaine, plus restauratrice.<br>Parce que la s\u00e9curit\u00e9 n\u2019est pas un luxe, c\u2019est un droit.<br>Parce que la justice n\u2019est pas une proc\u00e9dure, c\u2019est un <strong>pilier de civilisation<\/strong>.<\/p>\n\n\n\n<hr class=\"wp-block-separator has-alpha-channel-opacity\"\/>\n\n\n\n<p class=\"wp-block-paragraph\"><strong>Un parti d\u00e9mocrate, sereinement la\u00efc et r\u00e9solument europ\u00e9en<\/strong><\/p>\n\n\n\n<p class=\"wp-block-paragraph\">Le <mark style=\"background-color:rgba(0, 0, 0, 0);color:#ff6900\" class=\"has-inline-color\">MDM<\/mark> est profond\u00e9ment attach\u00e9 :<\/p>\n\n\n\n<ul class=\"wp-block-list\">\n<li>au d\u00e9bat,<\/li>\n\n\n\n<li>\u00e0 la s\u00e9paration des pouvoirs,<\/li>\n\n\n\n<li>\u00e0 la libert\u00e9 de conscience,<\/li>\n\n\n\n<li>\u00e0 l\u2019Union europ\u00e9enne,<\/li>\n\n\n\n<li>et \u00e0 notre place dans le monde occidental.<\/li>\n<\/ul>\n\n\n\n<p class=\"wp-block-paragraph\">Mais nous d\u00e9fendons une Europe r\u00e9aliste, souveraine, protectrice : pas une Europe na\u00efve ou administrative.<\/p>\n\n\n\n<hr class=\"wp-block-separator has-alpha-channel-opacity\"\/>\n\n\n\n<p class=\"wp-block-paragraph\"><strong>Ce que le <mark style=\"background-color:rgba(0, 0, 0, 0);color:#ff6900\" class=\"has-inline-color\">MDM <\/mark>change r\u00e9ellement dans la vie politique belge<\/strong><\/p>\n\n\n\n<p class=\"wp-block-paragraph\">Le <mark style=\"background-color:rgba(0, 0, 0, 0);color:#ff6900\" class=\"has-inline-color\">MDM<\/mark> n\u2019imite aucun parti.<br>Il comble un vide.<br>Il cr\u00e9e un espace politique qui n\u2019existait pas :<br><strong>une droite r\u00e9formiste, progressiste, patriotique, technologique et sociale.<\/strong><\/p>\n\n\n\n<p class=\"wp-block-paragraph\">L\u00e0 o\u00f9 d\u2019autres proposent les vieilles recettes, le<mark style=\"background-color:rgba(0, 0, 0, 0);color:#ff6900\" class=\"has-inline-color\"> MDM<\/mark> propose :<\/p>\n\n\n\n<ul class=\"wp-block-list\">\n<li>une <strong>Belgique plus forte<\/strong>,<\/li>\n\n\n\n<li>une <strong>taille d\u2019\u00c9tat plus intelligente<\/strong>,<\/li>\n\n\n\n<li>une <strong>transition \u00e9nerg\u00e9tique cr\u00e9ative<\/strong>,<\/li>\n\n\n\n<li>une <strong>\u00e9conomie lib\u00e9rale mais encadr\u00e9e<\/strong>,<\/li>\n\n\n\n<li>une <strong>justice r\u00e9nov\u00e9e<\/strong>,<\/li>\n\n\n\n<li>une <strong>immigration ma\u00eetris\u00e9e<\/strong>,<\/li>\n\n\n\n<li>une <strong>vision civilisationnelle sereine<\/strong>.<\/li>\n<\/ul>\n\n\n\n<hr class=\"wp-block-separator has-alpha-channel-opacity\"\/>\n\n\n\n<p class=\"wp-block-paragraph\"><strong>Pourquoi sommes-nous uniques ?<\/strong><\/p>\n\n\n\n<p class=\"wp-block-paragraph\">Parce que le <mark style=\"background-color:rgba(0, 0, 0, 0);color:#ff6900\" class=\"has-inline-color\">MDM<\/mark> refuse :<\/p>\n\n\n\n<ul class=\"wp-block-list\">\n<li>d\u2019\u00eatre nostalgique ;<\/li>\n\n\n\n<li>d\u2019\u00eatre dogmatique ;<\/li>\n\n\n\n<li>de choisir entre social et \u00e9conomique ;<\/li>\n\n\n\n<li>de choisir entre \u00e9cologie et prosp\u00e9rit\u00e9 ;<\/li>\n\n\n\n<li>de choisir entre Europe et souverainet\u00e9.<\/li>\n<\/ul>\n\n\n\n<p class=\"wp-block-paragraph\">Le <mark style=\"background-color:rgba(0, 0, 0, 0);color:#ff6900\" class=\"has-inline-color\">MDM<\/mark> est le parti de la <strong>synth\u00e8se intelligente<\/strong>.<br>De l\u2019<strong>\u00e9quilibre f\u00e9cond<\/strong>.<br>Du <strong>progr\u00e8s enracin\u00e9<\/strong>.<\/p>\n\n\n\n<p class=\"wp-block-paragraph\">C\u2019est cela, la singularit\u00e9 du <mark style=\"background-color:rgba(0, 0, 0, 0);color:#ff6900\" class=\"has-inline-color\">Mouvement Droite Moderniste<\/mark>.<\/p>\n\n\n\n<hr class=\"wp-block-separator has-alpha-channel-opacity\"\/>\n\n\n\n<p class=\"wp-block-paragraph\"><strong>Conclusion : \u201cL\u2019audace d\u2019une droite moderne\u201d<\/strong><\/p>\n\n\n\n<p class=\"wp-block-paragraph\">Nous ne venons pas pour commenter le monde.<br>Nous venons pour le transformer.<br>Pour prouver que la droite peut \u00eatre :<\/p>\n\n\n\n<ul class=\"wp-block-list\">\n<li>moderne,<\/li>\n\n\n\n<li>humaniste,<\/li>\n\n\n\n<li>\u00e9cologique,<\/li>\n\n\n\n<li>sociale,<\/li>\n\n\n\n<li>souveraine,<\/li>\n\n\n\n<li>visionnaire.<\/li>\n<\/ul>\n\n\n\n<p class=\"wp-block-paragraph\">Pour prouver que le progr\u00e8s n\u2019appartient \u00e0 aucun camp.<br><\/p>\n","protected":false},"excerpt":{"rendered":"<p>Belges,Chers amis,Chers b\u00e2tisseurs d\u2019avenir, Aujourd\u2019hui, je veux vous parler d\u2019un projet politique qui n\u2019est ni une simple nuance dans le paysage existant, ni une copie des formations traditionnelles.Je veux vous parler d\u2019un mouvement qui ne na\u00eet pas d\u2019un rejet, mais d\u2019une ambition.Un mouvement qui ne parle pas de peur, mais de progr\u00e8s.Un mouvement qui refuse [&hellip;]<\/p>\n","protected":false},"author":1,"featured_media":0,"comment_status":"open","ping_status":"open","sticky":false,"template":"","format":"standard","meta":{"_monsterinsights_skip_tracking":false,"_uf_show_specific_survey":0,"_uf_disable_surveys":false,"footnotes":""},"categories":[42],"tags":[],"class_list":["post-2216","post","type-post","status-publish","format-standard","hentry","category-discours"],"_links":{"self":[{"href":"https:\/\/droitemoderniste.be\/index.php\/wp-json\/wp\/v2\/posts\/2216","targetHints":{"allow":["GET"]}}],"collection":[{"href":"https:\/\/droitemoderniste.be\/index.php\/wp-json\/wp\/v2\/posts"}],"about":[{"href":"https:\/\/droitemoderniste.be\/index.php\/wp-json\/wp\/v2\/types\/post"}],"author":[{"embeddable":true,"href":"https:\/\/droitemoderniste.be\/index.php\/wp-json\/wp\/v2\/users\/1"}],"replies":[{"embeddable":true,"href":"https:\/\/droitemoderniste.be\/index.php\/wp-json\/wp\/v2\/comments?post=2216"}],"version-history":[{"count":2,"href":"https:\/\/droitemoderniste.be\/index.php\/wp-json\/wp\/v2\/posts\/2216\/revisions"}],"predecessor-version":[{"id":2219,"href":"https:\/\/droitemoderniste.be\/index.php\/wp-json\/wp\/v2\/posts\/2216\/revisions\/2219"}],"wp:attachment":[{"href":"https:\/\/droitemoderniste.be\/index.php\/wp-json\/wp\/v2\/media?parent=2216"}],"wp:term":[{"taxonomy":"category","embeddable":true,"href":"https:\/\/droitemoderniste.be\/index.php\/wp-json\/wp\/v2\/categories?post=2216"},{"taxonomy":"post_tag","embeddable":true,"href":"https:\/\/droitemoderniste.be\/index.php\/wp-json\/wp\/v2\/tags?post=2216"}],"curies":[{"name":"wp","href":"https:\/\/api.w.org\/{rel}","templated":true}]}}