{"id":2192,"date":"2025-12-06T14:35:14","date_gmt":"2025-12-06T13:35:14","guid":{"rendered":"https:\/\/droitemoderniste.be\/?p=2192"},"modified":"2025-12-06T14:35:14","modified_gmt":"2025-12-06T13:35:14","slug":"politique-moderniste-du-mdm-sur-lavortement","status":"publish","type":"post","link":"https:\/\/droitemoderniste.be\/index.php\/2025\/12\/06\/politique-moderniste-du-mdm-sur-lavortement\/","title":{"rendered":"Politique moderniste du MDM sur l&rsquo;avortement"},"content":{"rendered":"\n<figure class=\"wp-block-image size-full\"><img loading=\"lazy\" decoding=\"async\" width=\"300\" height=\"168\" src=\"https:\/\/droitemoderniste.be\/wp-content\/uploads\/2025\/12\/avortement2.jpg\" alt=\"\" class=\"wp-image-2193\"\/><\/figure>\n\n\n\n<p class=\"wp-block-paragraph\">Le <mark style=\"background-color:rgba(0, 0, 0, 0);color:#ff6900\" class=\"has-inline-color\">Mouvement Droite Moderniste (MDM)<\/mark> adopte une position <strong>humaniste, pragmatique et scientifiquement inform\u00e9e<\/strong>, qui vise \u00e0 <strong>r\u00e9duire le nombre d\u2019avortements sans jamais remettre en cause la libert\u00e9 des femmes<\/strong>.<br>L\u2019objectif : <strong>prot\u00e9ger l\u2019autonomie personnelle<\/strong>, tout en affirmant un <strong>respect progressif de la vie humaine<\/strong>.<\/p>\n\n\n\n<hr class=\"wp-block-separator has-alpha-channel-opacity\"\/>\n\n\n\n<h6 class=\"wp-block-heading\"><strong>1. Libert\u00e9 garantie, sans culpabilisation<\/strong><\/h6>\n\n\n\n<p class=\"wp-block-paragraph\">Le <mark style=\"background-color:rgba(0, 0, 0, 0);color:#ff6900\" class=\"has-inline-color\">MDM<\/mark> r\u00e9affirme le droit des femmes \u00e0 l\u2019interruption volontaire de grossesse dans les conditions pr\u00e9vues par la loi belge.<br>Aucune restriction suppl\u00e9mentaire n\u2019est envisag\u00e9e ; au contraire, le mouvement souhaite :<\/p>\n\n\n\n<ul class=\"wp-block-list\">\n<li>prot\u00e9ger l\u2019acc\u00e8s aux centres de planning familial ;<\/li>\n\n\n\n<li>garantir une information claire, non stigmatisante ;<\/li>\n\n\n\n<li>assurer un accompagnement compassionnel et non id\u00e9ologique.<\/li>\n<\/ul>\n\n\n\n<p class=\"wp-block-paragraph\">Le <mark style=\"background-color:rgba(0, 0, 0, 0);color:#ff6900\" class=\"has-inline-color\">MDM<\/mark> soutient une approche <strong>non moralisatrice<\/strong> : la d\u00e9cision appartient \u00e0 la femme, point.<\/p>\n\n\n\n<hr class=\"wp-block-separator has-alpha-channel-opacity\"\/>\n\n\n\n<h6 class=\"wp-block-heading\"><strong>2. Un mod\u00e8le moderniste : \u201cpr\u00e9vention intelligente, libert\u00e9 pr\u00e9serv\u00e9e\u201d<\/strong><\/h6>\n\n\n\n<p class=\"wp-block-paragraph\">R\u00e9duire le nombre d\u2019avortements passe par une politique globale, non par la contrainte.<\/p>\n\n\n\n<h6 class=\"wp-block-heading\"><strong>a. \u00c9ducation sexuelle modernis\u00e9e<\/strong><\/h6>\n\n\n\n<ul class=\"wp-block-list\">\n<li>Approche factuelle, non militante, adapt\u00e9e \u00e0 chaque tranche d\u2019\u00e2ge.<\/li>\n\n\n\n<li>Modules sur la contraception, le consentement, la relation \u00e0 soi, la maturit\u00e9 affective.<\/li>\n<\/ul>\n\n\n\n<h6 class=\"wp-block-heading\"><strong>b. Contraception renforc\u00e9e<\/strong><\/h6>\n\n\n\n<ul class=\"wp-block-list\">\n<li>Remboursement int\u00e9gral des contraceptifs les plus efficaces pour les moins de 30 ans.<\/li>\n\n\n\n<li>Promotion d\u2019innovations contraceptives masculines.<\/li>\n<\/ul>\n\n\n\n<h6 class=\"wp-block-heading\"><strong>c. Consultation pr\u00e9-IVG modernis\u00e9e<\/strong><\/h6>\n\n\n\n<p class=\"wp-block-paragraph\">Un entretien obligatoire, mais non culpabilisant, centr\u00e9 sur :<\/p>\n\n\n\n<ul class=\"wp-block-list\">\n<li>l\u2019information m\u00e9dicale ;<\/li>\n\n\n\n<li>l\u2019accompagnement \u00e9motionnel ;<\/li>\n\n\n\n<li>les options de soutien social (logement, aides financi\u00e8res, alternatives).<\/li>\n<\/ul>\n\n\n\n<hr class=\"wp-block-separator has-alpha-channel-opacity\"\/>\n\n\n\n<h6 class=\"wp-block-heading\"><strong>3. Une \u00e9thique moderniste : respect progressif de la vie<\/strong><\/h6>\n\n\n\n<p class=\"wp-block-paragraph\">Sans nier la libert\u00e9 de choix, le <mark style=\"background-color:rgba(0, 0, 0, 0);color:#ff6900\" class=\"has-inline-color\">MDM<\/mark> adopte une vision moderniste o\u00f9 :<\/p>\n\n\n\n<ul class=\"wp-block-list\">\n<li><strong>le respect de la vie humaine augmente progressivement avec le stade de d\u00e9veloppement du f\u0153tus<\/strong> ;<\/li>\n\n\n\n<li>l\u2019\u00c9tat promeut des solutions qui permettent d\u2019\u00e9viter les IVG tardives.<\/li>\n<\/ul>\n\n\n\n<h6 class=\"wp-block-heading\">Propositions :<\/h6>\n\n\n\n<ul class=\"wp-block-list\">\n<li>Rendre l\u2019acc\u00e8s \u00e0 l\u2019IVG pr\u00e9coce plus rapide et mieux organis\u00e9.<\/li>\n\n\n\n<li>D\u00e9velopper un syst\u00e8me d\u2019\u201calerte prioritaire\u201d en cas de d\u00e9cision tardive pour \u00e9viter les d\u00e9passements de d\u00e9lai.<\/li>\n<\/ul>\n\n\n\n<hr class=\"wp-block-separator has-alpha-channel-opacity\"\/>\n\n\n\n<h6 class=\"wp-block-heading\"><strong>4. Soutien social : ne pas laisser les femmes seules<\/strong><\/h6>\n\n\n\n<p class=\"wp-block-paragraph\">Le <mark style=\"background-color:rgba(0, 0, 0, 0);color:#ff6900\" class=\"has-inline-color\">MDM<\/mark> veut traiter les causes sociales qui conduisent \u00e0 l\u2019avortement :<\/p>\n\n\n\n<ul class=\"wp-block-list\">\n<li>Aides d\u2019urgence pour les femmes en difficult\u00e9 mat\u00e9rielle.<\/li>\n\n\n\n<li>Facilitation du logement temporaire.<\/li>\n\n\n\n<li>Soutien aux \u00e9tudes ou \u00e0 l\u2019emploi en cas de grossesse.<\/li>\n\n\n\n<li>Programme \u201cAucune femme seule\u201d avec accompagnement psychologique gratuit.<\/li>\n<\/ul>\n\n\n\n<hr class=\"wp-block-separator has-alpha-channel-opacity\"\/>\n\n\n\n<h6 class=\"wp-block-heading\"><strong>5. Recherche, science et nouvelles possibilit\u00e9s<\/strong><\/h6>\n\n\n\n<p class=\"wp-block-paragraph\">Une droite moderniste assume la place de la science dans les d\u00e9cisions \u00e9thiques.<\/p>\n\n\n\n<h6 class=\"wp-block-heading\">Le <mark style=\"background-color:rgba(0, 0, 0, 0);color:#ff6900\" class=\"has-inline-color\">MDM<\/mark> soutient :<\/h6>\n\n\n\n<ul class=\"wp-block-list\">\n<li>la recherche sur les alternatives contraceptives innovantes ;<\/li>\n\n\n\n<li>les \u00e9tudes sur le d\u00e9veloppement embryonnaire pour mieux \u00e9clairer le d\u00e9bat \u00e9thique ;<\/li>\n\n\n\n<li>les technologies permettant de r\u00e9duire les IVG tardives (d\u00e9pistage plus pr\u00e9coce, t\u00e9l\u00e9m\u00e9decine encadr\u00e9e).<\/li>\n<\/ul>\n\n\n\n<hr class=\"wp-block-separator has-alpha-channel-opacity\"\/>\n\n\n\n<h6 class=\"wp-block-heading\"><strong>6. Clause de conscience \u00e9quilibr\u00e9e<\/strong><\/h6>\n\n\n\n<ul class=\"wp-block-list\">\n<li>Maintien de la clause de conscience individuelle.<\/li>\n\n\n\n<li>Obligation stricte de r\u00e9orientation rapide vers un praticien disponible.<\/li>\n<\/ul>\n\n\n\n<hr class=\"wp-block-separator has-alpha-channel-opacity\"\/>\n\n\n\n<h6 class=\"wp-block-heading\"><strong>Synth\u00e8se : la ligne moderniste du <mark style=\"background-color:rgba(0, 0, 0, 0);color:#ff6900\" class=\"has-inline-color\">MDM<\/mark><\/strong><\/h6>\n\n\n\n<p class=\"wp-block-paragraph\"><strong>Un mod\u00e8le \u00e0 la fois lib\u00e9ral, \u00e9thique et social :<\/strong><\/p>\n\n\n\n<p class=\"wp-block-paragraph\">\u2714 droit des femmes r\u00e9affirm\u00e9<br>\u2714 pr\u00e9vention intelligente plut\u00f4t que contrainte<br>\u2714 soutien social afin que la libert\u00e9 ne soit jamais subie<br>\u2714 respect progressif de la vie humaine<br>\u2714 confiance dans la science<br>\u2714 accompagnement empathique<br>\u2714 d\u00e9dramatisation de la question<br>\u2714 r\u00e9duction pragmatique des IVG tardives<\/p>\n","protected":false},"excerpt":{"rendered":"<p>Le Mouvement Droite Moderniste (MDM) adopte une position humaniste, pragmatique et scientifiquement inform\u00e9e, qui vise \u00e0 r\u00e9duire le nombre d\u2019avortements sans jamais remettre en cause la libert\u00e9 des femmes.L\u2019objectif : prot\u00e9ger l\u2019autonomie personnelle, tout en affirmant un respect progressif de la vie humaine. 1. Libert\u00e9 garantie, sans culpabilisation Le MDM r\u00e9affirme le droit des femmes [&hellip;]<\/p>\n","protected":false},"author":1,"featured_media":0,"comment_status":"open","ping_status":"open","sticky":false,"template":"","format":"standard","meta":{"_monsterinsights_skip_tracking":false,"_uf_show_specific_survey":0,"_uf_disable_surveys":false,"footnotes":""},"categories":[1],"tags":[],"class_list":["post-2192","post","type-post","status-publish","format-standard","hentry","category-immigration"],"_links":{"self":[{"href":"https:\/\/droitemoderniste.be\/index.php\/wp-json\/wp\/v2\/posts\/2192","targetHints":{"allow":["GET"]}}],"collection":[{"href":"https:\/\/droitemoderniste.be\/index.php\/wp-json\/wp\/v2\/posts"}],"about":[{"href":"https:\/\/droitemoderniste.be\/index.php\/wp-json\/wp\/v2\/types\/post"}],"author":[{"embeddable":true,"href":"https:\/\/droitemoderniste.be\/index.php\/wp-json\/wp\/v2\/users\/1"}],"replies":[{"embeddable":true,"href":"https:\/\/droitemoderniste.be\/index.php\/wp-json\/wp\/v2\/comments?post=2192"}],"version-history":[{"count":1,"href":"https:\/\/droitemoderniste.be\/index.php\/wp-json\/wp\/v2\/posts\/2192\/revisions"}],"predecessor-version":[{"id":2194,"href":"https:\/\/droitemoderniste.be\/index.php\/wp-json\/wp\/v2\/posts\/2192\/revisions\/2194"}],"wp:attachment":[{"href":"https:\/\/droitemoderniste.be\/index.php\/wp-json\/wp\/v2\/media?parent=2192"}],"wp:term":[{"taxonomy":"category","embeddable":true,"href":"https:\/\/droitemoderniste.be\/index.php\/wp-json\/wp\/v2\/categories?post=2192"},{"taxonomy":"post_tag","embeddable":true,"href":"https:\/\/droitemoderniste.be\/index.php\/wp-json\/wp\/v2\/tags?post=2192"}],"curies":[{"name":"wp","href":"https:\/\/api.w.org\/{rel}","templated":true}]}}