{"id":2185,"date":"2025-12-06T10:18:07","date_gmt":"2025-12-06T09:18:07","guid":{"rendered":"https:\/\/droitemoderniste.be\/?p=2185"},"modified":"2025-12-06T10:18:07","modified_gmt":"2025-12-06T09:18:07","slug":"le-mdm-pourrait-attirer-une-partie-des-electeurs-chretiens","status":"publish","type":"post","link":"https:\/\/droitemoderniste.be\/index.php\/2025\/12\/06\/le-mdm-pourrait-attirer-une-partie-des-electeurs-chretiens\/","title":{"rendered":"Le MDM pourrait attirer une partie des \u00e9lecteurs chr\u00e9tiens"},"content":{"rendered":"\n<figure class=\"wp-block-image size-full\"><img loading=\"lazy\" decoding=\"async\" width=\"319\" height=\"158\" src=\"https:\/\/droitemoderniste.be\/wp-content\/uploads\/2025\/12\/catholicisme.jpg\" alt=\"\" class=\"wp-image-2186\" srcset=\"https:\/\/droitemoderniste.be\/wp-content\/uploads\/2025\/12\/catholicisme.jpg 319w, https:\/\/droitemoderniste.be\/wp-content\/uploads\/2025\/12\/catholicisme-300x149.jpg 300w\" sizes=\"auto, (max-width: 319px) 100vw, 319px\" \/><\/figure>\n\n\n\n<p class=\"wp-block-paragraph\">Voici une analyse nuanc\u00e9e :<\/p>\n\n\n\n<hr class=\"wp-block-separator has-alpha-channel-opacity\"\/>\n\n\n\n<h5 class=\"wp-block-heading\"><strong>Ce qui pourrait s\u00e9duire des \u00e9lecteurs chr\u00e9tiens<\/strong><\/h5>\n\n\n\n<p class=\"wp-block-paragraph\">Certains axes du <mark style=\"background-color:rgba(0, 0, 0, 0);color:#ff6900\" class=\"has-inline-color\">MDM<\/mark> sont <strong>compatibles avec la sensibilit\u00e9 d\u2019un \u00e9lectorat chr\u00e9tien belge<\/strong>, en particulier celui qui cherche une alternative au CD&amp;V ou au cdH\/Les Engag\u00e9s :<\/p>\n\n\n\n<h6 class=\"wp-block-heading\"><strong>1. Le \u201cspiritualisme la\u00efc\u201d<\/strong><\/h6>\n\n\n\n<ul class=\"wp-block-list\">\n<li>Cette notion peut plaire aux croyants qui souhaitent que la spiritualit\u00e9 (chr\u00e9tienne incluse) soit <strong>valoris\u00e9e culturellement<\/strong>, sans imposer une politique religieuse.<\/li>\n\n\n\n<li>Cela permet une reconnaissance de la dimension morale et anthropologique du christianisme.<\/li>\n<\/ul>\n\n\n\n<h6 class=\"wp-block-heading\"><strong>2. Le \u201cpatriotisme civique\u201d<\/strong><\/h6>\n\n\n\n<ul class=\"wp-block-list\">\n<li>Beaucoup de chr\u00e9tiens belges (surtout flamands et ruraux) restent attach\u00e9s aux valeurs de communaut\u00e9, de solidarit\u00e9 locale, de patrimoine.<\/li>\n\n\n\n<li>Le patriotisme civique non-identitaire peut leur parler.<\/li>\n<\/ul>\n\n\n\n<h6 class=\"wp-block-heading\"><strong>3. Le \u201cpersonnalisme \u00e9clair\u00e9\u201d<\/strong><\/h6>\n\n\n\n<ul class=\"wp-block-list\">\n<li>Cette valeur est <strong>directement h\u00e9rit\u00e9e du personnalisme chr\u00e9tien<\/strong> (Emmanuel Mounier, Jacques Maritain), qui place la dignit\u00e9 de la personne au centre.<\/li>\n\n\n\n<li>C\u2019est un pont id\u00e9ologique naturel.<\/li>\n<\/ul>\n\n\n\n<h6 class=\"wp-block-heading\"><strong>4. L&rsquo;accent sur la justice sociale (\u201cjusticialisme\u201d)<\/strong><\/h6>\n\n\n\n<ul class=\"wp-block-list\">\n<li>Les mouvements chr\u00e9tiens-d\u00e9mocrates historiques se sont construits autour de la dignit\u00e9 humaine, de la mod\u00e9ration et de la solidarit\u00e9.<\/li>\n\n\n\n<li>Le <mark style=\"background-color:rgba(0, 0, 0, 0);color:#ff6900\" class=\"has-inline-color\">MDM<\/mark> pourrait attirer les chr\u00e9tiens sensibles \u00e0 une justice sociale non marxiste.<\/li>\n<\/ul>\n\n\n\n<h6 class=\"wp-block-heading\"><strong>5. \u201cSybaritisme \u00e9thique\u201d<\/strong><\/h6>\n\n\n\n<ul class=\"wp-block-list\">\n<li>Un appel \u00e0 une vie bonne, \u00e9quilibr\u00e9e, responsable : un discours \u00e9thique qui peut toucher un \u00e9lectorat chr\u00e9tien moderne.<\/li>\n<\/ul>\n\n\n\n<hr class=\"wp-block-separator has-alpha-channel-opacity\"\/>\n\n\n\n<h5 class=\"wp-block-heading\"><strong>Ce qui pourrait freiner une partie de cet \u00e9lectorat<\/strong><\/h5>\n\n\n\n<h6 class=\"wp-block-heading\"><strong>1. Le \u201cmodernisme soci\u00e9tal\u201d<\/strong><\/h6>\n\n\n\n<ul class=\"wp-block-list\">\n<li>Selon comment il est formul\u00e9, cela peut \u00eatre per\u00e7u comme trop progressiste par un \u00e9lectorat chr\u00e9tien conservateur.<\/li>\n\n\n\n<li>Le positionnement devra \u00eatre clair : modernit\u00e9 <strong>sans hostilit\u00e9 envers la tradition chr\u00e9tienne<\/strong>.<\/li>\n<\/ul>\n\n\n\n<h6 class=\"wp-block-heading\"><strong>2. Le \u201cd\u00e9simmigrationnisme rationnel\u201d<\/strong><\/h6>\n\n\n\n<ul class=\"wp-block-list\">\n<li>Certains chr\u00e9tiens tr\u00e8s engag\u00e9s dans l\u2019accueil ou le social pourraient s\u2019en distancier.<\/li>\n\n\n\n<li>D\u2019autres (surtout plus \u00e2g\u00e9s ou ruraux) pourraient au contraire le trouver rassurant : cela d\u00e9pendra du ton.<\/li>\n<\/ul>\n\n\n\n<h6 class=\"wp-block-heading\"><strong>3. Absence d\u2019un appel explicite aux valeurs chr\u00e9tiennes<\/strong><\/h6>\n\n\n\n<ul class=\"wp-block-list\">\n<li>Le <mark style=\"background-color:rgba(0, 0, 0, 0);color:#ff6900\" class=\"has-inline-color\">MDM<\/mark> se veut la\u00efc, donc il n\u2019a pas vocation \u00e0 \u00eatre un parti chr\u00e9tien.<\/li>\n\n\n\n<li>Il peut toutefois \u00eatre un parti <strong>accueillant pour les chr\u00e9tiens<\/strong>, sans \u00eatre un parti <strong>confessionnel<\/strong>.<\/li>\n<\/ul>\n\n\n\n<hr class=\"wp-block-separator has-alpha-channel-opacity\"\/>\n\n\n\n<h6 class=\"wp-block-heading\">Conclusion<\/h6>\n\n\n\n<p class=\"wp-block-paragraph\"><strong>Oui, le <mark style=\"background-color:rgba(0, 0, 0, 0);color:#ff6900\" class=\"has-inline-color\">MDM<\/mark> pourrait devenir un havre pour une partie des \u00e9lecteurs chr\u00e9tiens<\/strong>, notamment ceux :<\/p>\n\n\n\n<ul class=\"wp-block-list\">\n<li>d\u00e9\u00e7us par les partis traditionnels (CD&amp;V, Les Engag\u00e9s)<\/li>\n\n\n\n<li>attach\u00e9s \u00e0 une vision moderne mais enracin\u00e9e<\/li>\n\n\n\n<li>sensibles \u00e0 la justice sociale non-gauchiste<\/li>\n\n\n\n<li>int\u00e9ress\u00e9s par une spiritualit\u00e9 ouverte mais non impos\u00e9e<\/li>\n<\/ul>\n\n\n\n<p class=\"wp-block-paragraph\">Cependant, il n&rsquo;est pas un parti chr\u00e9tien :<br><strong>il est un parti la\u00efc mais compatible avec une sensibilit\u00e9 chr\u00e9tienne humaniste.<\/strong><\/p>\n\n\n\n<p class=\"wp-block-paragraph\"><\/p>\n","protected":false},"excerpt":{"rendered":"<p>Voici une analyse nuanc\u00e9e : Ce qui pourrait s\u00e9duire des \u00e9lecteurs chr\u00e9tiens Certains axes du MDM sont compatibles avec la sensibilit\u00e9 d\u2019un \u00e9lectorat chr\u00e9tien belge, en particulier celui qui cherche une alternative au CD&amp;V ou au cdH\/Les Engag\u00e9s : 1. Le \u201cspiritualisme la\u00efc\u201d 2. Le \u201cpatriotisme civique\u201d 3. Le \u201cpersonnalisme \u00e9clair\u00e9\u201d 4. L&rsquo;accent sur la [&hellip;]<\/p>\n","protected":false},"author":1,"featured_media":0,"comment_status":"open","ping_status":"open","sticky":false,"template":"","format":"standard","meta":{"_monsterinsights_skip_tracking":false,"_uf_show_specific_survey":0,"_uf_disable_surveys":false,"footnotes":""},"categories":[34,44],"tags":[],"class_list":["post-2185","post","type-post","status-publish","format-standard","hentry","category-mouvement-droite-moderniste","category-valeurs"],"_links":{"self":[{"href":"https:\/\/droitemoderniste.be\/index.php\/wp-json\/wp\/v2\/posts\/2185","targetHints":{"allow":["GET"]}}],"collection":[{"href":"https:\/\/droitemoderniste.be\/index.php\/wp-json\/wp\/v2\/posts"}],"about":[{"href":"https:\/\/droitemoderniste.be\/index.php\/wp-json\/wp\/v2\/types\/post"}],"author":[{"embeddable":true,"href":"https:\/\/droitemoderniste.be\/index.php\/wp-json\/wp\/v2\/users\/1"}],"replies":[{"embeddable":true,"href":"https:\/\/droitemoderniste.be\/index.php\/wp-json\/wp\/v2\/comments?post=2185"}],"version-history":[{"count":1,"href":"https:\/\/droitemoderniste.be\/index.php\/wp-json\/wp\/v2\/posts\/2185\/revisions"}],"predecessor-version":[{"id":2187,"href":"https:\/\/droitemoderniste.be\/index.php\/wp-json\/wp\/v2\/posts\/2185\/revisions\/2187"}],"wp:attachment":[{"href":"https:\/\/droitemoderniste.be\/index.php\/wp-json\/wp\/v2\/media?parent=2185"}],"wp:term":[{"taxonomy":"category","embeddable":true,"href":"https:\/\/droitemoderniste.be\/index.php\/wp-json\/wp\/v2\/categories?post=2185"},{"taxonomy":"post_tag","embeddable":true,"href":"https:\/\/droitemoderniste.be\/index.php\/wp-json\/wp\/v2\/tags?post=2185"}],"curies":[{"name":"wp","href":"https:\/\/api.w.org\/{rel}","templated":true}]}}