{"id":2157,"date":"2025-12-05T11:16:11","date_gmt":"2025-12-05T10:16:11","guid":{"rendered":"https:\/\/droitemoderniste.be\/?p=2157"},"modified":"2025-12-05T11:16:11","modified_gmt":"2025-12-05T10:16:11","slug":"message-du-mouvement-droite-moderniste-aux-electeurs-chretiens","status":"publish","type":"post","link":"https:\/\/droitemoderniste.be\/index.php\/2025\/12\/05\/message-du-mouvement-droite-moderniste-aux-electeurs-chretiens\/","title":{"rendered":"Message du Mouvement Droite Moderniste aux \u00e9lecteurs chr\u00e9tiens"},"content":{"rendered":"\n<figure class=\"wp-block-image size-full\"><img loading=\"lazy\" decoding=\"async\" width=\"300\" height=\"168\" src=\"https:\/\/droitemoderniste.be\/wp-content\/uploads\/2025\/12\/citoyens3.jpg\" alt=\"\" class=\"wp-image-2158\"\/><\/figure>\n\n\n\n<p class=\"wp-block-paragraph\">Ch\u00e8res citoyennes, chers citoyens,<\/p>\n\n\n\n<p class=\"wp-block-paragraph\">La Belgique poss\u00e8de un h\u00e9ritage pr\u00e9cieux : celui d\u2019une civilisation fa\u00e7onn\u00e9e par des si\u00e8cles d\u2019humanisme chr\u00e9tien, de solidarit\u00e9, de fraternit\u00e9 et de responsabilit\u00e9. Cet h\u00e9ritage n\u2019est pas un poids : c\u2019est une <strong>source d\u2019inspiration<\/strong> pour construire un avenir plus juste, plus humain et plus serein.<\/p>\n\n\n\n<p class=\"wp-block-paragraph\">Au <mark style=\"background-color:rgba(0, 0, 0, 0);color:#ff6900\" class=\"has-inline-color\">Mouvement Droite Moderniste (MDM)<\/mark>, nous croyons que les valeurs que beaucoup d\u2019entre vous portent \u2014<br><strong>la dignit\u00e9 de chaque personne, la protection des plus vuln\u00e9rables, la paix sociale, le sens du devoir, la famille et le service du bien commun<\/strong> \u2014 ne sont pas des valeurs du pass\u00e9.<br>Elles sont plus n\u00e9cessaires que jamais.<\/p>\n\n\n\n<h5 class=\"wp-block-heading\"><strong>Une modernit\u00e9 enracin\u00e9e dans l\u2019essentiel<\/strong><\/h5>\n\n\n\n<p class=\"wp-block-paragraph\">Nous d\u00e9fendons une soci\u00e9t\u00e9 moderne, innovante et ouverte, mais jamais coup\u00e9e de ses racines.<br>Notre projet repose sur trois piliers qui r\u00e9sonnent avec la tradition chr\u00e9tienne humaniste :<\/p>\n\n\n\n<h6 class=\"wp-block-heading\"><strong>1. La centralit\u00e9 de la personne<\/strong><\/h6>\n\n\n\n<p class=\"wp-block-paragraph\">Avec notre vision de <em>personnalisme \u00e9clair\u00e9<\/em>, nous affirmons que chaque \u00eatre humain, avant d\u2019\u00eatre un chiffre ou une ressource, est une <strong>personne unique<\/strong>, dot\u00e9e de droits, de devoirs et d\u2019une dignit\u00e9 inali\u00e9nable.<\/p>\n\n\n\n<h6 class=\"wp-block-heading\"><strong>2. La justice sociale responsable<\/strong><\/h6>\n\n\n\n<p class=\"wp-block-paragraph\">Nos politiques de <em>justicialisme<\/em> d\u00e9fendent une solidarit\u00e9 efficace, tourn\u00e9e vers l\u2019autonomie, l\u2019\u00e9l\u00e9vation et la dignit\u00e9 du travail \u2014 loin des d\u00e9rives d\u2019assistanat, mais loin aussi de l\u2019indiff\u00e9rence sociale.<\/p>\n\n\n\n<h6 class=\"wp-block-heading\"><strong>3. Le spiritualisme la\u00efc : respecter et valoriser la dimension int\u00e9rieure<\/strong><\/h6>\n\n\n\n<p class=\"wp-block-paragraph\">Sans jamais confondre politique et religion, nous reconnaissons la place essentielle de la <strong>dimension spirituelle<\/strong>, culturelle et morale dans notre soci\u00e9t\u00e9.<br>Nous voulons un espace public o\u00f9 les convictions chr\u00e9tiennes sont <strong>respect\u00e9es<\/strong>, <strong>\u00e9cout\u00e9es<\/strong>, <strong>valoris\u00e9es<\/strong>.<\/p>\n\n\n\n<h5 class=\"wp-block-heading\"><strong>Pour une Belgique apais\u00e9e, fid\u00e8le \u00e0 ses valeurs<\/strong><\/h5>\n\n\n\n<p class=\"wp-block-paragraph\">Dans un monde marqu\u00e9 par la polarisation, la d\u00e9chirure identitaire, l\u2019affaiblissement de la famille et le repli \u00e9go\u00efste, le <mark style=\"background-color:rgba(0, 0, 0, 0);color:#ff6900\" class=\"has-inline-color\">MDM<\/mark> porte un message clair :<\/p>\n\n\n\n<p class=\"wp-block-paragraph\"><strong>Rassembler sans renier. Moderniser sans d\u00e9raciner. Avancer sans oublier ce qui nous fonde.<\/strong><\/p>\n\n\n\n<p class=\"wp-block-paragraph\">Nous voulons une Belgique :<\/p>\n\n\n\n<ul class=\"wp-block-list\">\n<li>plus juste,<\/li>\n\n\n\n<li>plus sereine,<\/li>\n\n\n\n<li>plus enracin\u00e9e,<\/li>\n\n\n\n<li>plus tourn\u00e9e vers l\u2019avenir.<\/li>\n<\/ul>\n\n\n\n<p class=\"wp-block-paragraph\">Une Belgique o\u00f9 les croyants \u2014 comme tous les citoyens \u2014 trouvent leur place, leur respect et leur voix.<\/p>\n\n\n\n<h5 class=\"wp-block-heading\"><strong>Chr\u00e9tiens de Belgique : votre h\u00e9ritage compte. Votre voix compte.<\/strong><\/h5>\n\n\n\n<p class=\"wp-block-paragraph\">Nous vous invitons \u00e0 rejoindre un mouvement qui croit en la force du lien, en la valeur de la famille, en la dignit\u00e9 du travail et en l\u2019importance d\u2019un horizon spirituel dans une soci\u00e9t\u00e9 qui se cherche.<\/p>\n\n\n\n<p class=\"wp-block-paragraph\"><strong><mark style=\"background-color:rgba(0, 0, 0, 0);color:#ff6900\" class=\"has-inline-color\">MDM<\/mark> \u2013 Racines fortes, regard neuf.<\/strong><\/p>\n\n\n\n<p class=\"wp-block-paragraph\"><\/p>\n","protected":false},"excerpt":{"rendered":"<p>Ch\u00e8res citoyennes, chers citoyens, La Belgique poss\u00e8de un h\u00e9ritage pr\u00e9cieux : celui d\u2019une civilisation fa\u00e7onn\u00e9e par des si\u00e8cles d\u2019humanisme chr\u00e9tien, de solidarit\u00e9, de fraternit\u00e9 et de responsabilit\u00e9. Cet h\u00e9ritage n\u2019est pas un poids : c\u2019est une source d\u2019inspiration pour construire un avenir plus juste, plus humain et plus serein. Au Mouvement Droite Moderniste (MDM), nous [&hellip;]<\/p>\n","protected":false},"author":1,"featured_media":0,"comment_status":"open","ping_status":"open","sticky":false,"template":"","format":"standard","meta":{"_monsterinsights_skip_tracking":false,"_uf_show_specific_survey":0,"_uf_disable_surveys":false,"footnotes":""},"categories":[34,44],"tags":[],"class_list":["post-2157","post","type-post","status-publish","format-standard","hentry","category-mouvement-droite-moderniste","category-valeurs"],"_links":{"self":[{"href":"https:\/\/droitemoderniste.be\/index.php\/wp-json\/wp\/v2\/posts\/2157","targetHints":{"allow":["GET"]}}],"collection":[{"href":"https:\/\/droitemoderniste.be\/index.php\/wp-json\/wp\/v2\/posts"}],"about":[{"href":"https:\/\/droitemoderniste.be\/index.php\/wp-json\/wp\/v2\/types\/post"}],"author":[{"embeddable":true,"href":"https:\/\/droitemoderniste.be\/index.php\/wp-json\/wp\/v2\/users\/1"}],"replies":[{"embeddable":true,"href":"https:\/\/droitemoderniste.be\/index.php\/wp-json\/wp\/v2\/comments?post=2157"}],"version-history":[{"count":1,"href":"https:\/\/droitemoderniste.be\/index.php\/wp-json\/wp\/v2\/posts\/2157\/revisions"}],"predecessor-version":[{"id":2159,"href":"https:\/\/droitemoderniste.be\/index.php\/wp-json\/wp\/v2\/posts\/2157\/revisions\/2159"}],"wp:attachment":[{"href":"https:\/\/droitemoderniste.be\/index.php\/wp-json\/wp\/v2\/media?parent=2157"}],"wp:term":[{"taxonomy":"category","embeddable":true,"href":"https:\/\/droitemoderniste.be\/index.php\/wp-json\/wp\/v2\/categories?post=2157"},{"taxonomy":"post_tag","embeddable":true,"href":"https:\/\/droitemoderniste.be\/index.php\/wp-json\/wp\/v2\/tags?post=2157"}],"curies":[{"name":"wp","href":"https:\/\/api.w.org\/{rel}","templated":true}]}}