{"id":2154,"date":"2025-12-04T14:51:10","date_gmt":"2025-12-04T13:51:10","guid":{"rendered":"https:\/\/droitemoderniste.be\/?p=2154"},"modified":"2025-12-04T14:51:10","modified_gmt":"2025-12-04T13:51:10","slug":"pour-ceux-qui-se-sont-lasses-de-defi","status":"publish","type":"post","link":"https:\/\/droitemoderniste.be\/index.php\/2025\/12\/04\/pour-ceux-qui-se-sont-lasses-de-defi\/","title":{"rendered":"\u00ab\u00a0Pour ceux qui se sont lass\u00e9s de D\u00e9FI\u00a0\u00bb"},"content":{"rendered":"\n<figure class=\"wp-block-image size-full\"><img loading=\"lazy\" decoding=\"async\" width=\"275\" height=\"183\" src=\"https:\/\/droitemoderniste.be\/wp-content\/uploads\/2025\/12\/DeFI.jpg\" alt=\"\" class=\"wp-image-2155\"\/><\/figure>\n\n\n\n<p class=\"wp-block-paragraph\">Vous avez cru \u00e0 D\u00e9FI.<br>Vous avez cru \u00e0 leurs promesses d\u2019\u00e9quilibre.<br>Vous avez cru \u00e0 leurs discours sur la d\u00e9fense des droits.<\/p>\n\n\n\n<p class=\"wp-block-paragraph\">Et vous \u00eates d\u00e9\u00e7us.<\/p>\n\n\n\n<p class=\"wp-block-paragraph\">Vous avez vu des mots\u2026<br>et non des actes.<br>Vous avez vu des compromis\u2026<br>et non des r\u00e9formes.<br>Vous avez vu l\u2019attentisme\u2026<br>et non le courage.<\/p>\n\n\n\n<hr class=\"wp-block-separator has-alpha-channel-opacity\"\/>\n\n\n\n<p class=\"wp-block-paragraph\"><strong>Le <mark style=\"background-color:rgba(0, 0, 0, 0);color:#ff6900\" class=\"has-inline-color\">MDM<\/mark> est n\u00e9 pour changer \u00e7a.<\/strong><\/p>\n\n\n\n<p class=\"wp-block-paragraph\">Pas de demi-mesures.<br>Pas de compromis ti\u00e8des.<br>Pas de discours creux.<\/p>\n\n\n\n<p class=\"wp-block-paragraph\">Le <mark style=\"background-color:rgba(0, 0, 0, 0);color:#ff6900\" class=\"has-inline-color\">MDM<\/mark> tranche.<br>Le <mark style=\"background-color:rgba(0, 0, 0, 0);color:#ff6900\" class=\"has-inline-color\">MDM<\/mark> d\u00e9cide.<br>Le <mark style=\"background-color:rgba(0, 0, 0, 0);color:#ff6900\" class=\"has-inline-color\">MDM<\/mark> transforme.<\/p>\n\n\n\n<p class=\"wp-block-paragraph\">Nous voulons :<\/p>\n\n\n\n<ul class=\"wp-block-list\">\n<li>une \u00e9cole exigeante,<\/li>\n\n\n\n<li>une justice rapide et efficace,<\/li>\n\n\n\n<li>une \u00e9conomie ambitieuse et encadr\u00e9e,<\/li>\n\n\n\n<li>une immigration coh\u00e9rente et humaine,<\/li>\n\n\n\n<li>une transition \u00e9cologique productive et innovante.<\/li>\n<\/ul>\n\n\n\n<hr class=\"wp-block-separator has-alpha-channel-opacity\"\/>\n\n\n\n<p class=\"wp-block-paragraph\"><strong>C\u2019est votre chance de retrouver vos convictions.<\/strong><\/p>\n\n\n\n<p class=\"wp-block-paragraph\">Si vous \u00eates fatigu\u00e9s d\u2019attendre que vos id\u00e9es se r\u00e9alisent\u2026<br>Si vous en avez assez des compromis qui n\u2019avancent pas le pays\u2026<br>Alors <strong>rejoignez le <mark style=\"background-color:rgba(0, 0, 0, 0);color:#ff6900\" class=\"has-inline-color\">MDM<\/mark><\/strong>.<\/p>\n\n\n\n<p class=\"wp-block-paragraph\">Retrouvez la droite qui agit.<br>Retrouvez la droite qui assume.<br>Retrouvez la droite moderne.<\/p>\n\n\n\n<p class=\"wp-block-paragraph\"><strong>Le <mark style=\"background-color:rgba(0, 0, 0, 0);color:#ff6900\" class=\"has-inline-color\">Mouvement Droite Moderniste<\/mark>.<br>L\u2019audace d\u2019une droite moderne.<\/strong><\/p>\n\n\n\n<p class=\"wp-block-paragraph\"><\/p>\n","protected":false},"excerpt":{"rendered":"<p>Vous avez cru \u00e0 D\u00e9FI.Vous avez cru \u00e0 leurs promesses d\u2019\u00e9quilibre.Vous avez cru \u00e0 leurs discours sur la d\u00e9fense des droits. Et vous \u00eates d\u00e9\u00e7us. Vous avez vu des mots\u2026et non des actes.Vous avez vu des compromis\u2026et non des r\u00e9formes.Vous avez vu l\u2019attentisme\u2026et non le courage. Le MDM est n\u00e9 pour changer \u00e7a. Pas de [&hellip;]<\/p>\n","protected":false},"author":1,"featured_media":0,"comment_status":"open","ping_status":"open","sticky":false,"template":"","format":"standard","meta":{"_monsterinsights_skip_tracking":false,"_uf_show_specific_survey":0,"_uf_disable_surveys":false,"footnotes":""},"categories":[42],"tags":[],"class_list":["post-2154","post","type-post","status-publish","format-standard","hentry","category-discours"],"_links":{"self":[{"href":"https:\/\/droitemoderniste.be\/index.php\/wp-json\/wp\/v2\/posts\/2154","targetHints":{"allow":["GET"]}}],"collection":[{"href":"https:\/\/droitemoderniste.be\/index.php\/wp-json\/wp\/v2\/posts"}],"about":[{"href":"https:\/\/droitemoderniste.be\/index.php\/wp-json\/wp\/v2\/types\/post"}],"author":[{"embeddable":true,"href":"https:\/\/droitemoderniste.be\/index.php\/wp-json\/wp\/v2\/users\/1"}],"replies":[{"embeddable":true,"href":"https:\/\/droitemoderniste.be\/index.php\/wp-json\/wp\/v2\/comments?post=2154"}],"version-history":[{"count":1,"href":"https:\/\/droitemoderniste.be\/index.php\/wp-json\/wp\/v2\/posts\/2154\/revisions"}],"predecessor-version":[{"id":2156,"href":"https:\/\/droitemoderniste.be\/index.php\/wp-json\/wp\/v2\/posts\/2154\/revisions\/2156"}],"wp:attachment":[{"href":"https:\/\/droitemoderniste.be\/index.php\/wp-json\/wp\/v2\/media?parent=2154"}],"wp:term":[{"taxonomy":"category","embeddable":true,"href":"https:\/\/droitemoderniste.be\/index.php\/wp-json\/wp\/v2\/categories?post=2154"},{"taxonomy":"post_tag","embeddable":true,"href":"https:\/\/droitemoderniste.be\/index.php\/wp-json\/wp\/v2\/tags?post=2154"}],"curies":[{"name":"wp","href":"https:\/\/api.w.org\/{rel}","templated":true}]}}