{"id":2151,"date":"2025-12-04T14:28:18","date_gmt":"2025-12-04T13:28:18","guid":{"rendered":"https:\/\/droitemoderniste.be\/?p=2151"},"modified":"2025-12-04T14:28:18","modified_gmt":"2025-12-04T13:28:18","slug":"mdm-une-forme-contemporaine-et-adaptee-au-contexte-belge-du-modernisme-politique","status":"publish","type":"post","link":"https:\/\/droitemoderniste.be\/index.php\/2025\/12\/04\/mdm-une-forme-contemporaine-et-adaptee-au-contexte-belge-du-modernisme-politique\/","title":{"rendered":"MDM, une forme contemporaine et adapt\u00e9e au contexte belge du modernisme politique"},"content":{"rendered":"\n<figure class=\"wp-block-image size-full\"><img loading=\"lazy\" decoding=\"async\" width=\"267\" height=\"189\" src=\"https:\/\/droitemoderniste.be\/wp-content\/uploads\/2025\/12\/Modernisme-C.jpg\" alt=\"\" class=\"wp-image-2152\"\/><\/figure>\n\n\n\n<p class=\"wp-block-paragraph\">Le <mark style=\"background-color:rgba(0, 0, 0, 0);color:#ff6900\" class=\"has-inline-color\">Mouvement Droite Moderniste (MDM)<\/mark> se distingue du modernisme politique classique par plusieurs aspects fondamentaux, tout en partageant certains principes de r\u00e9novation et d&rsquo;innovation politique.<\/p>\n\n\n\n<figure class=\"wp-block-table\"><table class=\"has-fixed-layout\"><thead><tr><td><strong>Aspect<\/strong><\/td><td><strong>Modernisme politique classique<\/strong><\/td><td><strong><mark style=\"background-color:rgba(0, 0, 0, 0);color:#ff6900\" class=\"has-inline-color\">MDM (Mouvement Droite Moderniste)<\/mark><\/strong><\/td><\/tr><\/thead><tbody><tr><td>Fondements id\u00e9ologiques<\/td><td>Souvent associ\u00e9e \u00e0 une rupture nette avec les traditions, valorisation du progr\u00e8s, des lumi\u00e8res, de la raison, et de la d\u00e9mocratie lib\u00e9rale. Accent sur la la\u00efcit\u00e9, l&rsquo;\u00c9tat de droit et les droits individuels.<\/td><td>Combine modernisme et pragmatisme civique, r\u00e9concilie tradition et innovation, valorise l\u2019enracinement culturel et la souverainet\u00e9 \u00e9conomique, tout en restant progressiste et lib\u00e9ral sur les valeurs soci\u00e9tales.<\/td><\/tr><tr><td>Rapport \u00e0 l&rsquo;\u00c9tat et march\u00e9<\/td><td>Modernisme classique favorise un \u00c9tat garant de la rationalit\u00e9 politique, parfois avec un \u00c9tat interventionniste dans la modernisation sociale et \u00e9conomique.<\/td><td>Pr\u00f4ne un \u00c9tat strat\u00e8ge, \u00e9valuateur et post-id\u00e9ologique, qui ne se r\u00e9duit ni \u00e0 l\u2019interventionnisme binaire ni au lib\u00e9ralisme fiscal pur, avec une \u00e9conomie de l\u2019efficacit\u00e9 sociale mesurable.<\/td><\/tr><tr><td>Vision \u00e9conomique<\/td><td>Favorise les r\u00e9formes structurelles et la rationalisation des institutions \u00e9conomiques selon les principes du progr\u00e8s social et scientifique.<\/td><td>Favorise une \u00e9conomie pragmatique, humaniste et enracin\u00e9e, ax\u00e9e sur la prosp\u00e9rit\u00e9 collective, la transition \u00e9nerg\u00e9tique et technologique, avec un souci de finalit\u00e9 civique.<\/td><\/tr><tr><td>Usage du temps politique<\/td><td>Accent sur la temporalit\u00e9 comme rupture avec le pass\u00e9, instaur\u00e9e par des id\u00e9aux universels, souvent en rupture radicale.<\/td><td>Int\u00e8gre l\u2019id\u00e9e d\u2019une temporalit\u00e9 du nouveau, mais en conciliant continuit\u00e9 historique, innovation locale et pragmatisme dans l\u2019action politique.<\/td><\/tr><tr><td>Style politique<\/td><td>Parfois doctrinaire, ax\u00e9 sur des id\u00e9aux s\u00e9culaires, la\u00efcit\u00e9 stricte et rationalisme.<\/td><td>Plut\u00f4t pragmatique, pluraliste, soucieux du dialogue entre diff\u00e9rentes sensibilit\u00e9s, refusant les extr\u00eames et pr\u00f4nant une synth\u00e8se des valeurs classiques et modernes.<\/td><\/tr><\/tbody><\/table><\/figure>\n\n\n\n<p class=\"wp-block-paragraph\">En somme, le <mark style=\"background-color:rgba(0, 0, 0, 0);color:#ff6900\" class=\"has-inline-color\">MDM<\/mark> peut \u00eatre vu comme une forme contemporaine et adapt\u00e9e au contexte belge du modernisme politique, mais il s\u2019en distingue par sa volont\u00e9 de d\u00e9passer les clivages id\u00e9ologiques rigides, d\u2019int\u00e9grer des dimensions culturelles et civiques et de privil\u00e9gier un pragmatisme \u00e9valuatif orient\u00e9 vers l\u2019efficacit\u00e9 sociale et environnementale. Il allie ainsi modernit\u00e9 politique et sensibilit\u00e9 ancr\u00e9e, loin du modernisme classique parfois per\u00e7u comme abstrait ou universaliste.<\/p>\n\n\n\n<p class=\"wp-block-paragraph\">Ce renouvellement fait du <mark style=\"background-color:rgba(0, 0, 0, 0);color:#ff6900\" class=\"has-inline-color\">MDM<\/mark> un acteur original, post-id\u00e9ologique et innovant, sans \u00eatre une simple reproduction du modernisme politique historique.<\/p>\n\n\n\n<p class=\"wp-block-paragraph\"><\/p>\n","protected":false},"excerpt":{"rendered":"<p>Le Mouvement Droite Moderniste (MDM) se distingue du modernisme politique classique par plusieurs aspects fondamentaux, tout en partageant certains principes de r\u00e9novation et d&rsquo;innovation politique. Aspect Modernisme politique classique MDM (Mouvement Droite Moderniste) Fondements id\u00e9ologiques Souvent associ\u00e9e \u00e0 une rupture nette avec les traditions, valorisation du progr\u00e8s, des lumi\u00e8res, de la raison, et de la [&hellip;]<\/p>\n","protected":false},"author":1,"featured_media":0,"comment_status":"open","ping_status":"open","sticky":false,"template":"","format":"standard","meta":{"_monsterinsights_skip_tracking":false,"_uf_show_specific_survey":0,"_uf_disable_surveys":false,"footnotes":""},"categories":[43],"tags":[],"class_list":["post-2151","post","type-post","status-publish","format-standard","hentry","category-modernisme-politique"],"_links":{"self":[{"href":"https:\/\/droitemoderniste.be\/index.php\/wp-json\/wp\/v2\/posts\/2151","targetHints":{"allow":["GET"]}}],"collection":[{"href":"https:\/\/droitemoderniste.be\/index.php\/wp-json\/wp\/v2\/posts"}],"about":[{"href":"https:\/\/droitemoderniste.be\/index.php\/wp-json\/wp\/v2\/types\/post"}],"author":[{"embeddable":true,"href":"https:\/\/droitemoderniste.be\/index.php\/wp-json\/wp\/v2\/users\/1"}],"replies":[{"embeddable":true,"href":"https:\/\/droitemoderniste.be\/index.php\/wp-json\/wp\/v2\/comments?post=2151"}],"version-history":[{"count":1,"href":"https:\/\/droitemoderniste.be\/index.php\/wp-json\/wp\/v2\/posts\/2151\/revisions"}],"predecessor-version":[{"id":2153,"href":"https:\/\/droitemoderniste.be\/index.php\/wp-json\/wp\/v2\/posts\/2151\/revisions\/2153"}],"wp:attachment":[{"href":"https:\/\/droitemoderniste.be\/index.php\/wp-json\/wp\/v2\/media?parent=2151"}],"wp:term":[{"taxonomy":"category","embeddable":true,"href":"https:\/\/droitemoderniste.be\/index.php\/wp-json\/wp\/v2\/categories?post=2151"},{"taxonomy":"post_tag","embeddable":true,"href":"https:\/\/droitemoderniste.be\/index.php\/wp-json\/wp\/v2\/tags?post=2151"}],"curies":[{"name":"wp","href":"https:\/\/api.w.org\/{rel}","templated":true}]}}