{"id":2148,"date":"2025-12-03T15:08:16","date_gmt":"2025-12-03T14:08:16","guid":{"rendered":"https:\/\/droitemoderniste.be\/?p=2148"},"modified":"2025-12-03T15:08:16","modified_gmt":"2025-12-03T14:08:16","slug":"le-mouvement-droite-moderniste-est-il-lincarnation-du-modernisme-en-theorie-politique","status":"publish","type":"post","link":"https:\/\/droitemoderniste.be\/index.php\/2025\/12\/03\/le-mouvement-droite-moderniste-est-il-lincarnation-du-modernisme-en-theorie-politique\/","title":{"rendered":"Le Mouvement Droite Moderniste est-il l&rsquo;incarnation du modernisme en th\u00e9orie politique ?"},"content":{"rendered":"\n<figure class=\"wp-block-image size-full\"><img loading=\"lazy\" decoding=\"async\" width=\"293\" height=\"172\" src=\"https:\/\/droitemoderniste.be\/wp-content\/uploads\/2025\/12\/modernismeA.jpg\" alt=\"\" class=\"wp-image-2149\"\/><\/figure>\n\n\n\n<p class=\"wp-block-paragraph\">Le <mark style=\"background-color:rgba(0, 0, 0, 0);color:#ff6900\" class=\"has-inline-color\">Mouvement Droite Moderniste (MDM)<\/mark> n&rsquo;est pas simplement l&rsquo;incarnation du modernisme en th\u00e9orie politique, mais il en est une expression originale et sp\u00e9cifique adapt\u00e9e au contexte belge.<\/p>\n\n\n\n<p class=\"wp-block-paragraph\">Le <mark style=\"background-color:rgba(0, 0, 0, 0);color:#ff6900\" class=\"has-inline-color\">MDM<\/mark> se d\u00e9finit comme une droite moderniste, pragmatique et civique, fond\u00e9e sur les valeurs du m\u00e9rite, de l&rsquo;innovation et de la responsabilit\u00e9.<\/p>\n\n\n\n<p class=\"wp-block-paragraph\">Contrairement \u00e0 la droite classique ou conservatrice, il combine des \u00e9l\u00e9ments souvent oppos\u00e9s, tels que le patriotisme civique, le modernisme soci\u00e9tal, le spiritualisme la\u00efc, et l&rsquo;\u00e9cologie technologique.<\/p>\n\n\n\n<p class=\"wp-block-paragraph\">Il se distingue clairement des extr\u00eames droites par un rejet de l&rsquo;id\u00e9ologie in\u00e9galitaire, du nationalisme exclusif, et du populisme.<\/p>\n\n\n\n<p class=\"wp-block-paragraph\">Le <mark style=\"background-color:rgba(0, 0, 0, 0);color:#ff6900\" class=\"has-inline-color\">MDM<\/mark> porte un projet intellectuel construit autour d&rsquo;une synth\u00e8se in\u00e9dite de valeurs et cherche \u00e0 incarner une voie r\u00e9formiste, rationnelle et d\u00e9mocratique, refusant les clivages traditionnels.<\/p>\n\n\n\n<p class=\"wp-block-paragraph\">Il pr\u00f4ne un renouvellement politique par la participation citoyenne, l&rsquo;innovation soci\u00e9tale, et une vision \u00e0 long terme, notamment dans ses propositions politiques et \u00e9conomiques.<\/p>\n\n\n\n<p class=\"wp-block-paragraph\">Ce positionnement lui conf\u00e8re un r\u00f4le particulier dans une lecture moderne de la droite, mais il ne peut \u00eatre r\u00e9duit \u00e0 un simple label \u00ab\u00a0modernisme\u00a0\u00bb en th\u00e9orie politique, car il articule aussi des r\u00e9f\u00e9rences traditionnelles avec des exigences contemporaines.<\/p>\n\n\n\n<p class=\"wp-block-paragraph\">\u200b<\/p>\n\n\n\n<p class=\"wp-block-paragraph\">En r\u00e9sum\u00e9, le <mark style=\"background-color:rgba(0, 0, 0, 0);color:#ff6900\" class=\"has-inline-color\">MDM<\/mark> incarne une forme de modernisme politique en Belgique, mais c\u2019est un modernisme sp\u00e9cifique, ancr\u00e9 dans un pragmatisme civique, une refondation institutionnelle et sociale, et une synth\u00e8se novatrice plut\u00f4t qu&rsquo;une simple reproduction d\u2019un courant th\u00e9orique g\u00e9n\u00e9ral de modernisme.<\/p>\n","protected":false},"excerpt":{"rendered":"<p>Le Mouvement Droite Moderniste (MDM) n&rsquo;est pas simplement l&rsquo;incarnation du modernisme en th\u00e9orie politique, mais il en est une expression originale et sp\u00e9cifique adapt\u00e9e au contexte belge. Le MDM se d\u00e9finit comme une droite moderniste, pragmatique et civique, fond\u00e9e sur les valeurs du m\u00e9rite, de l&rsquo;innovation et de la responsabilit\u00e9. Contrairement \u00e0 la droite classique [&hellip;]<\/p>\n","protected":false},"author":1,"featured_media":0,"comment_status":"open","ping_status":"open","sticky":false,"template":"","format":"standard","meta":{"_monsterinsights_skip_tracking":false,"_uf_show_specific_survey":0,"_uf_disable_surveys":false,"footnotes":""},"categories":[43,34],"tags":[],"class_list":["post-2148","post","type-post","status-publish","format-standard","hentry","category-modernisme-politique","category-mouvement-droite-moderniste"],"_links":{"self":[{"href":"https:\/\/droitemoderniste.be\/index.php\/wp-json\/wp\/v2\/posts\/2148","targetHints":{"allow":["GET"]}}],"collection":[{"href":"https:\/\/droitemoderniste.be\/index.php\/wp-json\/wp\/v2\/posts"}],"about":[{"href":"https:\/\/droitemoderniste.be\/index.php\/wp-json\/wp\/v2\/types\/post"}],"author":[{"embeddable":true,"href":"https:\/\/droitemoderniste.be\/index.php\/wp-json\/wp\/v2\/users\/1"}],"replies":[{"embeddable":true,"href":"https:\/\/droitemoderniste.be\/index.php\/wp-json\/wp\/v2\/comments?post=2148"}],"version-history":[{"count":1,"href":"https:\/\/droitemoderniste.be\/index.php\/wp-json\/wp\/v2\/posts\/2148\/revisions"}],"predecessor-version":[{"id":2150,"href":"https:\/\/droitemoderniste.be\/index.php\/wp-json\/wp\/v2\/posts\/2148\/revisions\/2150"}],"wp:attachment":[{"href":"https:\/\/droitemoderniste.be\/index.php\/wp-json\/wp\/v2\/media?parent=2148"}],"wp:term":[{"taxonomy":"category","embeddable":true,"href":"https:\/\/droitemoderniste.be\/index.php\/wp-json\/wp\/v2\/categories?post=2148"},{"taxonomy":"post_tag","embeddable":true,"href":"https:\/\/droitemoderniste.be\/index.php\/wp-json\/wp\/v2\/tags?post=2148"}],"curies":[{"name":"wp","href":"https:\/\/api.w.org\/{rel}","templated":true}]}}