{"id":2145,"date":"2025-12-03T14:40:28","date_gmt":"2025-12-03T13:40:28","guid":{"rendered":"https:\/\/droitemoderniste.be\/?p=2145"},"modified":"2025-12-03T14:40:28","modified_gmt":"2025-12-03T13:40:28","slug":"reprendre-la-dignite-populaire","status":"publish","type":"post","link":"https:\/\/droitemoderniste.be\/index.php\/2025\/12\/03\/reprendre-la-dignite-populaire\/","title":{"rendered":"\u00ab\u00a0Reprendre la dignit\u00e9 populaire\u00a0\u00bb"},"content":{"rendered":"\n<figure class=\"wp-block-image size-full\"><img loading=\"lazy\" decoding=\"async\" width=\"275\" height=\"183\" src=\"https:\/\/droitemoderniste.be\/wp-content\/uploads\/2025\/12\/peuple-belge2.jpg\" alt=\"\" class=\"wp-image-2146\"\/><\/figure>\n\n\n\n<p class=\"wp-block-paragraph\">Aujourd&rsquo;hui\u2026<br>on va parler de nous.<br>De vous.<br>De ces familles, de ces jeunes, de ces travailleurs\u2026<br>qui font tenir ce pays.<\/p>\n\n\n\n<p class=\"wp-block-paragraph\">Parce que trop souvent,<br>on a l\u2019impression qu\u2019on est seuls.<br>Seuls face aux factures.<br>Seuls face aux administrations.<br>Seuls face aux fins de mois.<br>Seuls face \u00e0 un syst\u00e8me qui parle de nous\u2026<br>sans jamais nous \u00e9couter.<\/p>\n\n\n\n<p class=\"wp-block-paragraph\">Et pourtant \u2014<br>c\u2019est nous qui faisons tourner la Belgique.<br>Ceux qui se l\u00e8vent t\u00f4t.<br>Ceux qui n\u2019abandonnent pas.<br>Ceux qui font l\u2019effort \u2014 m\u00eame quand tout pousse \u00e0 l\u00e2cher.<\/p>\n\n\n\n<p class=\"wp-block-paragraph\">On nous dit : \u201cSoyez patients.\u201d<br>\u00c7a fait vingt ans qu\u2019on est patients.<br>Vingt ans qu\u2019on nous promet du changement.<br>Vingt ans qu&rsquo;on serre les dents\u2026 pendant que d\u2019autres se servent.<\/p>\n\n\n\n<p class=\"wp-block-paragraph\">Assez.<\/p>\n\n\n\n<p class=\"wp-block-paragraph\">Ce pays n\u2019a pas \u00e9t\u00e9 construit par des gens r\u00e9sign\u00e9s.<br>Il a \u00e9t\u00e9 b\u00e2ti par des gens\u2026 dignes.<br>Par des familles qui ont donn\u00e9 tout ce qu&rsquo;elles avaient.<br>Par des jeunes qui r\u00eavaient d\u2019avenir.<br>Par des mains qui ont construit,<br>des voix qui ont d\u00e9fendu,<br>des c\u0153urs qui ont tenu.<\/p>\n\n\n\n<p class=\"wp-block-paragraph\">Et aujourd\u2019hui,<br>on dit stop \u00e0 l\u2019humiliation sociale.<br>Stop aux contr\u00f4les sans aide.<br>Stop aux files infinies, aux formulaires incompr\u00e9hensibles,<br>aux discours vides qui se succ\u00e8dent pendant que nos vies, elles, se compliquent.<\/p>\n\n\n\n<p class=\"wp-block-paragraph\">On ne veut pas l\u2019assistanat.<br>On ne veut pas la charit\u00e9.<br>On veut le respect.<br>On veut la dignit\u00e9.<br>On veut des outils pour avancer, pas des barri\u00e8res pour tomber.<\/p>\n\n\n\n<p class=\"wp-block-paragraph\">Une Belgique qui prot\u00e8ge,<br>ce n\u2019est pas trop demander.<br>C\u2019est la base.<\/p>\n\n\n\n<p class=\"wp-block-paragraph\">Alors oui, nous proposons :<\/p>\n\n\n\n<p class=\"wp-block-paragraph\">\u2013 un bouclier social anti-chute,<br>\u2013 un accompagnement humain et simple,<br>\u2013 des maisons publiques de quartier,<br>\u2013 une transition vers l\u2019emploi local,<br>\u2013 un service social qui \u00e9l\u00e8ve\u2026 pas qui contr\u00f4le.<\/p>\n\n\n\n<p class=\"wp-block-paragraph\">Parce que quand le peuple respire,<br>la nation respire.<\/p>\n\n\n\n<p class=\"wp-block-paragraph\">On veut que chaque jeune puisse r\u00e9ussir.<br>Que chaque famille puisse se projeter.<br>Que chaque citoyen puisse vivre sans la peur du lendemain.<\/p>\n\n\n\n<p class=\"wp-block-paragraph\">On veut une Belgique o\u00f9 la dignit\u00e9 ne se mendie pas.<br>Elle se garantit.<br>Elle se prot\u00e8ge.<br>Elle se conquiert.<\/p>\n\n\n\n<p class=\"wp-block-paragraph\">Peuple de Belgique\u2026<br>On arrive.<br>Et on vient pour vous.<\/p>\n\n\n\n<p class=\"wp-block-paragraph\"><strong>Racines fortes. Regard neuf.<\/strong><strong><br>Belgique digne. Belgique debout.<\/strong><\/p>\n","protected":false},"excerpt":{"rendered":"<p>Aujourd&rsquo;hui\u2026on va parler de nous.De vous.De ces familles, de ces jeunes, de ces travailleurs\u2026qui font tenir ce pays. Parce que trop souvent,on a l\u2019impression qu\u2019on est seuls.Seuls face aux factures.Seuls face aux administrations.Seuls face aux fins de mois.Seuls face \u00e0 un syst\u00e8me qui parle de nous\u2026sans jamais nous \u00e9couter. Et pourtant \u2014c\u2019est nous qui faisons [&hellip;]<\/p>\n","protected":false},"author":1,"featured_media":0,"comment_status":"open","ping_status":"open","sticky":false,"template":"","format":"standard","meta":{"_monsterinsights_skip_tracking":false,"_uf_show_specific_survey":0,"_uf_disable_surveys":false,"footnotes":""},"categories":[42],"tags":[],"class_list":["post-2145","post","type-post","status-publish","format-standard","hentry","category-discours"],"_links":{"self":[{"href":"https:\/\/droitemoderniste.be\/index.php\/wp-json\/wp\/v2\/posts\/2145","targetHints":{"allow":["GET"]}}],"collection":[{"href":"https:\/\/droitemoderniste.be\/index.php\/wp-json\/wp\/v2\/posts"}],"about":[{"href":"https:\/\/droitemoderniste.be\/index.php\/wp-json\/wp\/v2\/types\/post"}],"author":[{"embeddable":true,"href":"https:\/\/droitemoderniste.be\/index.php\/wp-json\/wp\/v2\/users\/1"}],"replies":[{"embeddable":true,"href":"https:\/\/droitemoderniste.be\/index.php\/wp-json\/wp\/v2\/comments?post=2145"}],"version-history":[{"count":1,"href":"https:\/\/droitemoderniste.be\/index.php\/wp-json\/wp\/v2\/posts\/2145\/revisions"}],"predecessor-version":[{"id":2147,"href":"https:\/\/droitemoderniste.be\/index.php\/wp-json\/wp\/v2\/posts\/2145\/revisions\/2147"}],"wp:attachment":[{"href":"https:\/\/droitemoderniste.be\/index.php\/wp-json\/wp\/v2\/media?parent=2145"}],"wp:term":[{"taxonomy":"category","embeddable":true,"href":"https:\/\/droitemoderniste.be\/index.php\/wp-json\/wp\/v2\/categories?post=2145"},{"taxonomy":"post_tag","embeddable":true,"href":"https:\/\/droitemoderniste.be\/index.php\/wp-json\/wp\/v2\/tags?post=2145"}],"curies":[{"name":"wp","href":"https:\/\/api.w.org\/{rel}","templated":true}]}}