{"id":2142,"date":"2025-12-02T15:15:46","date_gmt":"2025-12-02T14:15:46","guid":{"rendered":"https:\/\/droitemoderniste.be\/?p=2142"},"modified":"2025-12-02T15:15:46","modified_gmt":"2025-12-02T14:15:46","slug":"protegeons-notre-ecole","status":"publish","type":"post","link":"https:\/\/droitemoderniste.be\/index.php\/2025\/12\/02\/protegeons-notre-ecole\/","title":{"rendered":"Prot\u00e9geons notre \u00e9cole"},"content":{"rendered":"\n<figure class=\"wp-block-image size-full\"><img loading=\"lazy\" decoding=\"async\" width=\"275\" height=\"183\" src=\"https:\/\/droitemoderniste.be\/wp-content\/uploads\/2025\/12\/ecole-pop3.jpg\" alt=\"\" class=\"wp-image-2143\"\/><\/figure>\n\n\n\n<p class=\"wp-block-paragraph\">Voici une s\u00e9rie de <strong>propositions politiques coh\u00e9rentes avec la ligne du <mark style=\"background-color:rgba(0, 0, 0, 0);color:#ff6900\" class=\"has-inline-color\">Mouvement Droite Moderniste (MDM)<\/mark><\/strong> \u2014 c\u2019est-\u00e0-dire : modernistes, pragmatiques, fermes mais non id\u00e9ologiques, et relevant d\u2019un <strong>d\u00e9simmigrationnisme rationnel<\/strong>.<br>Objectif : <strong>r\u00e9duire les pressions sur le syst\u00e8me \u00e9ducatif<\/strong> tout en <strong>acc\u00e9l\u00e9rant l\u2019int\u00e9gration<\/strong> et en <strong>pr\u00e9servant la qualit\u00e9 scolaire<\/strong>.<\/p>\n\n\n\n<hr class=\"wp-block-separator has-alpha-channel-opacity\"\/>\n\n\n\n<h5 class=\"wp-block-heading\">Propositions politiques <mark style=\"background-color:rgba(0, 0, 0, 0);color:#ff6900\" class=\"has-inline-color\">MDM<\/mark><\/h5>\n\n\n\n<h6 class=\"wp-block-heading\">\u00ab D\u00e9simmigrationnisme rationnel \u00bb appliqu\u00e9 \u00e0 l\u2019\u00e9cole<\/h6>\n\n\n\n<p class=\"wp-block-paragraph\"><em>(R\u00e9duction raisonn\u00e9e des flux + maximisation de l\u2019int\u00e9gration + protection des standards acad\u00e9miques)<\/em><\/p>\n\n\n\n<hr class=\"wp-block-separator has-alpha-channel-opacity\"\/>\n\n\n\n<h5 class=\"wp-block-heading\">1. <strong>Ma\u00eetrise en amont des flux pour prot\u00e9ger la capacit\u00e9 d\u2019accueil scolaire<\/strong><\/h5>\n\n\n\n<h6 class=\"wp-block-heading\">1.1. Quotas dynamiques li\u00e9s \u00e0 la capacit\u00e9 \u00e9ducative<\/h6>\n\n\n\n<p class=\"wp-block-paragraph\">Cr\u00e9er un <strong>indicateur national de capacit\u00e9 d\u2019int\u00e9gration scolaire<\/strong> :<\/p>\n\n\n\n<ul class=\"wp-block-list\">\n<li>nombre de places disponibles,<\/li>\n\n\n\n<li>disponibilit\u00e9 d\u2019enseignants,<\/li>\n\n\n\n<li>saturation urbaine,<\/li>\n\n\n\n<li>besoins linguistiques.<\/li>\n<\/ul>\n\n\n\n<p class=\"wp-block-paragraph\">Les quotas migratoires annuels seraient ajust\u00e9s <strong>selon la capacit\u00e9 r\u00e9elle du pays \u00e0 int\u00e9grer sans d\u00e9grader la qualit\u00e9 \u00e9ducative<\/strong>.<\/p>\n\n\n\n<h6 class=\"wp-block-heading\">1.2. R\u00e9partition obligatoire sur le territoire<\/h6>\n\n\n\n<p class=\"wp-block-paragraph\">Fin de la concentration \u00e0 Bruxelles\/Anvers.<br>Cr\u00e9ation d\u2019un <strong>syst\u00e8me de r\u00e9partition nationale<\/strong> pour \u00e9viter les \u00ab poches scolaires satur\u00e9es \u00bb.<\/p>\n\n\n\n<hr class=\"wp-block-separator has-alpha-channel-opacity\"\/>\n\n\n\n<h5 class=\"wp-block-heading\">2. <strong>Int\u00e9gration linguistique acc\u00e9l\u00e9r\u00e9e<\/strong><\/h5>\n\n\n\n<h6 class=\"wp-block-heading\">2.1. <em>French\/Dutch First<\/em> obligatoire<\/h6>\n\n\n\n<p class=\"wp-block-paragraph\">Avant l\u2019entr\u00e9e en classe ordinaire, <strong>6 \u00e0 12 mois intensifs<\/strong> de langue :<\/p>\n\n\n\n<ul class=\"wp-block-list\">\n<li>20h\/semaine pour les enfants ;<\/li>\n\n\n\n<li>\u00e9valuations r\u00e9guli\u00e8res ;<\/li>\n\n\n\n<li>passage automatique vers l\u2019enseignement normal uniquement apr\u00e8s niveau A2 (primaire) ou B1 (secondaire).<\/li>\n<\/ul>\n\n\n\n<h6 class=\"wp-block-heading\">2.2. Tests linguistiques pour regroupement familial<\/h6>\n\n\n\n<p class=\"wp-block-paragraph\">Pour limiter l\u2019arriv\u00e9e d\u2019\u00e9l\u00e8ves n\u2019ayant aucun socle linguistique, exigence d\u2019un <strong>niveau minimal<\/strong> de fran\u00e7ais\/n\u00e9erlandais pour les parents rejoignant une famille d\u00e9j\u00e0 install\u00e9e.<\/p>\n\n\n\n<hr class=\"wp-block-separator has-alpha-channel-opacity\"\/>\n\n\n\n<h5 class=\"wp-block-heading\">3. <strong>Remise \u00e0 niveau acc\u00e9l\u00e9r\u00e9e et protection du niveau scolaire<\/strong><\/h5>\n\n\n\n<h6 class=\"wp-block-heading\">3.1. Classes d\u2019insertion acad\u00e9miques<\/h6>\n\n\n\n<p class=\"wp-block-paragraph\">En plus de la langue, 6 mois de cours d\u2019enculturation scolaire :<\/p>\n\n\n\n<ul class=\"wp-block-list\">\n<li>math\u00e9matiques de base,<\/li>\n\n\n\n<li>sciences,<\/li>\n\n\n\n<li>rep\u00e8res civiques belges,<\/li>\n\n\n\n<li>codes comportementaux de l\u2019\u00e9cole.<\/li>\n<\/ul>\n\n\n\n<h6 class=\"wp-block-heading\">3.2. Interdiction des placements automatiques par \u00e2ge<\/h6>\n\n\n\n<p class=\"wp-block-paragraph\">Les \u00e9l\u00e8ves nouvellement arriv\u00e9s seraient plac\u00e9s <strong>par niveau<\/strong>, pas par \u00e2ge, afin de pr\u00e9server :<\/p>\n\n\n\n<ul class=\"wp-block-list\">\n<li>le niveau de la classe,<\/li>\n\n\n\n<li>la motivation de l\u2019\u00e9l\u00e8ve,<\/li>\n\n\n\n<li>la s\u00e9curit\u00e9 p\u00e9dagogique.<\/li>\n<\/ul>\n\n\n\n<hr class=\"wp-block-separator has-alpha-channel-opacity\"\/>\n\n\n\n<h5 class=\"wp-block-heading\">4. <strong>Encadrement renforc\u00e9 dans les \u00e9coles \u00e0 forte mixit\u00e9<\/strong><\/h5>\n\n\n\n<h6 class=\"wp-block-heading\">4.1. Prime \u00ab classe h\u00e9t\u00e9rog\u00e8ne \u00bb pour enseignants<\/h6>\n\n\n\n<p class=\"wp-block-paragraph\">Incitant les professeurs \u00e0 travailler dans des \u00e9coles multiculturelles, r\u00e9duisant l\u2019\u00e9vitement scolaire.<\/p>\n\n\n\n<h6 class=\"wp-block-heading\">4.2. M\u00e9diateurs interculturels certifi\u00e9s<\/h6>\n\n\n\n<p class=\"wp-block-paragraph\">Professionnalisation obligatoire pour \u00e9viter que des m\u00e9diateurs non form\u00e9s ne renforcent des logiques communautaires.<\/p>\n\n\n\n<hr class=\"wp-block-separator has-alpha-channel-opacity\"\/>\n\n\n\n<h5 class=\"wp-block-heading\">5. <strong>Lutte contre la ghetto\u00efsation scolaire<\/strong><\/h5>\n\n\n\n<h6 class=\"wp-block-heading\">5.1. Carte scolaire modernis\u00e9e<\/h6>\n\n\n\n<p class=\"wp-block-paragraph\">Revoir l\u2019affectation pour \u00e9viter que certaines \u00e9coles ne d\u00e9passent <strong>50 % d\u2019\u00e9l\u00e8ves en parcours d\u2019int\u00e9gration<\/strong>.<\/p>\n\n\n\n<h6 class=\"wp-block-heading\">5.2. Bonus financier pour mixit\u00e9<\/h6>\n\n\n\n<p class=\"wp-block-paragraph\">Financements suppl\u00e9mentaires pour les \u00e9coles qui maintiennent une diversit\u00e9 \u00e9quilibr\u00e9e.<\/p>\n\n\n\n<hr class=\"wp-block-separator has-alpha-channel-opacity\"\/>\n\n\n\n<h5 class=\"wp-block-heading\">6. <strong>Exigence civique et respect des valeurs belges<\/strong><\/h5>\n\n\n\n<h6 class=\"wp-block-heading\">6.1. Cours civique obligatoire pour les nouveaux arrivants<\/h6>\n\n\n\n<p class=\"wp-block-paragraph\">Incluant :<\/p>\n\n\n\n<ul class=\"wp-block-list\">\n<li>\u00e9galit\u00e9 hommes-femmes,<\/li>\n\n\n\n<li>libert\u00e9 d\u2019expression,<\/li>\n\n\n\n<li>la\u00efcit\u00e9 de l\u2019\u00c9tat,<\/li>\n\n\n\n<li>histoire de la Belgique,<\/li>\n\n\n\n<li>r\u00e8gles disciplinaires.<\/li>\n<\/ul>\n\n\n\n<h6 class=\"wp-block-heading\">6.2. Contrat scolaire d\u2019int\u00e9gration<\/h6>\n\n\n\n<p class=\"wp-block-paragraph\">Signature d\u2019un <strong>contrat clair<\/strong> entre la famille et l\u2019\u00e9cole :<\/p>\n\n\n\n<ul class=\"wp-block-list\">\n<li>engagement de pr\u00e9sence,<\/li>\n\n\n\n<li>coop\u00e9ration parent\u2013\u00e9cole,<\/li>\n\n\n\n<li>respect des r\u00e8gles belges.<\/li>\n<\/ul>\n\n\n\n<p class=\"wp-block-paragraph\">Rupture r\u00e9p\u00e9t\u00e9e = r\u00e9\u00e9valuation du dossier de s\u00e9jour des parents (selon bases l\u00e9gales europ\u00e9ennes existantes).<\/p>\n\n\n\n<hr class=\"wp-block-separator has-alpha-channel-opacity\"\/>\n\n\n\n<h5 class=\"wp-block-heading\">7. <strong>Pr\u00e9vention budg\u00e9taire<\/strong><\/h5>\n\n\n\n<h6 class=\"wp-block-heading\">7.1. Fonds \u00ab Int\u00e9gration \u00c9ducation \u00bb<\/h6>\n\n\n\n<p class=\"wp-block-paragraph\">Un fonds national qui finance l\u2019int\u00e9gration <strong>uniquement<\/strong> avec :<\/p>\n\n\n\n<ul class=\"wp-block-list\">\n<li>la fiscalit\u00e9 suppl\u00e9mentaire g\u00e9n\u00e9r\u00e9e par l\u2019immigration qualifi\u00e9e,<\/li>\n\n\n\n<li>les \u00e9conomies li\u00e9es \u00e0 la baisse de l\u2019immigration irr\u00e9guli\u00e8re.<\/li>\n<\/ul>\n\n\n\n<h6 class=\"wp-block-heading\">7.2. Conditionnalit\u00e9 totale des aides sociales pour les nouveaux arrivants<\/h6>\n\n\n\n<p class=\"wp-block-paragraph\">Acc\u00e8s progressif et conditionn\u00e9 \u00e0 la participation aux cours de langue\/civisme.<\/p>\n\n\n\n<hr class=\"wp-block-separator has-alpha-channel-opacity\"\/>\n\n\n\n<h5 class=\"wp-block-heading\">8. <strong>Suivi et \u00e9valuation transparente<\/strong><\/h5>\n\n\n\n<h6 class=\"wp-block-heading\">8.1. Barom\u00e8tre annuel d\u2019impact migratoire sur l\u2019\u00e9cole<\/h6>\n\n\n\n<p class=\"wp-block-paragraph\">Publication des donn\u00e9es objectives :<\/p>\n\n\n\n<ul class=\"wp-block-list\">\n<li>saturation,<\/li>\n\n\n\n<li>co\u00fbts,<\/li>\n\n\n\n<li>niveaux scolaires,<\/li>\n\n\n\n<li>r\u00e9ussite linguistique.<\/li>\n<\/ul>\n\n\n\n<h6 class=\"wp-block-heading\">8.2. Ajustements automatiques<\/h6>\n\n\n\n<p class=\"wp-block-paragraph\">Les politiques sont recalibr\u00e9es chaque ann\u00e9e selon ces donn\u00e9es.<\/p>\n\n\n\n<hr class=\"wp-block-separator has-alpha-channel-opacity\"\/>\n\n\n\n<h6 class=\"wp-block-heading\">Synth\u00e8se <mark style=\"background-color:rgba(0, 0, 0, 0);color:#ff6900\" class=\"has-inline-color\">MDM<\/mark><\/h6>\n\n\n\n<p class=\"wp-block-paragraph\"><strong>Une immigration r\u00e9duite, ma\u00eetris\u00e9e et orient\u00e9e vers la capacit\u00e9 r\u00e9elle d\u2019int\u00e9gration \u00e9ducative du pays<\/strong>,<br>accompagn\u00e9e d\u2019<strong>exigence, de formation linguistique, de civisme et de protection du niveau acad\u00e9mique<\/strong>.<\/p>\n","protected":false},"excerpt":{"rendered":"<p>Voici une s\u00e9rie de propositions politiques coh\u00e9rentes avec la ligne du Mouvement Droite Moderniste (MDM) \u2014 c\u2019est-\u00e0-dire : modernistes, pragmatiques, fermes mais non id\u00e9ologiques, et relevant d\u2019un d\u00e9simmigrationnisme rationnel.Objectif : r\u00e9duire les pressions sur le syst\u00e8me \u00e9ducatif tout en acc\u00e9l\u00e9rant l\u2019int\u00e9gration et en pr\u00e9servant la qualit\u00e9 scolaire. Propositions politiques MDM \u00ab D\u00e9simmigrationnisme rationnel \u00bb appliqu\u00e9 [&hellip;]<\/p>\n","protected":false},"author":1,"featured_media":0,"comment_status":"open","ping_status":"open","sticky":false,"template":"","format":"standard","meta":{"_monsterinsights_skip_tracking":false,"_uf_show_specific_survey":0,"_uf_disable_surveys":false,"footnotes":""},"categories":[37],"tags":[],"class_list":["post-2142","post","type-post","status-publish","format-standard","hentry","category-ecole"],"_links":{"self":[{"href":"https:\/\/droitemoderniste.be\/index.php\/wp-json\/wp\/v2\/posts\/2142","targetHints":{"allow":["GET"]}}],"collection":[{"href":"https:\/\/droitemoderniste.be\/index.php\/wp-json\/wp\/v2\/posts"}],"about":[{"href":"https:\/\/droitemoderniste.be\/index.php\/wp-json\/wp\/v2\/types\/post"}],"author":[{"embeddable":true,"href":"https:\/\/droitemoderniste.be\/index.php\/wp-json\/wp\/v2\/users\/1"}],"replies":[{"embeddable":true,"href":"https:\/\/droitemoderniste.be\/index.php\/wp-json\/wp\/v2\/comments?post=2142"}],"version-history":[{"count":1,"href":"https:\/\/droitemoderniste.be\/index.php\/wp-json\/wp\/v2\/posts\/2142\/revisions"}],"predecessor-version":[{"id":2144,"href":"https:\/\/droitemoderniste.be\/index.php\/wp-json\/wp\/v2\/posts\/2142\/revisions\/2144"}],"wp:attachment":[{"href":"https:\/\/droitemoderniste.be\/index.php\/wp-json\/wp\/v2\/media?parent=2142"}],"wp:term":[{"taxonomy":"category","embeddable":true,"href":"https:\/\/droitemoderniste.be\/index.php\/wp-json\/wp\/v2\/categories?post=2142"},{"taxonomy":"post_tag","embeddable":true,"href":"https:\/\/droitemoderniste.be\/index.php\/wp-json\/wp\/v2\/tags?post=2142"}],"curies":[{"name":"wp","href":"https:\/\/api.w.org\/{rel}","templated":true}]}}