{"id":2139,"date":"2025-12-02T09:15:30","date_gmt":"2025-12-02T08:15:30","guid":{"rendered":"https:\/\/droitemoderniste.be\/?p=2139"},"modified":"2025-12-02T09:15:30","modified_gmt":"2025-12-02T08:15:30","slug":"immigration-et-cohesion-sociale","status":"publish","type":"post","link":"https:\/\/droitemoderniste.be\/index.php\/2025\/12\/02\/immigration-et-cohesion-sociale\/","title":{"rendered":"\u00ab\u00a0Immigration et coh\u00e9sion sociale\u00a0\u00bb"},"content":{"rendered":"\n<figure class=\"wp-block-image size-full\"><img loading=\"lazy\" decoding=\"async\" width=\"300\" height=\"168\" src=\"https:\/\/droitemoderniste.be\/wp-content\/uploads\/2025\/12\/immigmassive3.jpeg\" alt=\"\" class=\"wp-image-2140\"\/><\/figure>\n\n\n\n<p class=\"wp-block-paragraph\">Mesdames, Messieurs,<br>Chers concitoyens,<\/p>\n\n\n\n<p class=\"wp-block-paragraph\">Aujourd\u2019hui, nous devons parler franchement.<br>De l\u2019immigration.<br>De la vie dans nos quartiers.<br>De la comp\u00e9tition sur nos emplois, nos logements, nos \u00e9coles\u2026<br>Mais surtout, de <strong>la dignit\u00e9 et la s\u00e9curit\u00e9 sociale des familles populaires<\/strong>.<\/p>\n\n\n\n<p class=\"wp-block-paragraph\">Trop longtemps, certains ont instrumentalis\u00e9 la peur.<br>Ils vous ont dit : \u201cLes immigr\u00e9s prennent tout.<br>Ils volent vos emplois.<br>Ils remplissent vos \u00e9coles.<br>Ils profitent de vos aides.\u201d<\/p>\n\n\n\n<p class=\"wp-block-paragraph\">Nous, nous ne voulons pas jouer ce jeu.<br>Nous ne voulons pas de peur.<br>Nous voulons <strong>solution et coh\u00e9sion<\/strong>.<\/p>\n\n\n\n<hr class=\"wp-block-separator has-alpha-channel-opacity\"\/>\n\n\n\n<h6 class=\"wp-block-heading\"><strong>Une immigration r\u00e9gul\u00e9e et utile<\/strong><\/h6>\n\n\n\n<p class=\"wp-block-paragraph\">Oui \u00e0 l\u2019immigration, <strong>mais r\u00e9fl\u00e9chie et contr\u00f4l\u00e9e<\/strong>.<br>Nous proposons :<\/p>\n\n\n\n<ul class=\"wp-block-list\">\n<li>Priorit\u00e9 aux m\u00e9tiers en p\u00e9nurie : sant\u00e9, construction, logistique, num\u00e9rique.<\/li>\n\n\n\n<li>R\u00e9partition r\u00e9gionale pour \u00e9viter la concentration et la pression sur certains quartiers.<\/li>\n\n\n\n<li>Un <strong>contrat d\u2019int\u00e9gration citoyenne<\/strong> : langue, civisme, droits et devoirs.<\/li>\n\n\n\n<li>Une formation professionnelle obligatoire pour travailler et contribuer \u00e0 la soci\u00e9t\u00e9.<\/li>\n<\/ul>\n\n\n\n<p class=\"wp-block-paragraph\">Immigration positive = <strong>travail et int\u00e9gration<\/strong>, pas pression sur vos droits.<\/p>\n\n\n\n<hr class=\"wp-block-separator has-alpha-channel-opacity\"\/>\n\n\n\n<h6 class=\"wp-block-heading\"><strong>Pour nos quartiers et nos familles<\/strong><\/h6>\n\n\n\n<p class=\"wp-block-paragraph\">Nous voulons des <strong>quartiers mixtes et vivants<\/strong>, pas des ghettos.<\/p>\n\n\n\n<ul class=\"wp-block-list\">\n<li>Logements m\u00e9lang\u00e9s : habitants anciens, jeunes travailleurs, nouveaux arrivants.<\/li>\n\n\n\n<li>Espaces communs : sport, culture, associations locales.<\/li>\n\n\n\n<li>Participation active des habitants \u00e0 l\u2019organisation et \u00e0 la vie du quartier.<\/li>\n<\/ul>\n\n\n\n<p class=\"wp-block-paragraph\">Et si un probl\u00e8me survient, nous aurons des <strong>services de m\u00e9diation interculturelle<\/strong>.<br>Pas pour punir.<br>Pour <strong>pr\u00e9venir les tensions, \u00e9couter et r\u00e9soudre les conflits<\/strong>.<\/p>\n\n\n\n<hr class=\"wp-block-separator has-alpha-channel-opacity\"\/>\n\n\n\n<h6 class=\"wp-block-heading\"><strong>Priorit\u00e9 aux classes populaires<\/strong><\/h6>\n\n\n\n<p class=\"wp-block-paragraph\">Nous ne laisserons jamais vos familles derri\u00e8re.<\/p>\n\n\n\n<ul class=\"wp-block-list\">\n<li>Les aides sociales b\u00e9n\u00e9ficieront d\u2019abord aux r\u00e9sidents et aux familles \u00e9tablies.<\/li>\n\n\n\n<li>Les nouveaux arrivants acc\u00e8deront aux aides <strong>proportionnellement \u00e0 leur int\u00e9gration et participation au march\u00e9 du travail<\/strong>.<\/li>\n\n\n\n<li>Les communes recevront un <strong>fonds de coh\u00e9sion<\/strong> pour \u00e9coles, cr\u00e8ches, infrastructures et activit\u00e9s locales.<\/li>\n<\/ul>\n\n\n\n<p class=\"wp-block-paragraph\">Prot\u00e9ger les plus faibles et renforcer la coh\u00e9sion sociale : voil\u00e0 notre priorit\u00e9.<\/p>\n\n\n\n<hr class=\"wp-block-separator has-alpha-channel-opacity\"\/>\n\n\n\n<h6 class=\"wp-block-heading\"><strong>Int\u00e9gration r\u00e9elle = s\u00e9curit\u00e9 pour tous<\/strong><\/h6>\n\n\n\n<p class=\"wp-block-paragraph\">Chaque enfant suivi, chaque famille accompagn\u00e9e, chaque jeune form\u00e9, c\u2019est :<\/p>\n\n\n\n<ul class=\"wp-block-list\">\n<li>moins de marginalisation<\/li>\n\n\n\n<li>moins de tensions<\/li>\n\n\n\n<li>plus de prosp\u00e9rit\u00e9 partag\u00e9e<\/li>\n\n\n\n<li>plus de <strong>fiert\u00e9 pour notre Belgique populaire<\/strong><\/li>\n<\/ul>\n\n\n\n<p class=\"wp-block-paragraph\">Nous voulons que chacun puisse dire :<\/p>\n\n\n\n<p class=\"wp-block-paragraph\"><em>\u201cJe suis Belge. Je vis ici. Je contribue. Et je suis respect\u00e9.\u201d<\/em><\/p>\n\n\n\n<hr class=\"wp-block-separator has-alpha-channel-opacity\"\/>\n\n\n\n<h6 class=\"wp-block-heading\"><strong>Message final<\/strong><\/h6>\n\n\n\n<p class=\"wp-block-paragraph\">\u00c0 vous qui vous levez t\u00f4t, qui travaillez dur, qui \u00e9levez vos enfants, qui construisez vos quartiers :<\/p>\n\n\n\n<p class=\"wp-block-paragraph\">L\u2019immigration ne sera pas un danger pour vos droits.<br>Elle sera <strong>un outil de coh\u00e9sion, d\u2019emplois et de solidarit\u00e9<\/strong>.<br>Elle sera int\u00e9gr\u00e9e. Encadr\u00e9e. Responsable.<\/p>\n\n\n\n<p class=\"wp-block-paragraph\">Et ensemble, nous ferons de nos villes, de nos villages, de nos quartiers, des lieux o\u00f9 chacun a sa place, o\u00f9 chacun progresse, et o\u00f9 <strong>aucune famille populaire ne sera laiss\u00e9e pour compte<\/strong>.<\/p>\n\n\n\n<p class=\"wp-block-paragraph\"><strong>Racines fortes. Regard neuf.<\/strong><strong><br>Pour une Belgique coh\u00e9rente, juste et fi\u00e8re.<\/strong><\/p>\n","protected":false},"excerpt":{"rendered":"<p>Mesdames, Messieurs,Chers concitoyens, Aujourd\u2019hui, nous devons parler franchement.De l\u2019immigration.De la vie dans nos quartiers.De la comp\u00e9tition sur nos emplois, nos logements, nos \u00e9coles\u2026Mais surtout, de la dignit\u00e9 et la s\u00e9curit\u00e9 sociale des familles populaires. Trop longtemps, certains ont instrumentalis\u00e9 la peur.Ils vous ont dit : \u201cLes immigr\u00e9s prennent tout.Ils volent vos emplois.Ils remplissent vos \u00e9coles.Ils [&hellip;]<\/p>\n","protected":false},"author":1,"featured_media":0,"comment_status":"open","ping_status":"open","sticky":false,"template":"","format":"standard","meta":{"_monsterinsights_skip_tracking":false,"_uf_show_specific_survey":0,"_uf_disable_surveys":false,"footnotes":""},"categories":[42,1],"tags":[],"class_list":["post-2139","post","type-post","status-publish","format-standard","hentry","category-discours","category-immigration"],"_links":{"self":[{"href":"https:\/\/droitemoderniste.be\/index.php\/wp-json\/wp\/v2\/posts\/2139","targetHints":{"allow":["GET"]}}],"collection":[{"href":"https:\/\/droitemoderniste.be\/index.php\/wp-json\/wp\/v2\/posts"}],"about":[{"href":"https:\/\/droitemoderniste.be\/index.php\/wp-json\/wp\/v2\/types\/post"}],"author":[{"embeddable":true,"href":"https:\/\/droitemoderniste.be\/index.php\/wp-json\/wp\/v2\/users\/1"}],"replies":[{"embeddable":true,"href":"https:\/\/droitemoderniste.be\/index.php\/wp-json\/wp\/v2\/comments?post=2139"}],"version-history":[{"count":1,"href":"https:\/\/droitemoderniste.be\/index.php\/wp-json\/wp\/v2\/posts\/2139\/revisions"}],"predecessor-version":[{"id":2141,"href":"https:\/\/droitemoderniste.be\/index.php\/wp-json\/wp\/v2\/posts\/2139\/revisions\/2141"}],"wp:attachment":[{"href":"https:\/\/droitemoderniste.be\/index.php\/wp-json\/wp\/v2\/media?parent=2139"}],"wp:term":[{"taxonomy":"category","embeddable":true,"href":"https:\/\/droitemoderniste.be\/index.php\/wp-json\/wp\/v2\/categories?post=2139"},{"taxonomy":"post_tag","embeddable":true,"href":"https:\/\/droitemoderniste.be\/index.php\/wp-json\/wp\/v2\/tags?post=2139"}],"curies":[{"name":"wp","href":"https:\/\/api.w.org\/{rel}","templated":true}]}}