{"id":2136,"date":"2025-12-01T10:59:55","date_gmt":"2025-12-01T09:59:55","guid":{"rendered":"https:\/\/droitemoderniste.be\/?p=2136"},"modified":"2025-12-01T10:59:55","modified_gmt":"2025-12-01T09:59:55","slug":"consequences-negatives-de-limmigration-sur-le-systeme-educatif-belge","status":"publish","type":"post","link":"https:\/\/droitemoderniste.be\/index.php\/2025\/12\/01\/consequences-negatives-de-limmigration-sur-le-systeme-educatif-belge\/","title":{"rendered":"Cons\u00e9quences (n\u00e9gatives) de l&rsquo;immigration sur le syst\u00e8me \u00e9ducatif belge"},"content":{"rendered":"\n<figure class=\"wp-block-image size-full\"><img loading=\"lazy\" decoding=\"async\" width=\"300\" height=\"168\" src=\"https:\/\/droitemoderniste.be\/wp-content\/uploads\/2025\/12\/ecole-pop2.jpg\" alt=\"\" class=\"wp-image-2137\"\/><\/figure>\n\n\n\n<p class=\"wp-block-paragraph\">Voici une analyse <strong>neutre, factuelle et non stigmatisante<\/strong>, centr\u00e9e sur les <strong>d\u00e9fis structurels<\/strong> que <em>toute<\/em> immigration&nbsp; pose \u00e0 un syst\u00e8me \u00e9ducatif \u2014 en l\u2019occurrence celui de la Belgique.<\/p>\n\n\n\n<p class=\"wp-block-paragraph\">Il ne s\u2019agit pas de juger les personnes migrantes, mais d\u2019expliquer les <strong>effets syst\u00e9miques<\/strong>, reconnus dans des \u00e9tudes en Belgique et ailleurs.<\/p>\n\n\n\n<hr class=\"wp-block-separator has-alpha-channel-opacity\"\/>\n\n\n\n<h6 class=\"wp-block-heading\">1. <strong>Pression sur les ressources scolaires<\/strong><\/h6>\n\n\n\n<p class=\"wp-block-paragraph\">Lorsque l\u2019arriv\u00e9e d\u2019\u00e9l\u00e8ves non francophones (ou non n\u00e9erlandophones) est importante dans certaines communes :<\/p>\n\n\n\n<ul class=\"wp-block-list\">\n<li>saturation des classes et des inscriptions (surtout dans les grandes villes : Bruxelles, Anvers, Li\u00e8ge) ;<\/li>\n\n\n\n<li>p\u00e9nurie d\u2019enseignants capables de g\u00e9rer des classes plus h\u00e9t\u00e9rog\u00e8nes ;<\/li>\n\n\n\n<li>n\u00e9cessit\u00e9 de cr\u00e9er davantage de dispositifs d\u2019accueil (DASPA, OKAN\u2026).<\/li>\n<\/ul>\n\n\n\n<p class=\"wp-block-paragraph\"><strong>Effet :<\/strong> D\u00e9gradation de la qualit\u00e9 d\u2019encadrement si les moyens ne suivent pas.<\/p>\n\n\n\n<hr class=\"wp-block-separator has-alpha-channel-opacity\"\/>\n\n\n\n<h6 class=\"wp-block-heading\">2. <strong>Difficult\u00e9s linguistiques qui ralentissent les apprentissages<\/strong><\/h6>\n\n\n\n<p class=\"wp-block-paragraph\">Une part des \u00e9l\u00e8ves immigr\u00e9s ou issus de l\u2019immigration r\u00e9cente n\u2019a pas le fran\u00e7ais\/le n\u00e9erlandais comme langue maternelle.<br>Cons\u00e9quences possibles :<\/p>\n\n\n\n<ul class=\"wp-block-list\">\n<li>retard scolaire accru ;<\/li>\n\n\n\n<li>difficult\u00e9s en math\u00e9matiques, sciences ou histoire li\u00e9es \u00e0 la langue ;<\/li>\n\n\n\n<li>classes qui progressent plus lentement si l\u2019enseignant doit g\u00e9rer plusieurs niveaux linguistiques.<\/li>\n<\/ul>\n\n\n\n<p class=\"wp-block-paragraph\"><strong>Effet :<\/strong> Accentuation de l\u2019\u00e9cart entre \u00e9coles favoris\u00e9es et \u00e9coles d\u00e9favoris\u00e9es.<\/p>\n\n\n\n<hr class=\"wp-block-separator has-alpha-channel-opacity\"\/>\n\n\n\n<h6 class=\"wp-block-heading\">3. <strong>Segmentation scolaire et \u201cghetto\u00efsation\u201d<\/strong><\/h6>\n\n\n\n<p class=\"wp-block-paragraph\">L\u2019immigration a un impact <strong>indirect<\/strong> via la fuite des familles belges de classe moyenne vers :<\/p>\n\n\n\n<ul class=\"wp-block-list\">\n<li>d\u2019autres \u00e9coles ;<\/li>\n\n\n\n<li>le priv\u00e9 ;<\/li>\n\n\n\n<li>des communes plus r\u00e9sidentielles.<\/li>\n<\/ul>\n\n\n\n<p class=\"wp-block-paragraph\">Ce ph\u00e9nom\u00e8ne de <em>school flight<\/em> augmente :<\/p>\n\n\n\n<ul class=\"wp-block-list\">\n<li>la concentration d\u2019\u00e9l\u00e8ves vuln\u00e9rables dans certaines \u00e9coles ;<\/li>\n\n\n\n<li>les in\u00e9galit\u00e9s entre \u00e9tablissements ;<\/li>\n\n\n\n<li>la difficult\u00e9 pour ces \u00e9coles de maintenir un climat d\u2019apprentissage optimal.<\/li>\n<\/ul>\n\n\n\n<hr class=\"wp-block-separator has-alpha-channel-opacity\"\/>\n\n\n\n<h6 class=\"wp-block-heading\">4. <strong>Choc culturel et difficult\u00e9s d\u2019int\u00e9gration<\/strong><\/h6>\n\n\n\n<p class=\"wp-block-paragraph\">Lorsque la diversit\u00e9 culturelle n\u2019est pas accompagn\u00e9e correctement :<\/p>\n\n\n\n<ul class=\"wp-block-list\">\n<li>tensions ou incompr\u00e9hensions entre \u00e9l\u00e8ves ;<\/li>\n\n\n\n<li>difficult\u00e9s de collaboration parents\u2013\u00e9cole (barri\u00e8re linguistique, normes \u00e9ducatives diff\u00e9rentes).<\/li>\n<\/ul>\n\n\n\n<p class=\"wp-block-paragraph\"><strong>Effet :<\/strong> Climat scolaire parfois plus complexe \u00e0 g\u00e9rer.<\/p>\n\n\n\n<hr class=\"wp-block-separator has-alpha-channel-opacity\"\/>\n\n\n\n<h6 class=\"wp-block-heading\">5. <strong>Co\u00fbts suppl\u00e9mentaires pour l\u2019\u00c9tat sans ajustements rapides<\/strong><\/h6>\n\n\n\n<p class=\"wp-block-paragraph\">L\u2019accueil d\u2019\u00e9l\u00e8ves nouvellement arriv\u00e9s implique :<\/p>\n\n\n\n<ul class=\"wp-block-list\">\n<li>dispositifs de rem\u00e9diation linguistique ;<\/li>\n\n\n\n<li>assistants sociaux et m\u00e9diateurs culturels ;<\/li>\n\n\n\n<li>formation sp\u00e9cifique des enseignants ;<\/li>\n\n\n\n<li>soutien psychologique (pour enfants r\u00e9fugi\u00e9s par exemple).<\/li>\n<\/ul>\n\n\n\n<p class=\"wp-block-paragraph\"><strong>Effet :<\/strong> Budget \u00e9ducatif sous pression si l\u2019augmentation de population n\u2019est pas planifi\u00e9e.<\/p>\n\n\n\n<hr class=\"wp-block-separator has-alpha-channel-opacity\"\/>\n\n\n\n<h6 class=\"wp-block-heading\">6. <strong>Impact sur les performances globales du syst\u00e8me<\/strong><\/h6>\n\n\n\n<p class=\"wp-block-paragraph\">La Belgique est d\u00e9j\u00e0 l\u2019un des pays europ\u00e9ens o\u00f9 :<\/p>\n\n\n\n<ul class=\"wp-block-list\">\n<li>les r\u00e9sultats scolaires d\u00e9pendent fortement de l\u2019origine sociale,<\/li>\n\n\n\n<li>et o\u00f9 les in\u00e9galit\u00e9s entre \u00e9coles sont fortes.<\/li>\n<\/ul>\n\n\n\n<p class=\"wp-block-paragraph\">Une immigration mal encadr\u00e9e peut <strong>amplifier<\/strong> ces dynamiques d\u00e9j\u00e0 probl\u00e9matiques.<\/p>\n\n\n\n<hr class=\"wp-block-separator has-alpha-channel-opacity\"\/>\n\n\n\n<h6 class=\"wp-block-heading\">\u00c0 noter<\/h6>\n\n\n\n<p class=\"wp-block-paragraph\">Ces cons\u00e9quences <strong>ne sont pas automatiques<\/strong> : elles d\u00e9pendent du <strong>volume<\/strong>, de la <strong>rapidit\u00e9<\/strong>, de la <strong>r\u00e9partition g\u00e9ographique<\/strong> et surtout\u2026 <strong>de la capacit\u00e9 du syst\u00e8me \u00e9ducatif belge \u00e0 s\u2019adapter<\/strong>.<\/p>\n\n\n\n<p class=\"wp-block-paragraph\">L\u2019immigration peut aussi avoir des effets positifs (diversit\u00e9 culturelle, r\u00e9sorption du vieillissement d\u00e9mographique, nouveaux talents, dynamisme \u00e9conomique).<br>Le probl\u00e8me n\u2019est donc pas <em>l\u2019immigration en soi<\/em>, mais la <strong>gestion<\/strong> de celle-ci.<\/p>\n\n\n\n<p class=\"wp-block-paragraph\"><\/p>\n","protected":false},"excerpt":{"rendered":"<p>Voici une analyse neutre, factuelle et non stigmatisante, centr\u00e9e sur les d\u00e9fis structurels que toute immigration&nbsp; pose \u00e0 un syst\u00e8me \u00e9ducatif \u2014 en l\u2019occurrence celui de la Belgique. Il ne s\u2019agit pas de juger les personnes migrantes, mais d\u2019expliquer les effets syst\u00e9miques, reconnus dans des \u00e9tudes en Belgique et ailleurs. 1. Pression sur les ressources [&hellip;]<\/p>\n","protected":false},"author":1,"featured_media":0,"comment_status":"open","ping_status":"open","sticky":false,"template":"","format":"standard","meta":{"_monsterinsights_skip_tracking":false,"_uf_show_specific_survey":0,"_uf_disable_surveys":false,"footnotes":""},"categories":[37],"tags":[],"class_list":["post-2136","post","type-post","status-publish","format-standard","hentry","category-ecole"],"_links":{"self":[{"href":"https:\/\/droitemoderniste.be\/index.php\/wp-json\/wp\/v2\/posts\/2136","targetHints":{"allow":["GET"]}}],"collection":[{"href":"https:\/\/droitemoderniste.be\/index.php\/wp-json\/wp\/v2\/posts"}],"about":[{"href":"https:\/\/droitemoderniste.be\/index.php\/wp-json\/wp\/v2\/types\/post"}],"author":[{"embeddable":true,"href":"https:\/\/droitemoderniste.be\/index.php\/wp-json\/wp\/v2\/users\/1"}],"replies":[{"embeddable":true,"href":"https:\/\/droitemoderniste.be\/index.php\/wp-json\/wp\/v2\/comments?post=2136"}],"version-history":[{"count":1,"href":"https:\/\/droitemoderniste.be\/index.php\/wp-json\/wp\/v2\/posts\/2136\/revisions"}],"predecessor-version":[{"id":2138,"href":"https:\/\/droitemoderniste.be\/index.php\/wp-json\/wp\/v2\/posts\/2136\/revisions\/2138"}],"wp:attachment":[{"href":"https:\/\/droitemoderniste.be\/index.php\/wp-json\/wp\/v2\/media?parent=2136"}],"wp:term":[{"taxonomy":"category","embeddable":true,"href":"https:\/\/droitemoderniste.be\/index.php\/wp-json\/wp\/v2\/categories?post=2136"},{"taxonomy":"post_tag","embeddable":true,"href":"https:\/\/droitemoderniste.be\/index.php\/wp-json\/wp\/v2\/tags?post=2136"}],"curies":[{"name":"wp","href":"https:\/\/api.w.org\/{rel}","templated":true}]}}