{"id":2117,"date":"2025-11-28T14:15:11","date_gmt":"2025-11-28T13:15:11","guid":{"rendered":"https:\/\/droitemoderniste.be\/?p=2117"},"modified":"2025-11-28T14:15:11","modified_gmt":"2025-11-28T13:15:11","slug":"la-dignite-ne-se-mendie-pas-elle-se-defend","status":"publish","type":"post","link":"https:\/\/droitemoderniste.be\/index.php\/2025\/11\/28\/la-dignite-ne-se-mendie-pas-elle-se-defend\/","title":{"rendered":"\u00ab\u00a0La dignit\u00e9 ne se mendie pas, elle se d\u00e9fend !\u00a0\u00bb"},"content":{"rendered":"\n<figure class=\"wp-block-image size-full\"><img loading=\"lazy\" decoding=\"async\" width=\"300\" height=\"168\" src=\"https:\/\/droitemoderniste.be\/wp-content\/uploads\/2025\/11\/peuple-belge0.jpg\" alt=\"\" class=\"wp-image-2118\"\/><\/figure>\n\n\n\n<p class=\"wp-block-paragraph\">Peuple de Belgique !<br>Familles populaires !<br>Jeunes de nos quartiers, de nos villages, de nos villes !<\/p>\n\n\n\n<p class=\"wp-block-paragraph\">Aujourd\u2019hui, on vous dit d\u2019\u00eatre patients.<br>On vous dit \u201cfaites des efforts\u201d.<br>On vous dit \u201cattendez\u201d.<\/p>\n\n\n\n<p class=\"wp-block-paragraph\">Mais \u00e7a fait <strong>20 ans<\/strong> qu\u2019on attend !<br>20 ans qu\u2019on vous promet \u201cr\u00e9formes\u201d, \u201cplans sociaux\u201d, \u201ctransition\u201d\u2026<br>Et pendant ce temps, qui trinque ?<br><strong>C\u2019est vous.<\/strong><\/p>\n\n\n\n<p class=\"wp-block-paragraph\">Pendant que certains se gavent sur votre dos,<br>Pendant que les technocrates jouent avec les chiffres,<br>Vous, vous vivez le r\u00e9el :<br>Les factures qui explosent,<br>Les loyers qui \u00e9tranglent,<br>Les services publics qui s\u2019effondrent,<br>Les jeunes livr\u00e9s \u00e0 eux-m\u00eames,<br>Les familles qui comptent les euros \u00e0 la fin du mois.<\/p>\n\n\n\n<p class=\"wp-block-paragraph\">Eh bien, moi je vous le dis :<br><strong>\u00c7a suffit !<\/strong><\/p>\n\n\n\n<p class=\"wp-block-paragraph\">La dignit\u00e9 populaire n\u2019est pas un bonus.<br>La s\u00e9curit\u00e9 sociale n\u2019est pas un privil\u00e8ge.<br><strong>C\u2019est un droit. C\u2019est la base. C\u2019est non n\u00e9gociable.<\/strong><\/p>\n\n\n\n<p class=\"wp-block-paragraph\">Nous ne voulons plus d\u2019une Belgique qui serre la ceinture aux familles<br>et d\u00e9roule le tapis rouge aux puissants.<br>Nous ne voulons plus d\u2019un \u00c9tat bureaucrate qui contr\u00f4le<br>mais n\u2019accompagne pas,<br>qui punit mais n\u2019aide pas,<br>qui promet mais n\u2019agit jamais.<\/p>\n\n\n\n<p class=\"wp-block-paragraph\">Nous voulons un \u00c9tat <strong>qui prot\u00e8ge<\/strong> !<br>Un \u00c9tat <strong>qui respecte<\/strong> !<br>Un \u00c9tat <strong>qui sert le peuple et non l\u2019inverse<\/strong> !<\/p>\n\n\n\n<p class=\"wp-block-paragraph\">Alors oui, nous disons :<br>Bouclier social pour les familles modestes !<br>Assurance coup dur pour \u00e9viter la chute sociale !<br>Maisons publiques de quartier, <strong>pas des labyrinthes administratifs<\/strong> !<br>Retour vers l\u2019emploi local, <strong>pas des programmes fant\u00f4mes<\/strong> !<br>Et un service public <strong>humain, rapide, simple, efficace !<\/strong><\/p>\n\n\n\n<p class=\"wp-block-paragraph\">Ce n\u2019est pas du luxe.<br>C\u2019est du respect.<br>C\u2019est du bon sens.<br>C\u2019est <strong>la Belgique qu\u2019on m\u00e9rite.<\/strong><\/p>\n\n\n\n<p class=\"wp-block-paragraph\">On ne veut pas l&rsquo;assistanat \u2014<br>On veut <strong>la dignit\u00e9, l\u2019autonomie, la r\u00e9ussite<\/strong> !<br>On ne demande pas qu&rsquo;on nous donne tout \u2014<br>On exige <strong>d\u2019avoir une chance, une vraie !<\/strong><\/p>\n\n\n\n<p class=\"wp-block-paragraph\">Et \u00e0 ceux qui disent<br>\u201cCe n\u2019est pas possible\u201d,<br>\u201cVous r\u00eavez trop grand\u201d,<br>Je r\u00e9ponds :<br><strong>C\u2019est vous qui pensez trop petit.<\/strong><\/p>\n\n\n\n<p class=\"wp-block-paragraph\">Parce que nous, nous croyons au peuple.<br>Nous croyons en la Belgique populaire,<br>celle qui travaille, qui se l\u00e8ve t\u00f4t,<br>celle qui n\u2019abandonne jamais.<\/p>\n\n\n\n<p class=\"wp-block-paragraph\">Et nous le disons haut et fort :<br>La Belgique n\u2019a pas besoin de plus de cynisme.<br>Elle a besoin de <strong>courage<\/strong>.<br>Elle a besoin de <strong>vous<\/strong>.<br>Elle a besoin d\u2019un mouvement qui ne parle pas <em>sur<\/em> le peuple,<br>mais <strong>avec le peuple, pour le peuple.<\/strong><\/p>\n\n\n\n<p class=\"wp-block-paragraph\"><strong>Racines fortes, regard neuf.<br>Belgique debout.<br>Peuple debout.<br>On ne mendie pas la dignit\u00e9 \u2014 on la reprend !<\/strong><\/p>\n\n\n\n<p class=\"wp-block-paragraph\">Merci.<\/p>\n","protected":false},"excerpt":{"rendered":"<p>Peuple de Belgique !Familles populaires !Jeunes de nos quartiers, de nos villages, de nos villes ! Aujourd\u2019hui, on vous dit d\u2019\u00eatre patients.On vous dit \u201cfaites des efforts\u201d.On vous dit \u201cattendez\u201d. Mais \u00e7a fait 20 ans qu\u2019on attend !20 ans qu\u2019on vous promet \u201cr\u00e9formes\u201d, \u201cplans sociaux\u201d, \u201ctransition\u201d\u2026Et pendant ce temps, qui trinque ?C\u2019est vous. Pendant que [&hellip;]<\/p>\n","protected":false},"author":1,"featured_media":0,"comment_status":"open","ping_status":"open","sticky":false,"template":"","format":"standard","meta":{"_monsterinsights_skip_tracking":false,"_uf_show_specific_survey":0,"_uf_disable_surveys":false,"footnotes":""},"categories":[42,10],"tags":[],"class_list":["post-2117","post","type-post","status-publish","format-standard","hentry","category-discours","category-securite-sociale"],"_links":{"self":[{"href":"https:\/\/droitemoderniste.be\/index.php\/wp-json\/wp\/v2\/posts\/2117","targetHints":{"allow":["GET"]}}],"collection":[{"href":"https:\/\/droitemoderniste.be\/index.php\/wp-json\/wp\/v2\/posts"}],"about":[{"href":"https:\/\/droitemoderniste.be\/index.php\/wp-json\/wp\/v2\/types\/post"}],"author":[{"embeddable":true,"href":"https:\/\/droitemoderniste.be\/index.php\/wp-json\/wp\/v2\/users\/1"}],"replies":[{"embeddable":true,"href":"https:\/\/droitemoderniste.be\/index.php\/wp-json\/wp\/v2\/comments?post=2117"}],"version-history":[{"count":1,"href":"https:\/\/droitemoderniste.be\/index.php\/wp-json\/wp\/v2\/posts\/2117\/revisions"}],"predecessor-version":[{"id":2119,"href":"https:\/\/droitemoderniste.be\/index.php\/wp-json\/wp\/v2\/posts\/2117\/revisions\/2119"}],"wp:attachment":[{"href":"https:\/\/droitemoderniste.be\/index.php\/wp-json\/wp\/v2\/media?parent=2117"}],"wp:term":[{"taxonomy":"category","embeddable":true,"href":"https:\/\/droitemoderniste.be\/index.php\/wp-json\/wp\/v2\/categories?post=2117"},{"taxonomy":"post_tag","embeddable":true,"href":"https:\/\/droitemoderniste.be\/index.php\/wp-json\/wp\/v2\/tags?post=2117"}],"curies":[{"name":"wp","href":"https:\/\/api.w.org\/{rel}","templated":true}]}}