{"id":2114,"date":"2025-11-28T09:38:46","date_gmt":"2025-11-28T08:38:46","guid":{"rendered":"https:\/\/droitemoderniste.be\/?p=2114"},"modified":"2025-11-28T09:38:46","modified_gmt":"2025-11-28T08:38:46","slug":"integration-europeenne-de-lukraine-position-du-mdm","status":"publish","type":"post","link":"https:\/\/droitemoderniste.be\/index.php\/2025\/11\/28\/integration-europeenne-de-lukraine-position-du-mdm\/","title":{"rendered":"Int\u00e9gration europ\u00e9enne de l&rsquo;Ukraine : position du MDM"},"content":{"rendered":"\n<figure class=\"wp-block-image size-full\"><img loading=\"lazy\" decoding=\"async\" width=\"300\" height=\"168\" src=\"https:\/\/droitemoderniste.be\/wp-content\/uploads\/2025\/11\/Ursula-Keir-Emmanuel.jpg\" alt=\"\" class=\"wp-image-2115\"\/><\/figure>\n\n\n\n<p class=\"wp-block-paragraph\"><em>Le <mark style=\"background-color:rgba(0, 0, 0, 0);color:#ff6900\" class=\"has-inline-color\">MDM<\/mark> soutient l\u2019Ukraine dans son combat pour sa souverainet\u00e9 et ses valeurs d\u00e9mocratiques. Nous appuyons une perspective europ\u00e9enne, mais l\u2019\u00e9largissement doit \u00eatre ma\u00eetris\u00e9, progressif et conditionn\u00e9. La priorit\u00e9 doit \u00eatre la consolidation interne de l\u2019UE avant son extension.<\/em><\/p>\n\n\n\n<h6 class=\"wp-block-heading\">Principes directeurs<\/h6>\n\n\n\n<figure class=\"wp-block-table\"><table class=\"has-fixed-layout\"><thead><tr><td><strong>Principe du <mark style=\"background-color:rgba(0, 0, 0, 0);color:#ff6900\" class=\"has-inline-color\">MDM<\/mark><\/strong><\/td><td><strong>Application \u00e0 ce sujet<\/strong><strong><\/strong><\/td><\/tr><\/thead><tbody><tr><td>Souverainisme \u00e9clair\u00e9<\/td><td>Ma\u00eetriser le rythme d\u2019\u00e9largissement, prot\u00e9ger souverainet\u00e9 et capacit\u00e9s \u00e9conomiques belges<\/td><\/tr><tr><td>Europ\u00e9isme moderniste<\/td><td>Soutenir l\u2019UE mais r\u00e9clamer une r\u00e9forme avant expansion<\/td><\/tr><tr><td>Protectionnisme raisonn\u00e9<\/td><td>Pr\u00e9venir un choc agricole\/industriel majeur en cas d\u2019int\u00e9gration rapide<\/td><\/tr><tr><td>Dirigisme mod\u00e9r\u00e9<\/td><td>Proposer un plan d\u2019int\u00e9gration par \u00e9tapes, pilot\u00e9, conditionn\u00e9<\/td><\/tr><tr><td>Patriotisme civique<\/td><td>Solidaires des Ukrainiens, tout en d\u00e9fendant l\u2019int\u00e9r\u00eat national<\/td><\/tr><\/tbody><\/table><\/figure>\n","protected":false},"excerpt":{"rendered":"<p>Le MDM soutient l\u2019Ukraine dans son combat pour sa souverainet\u00e9 et ses valeurs d\u00e9mocratiques. Nous appuyons une perspective europ\u00e9enne, mais l\u2019\u00e9largissement doit \u00eatre ma\u00eetris\u00e9, progressif et conditionn\u00e9. La priorit\u00e9 doit \u00eatre la consolidation interne de l\u2019UE avant son extension. Principes directeurs Principe du MDM Application \u00e0 ce sujet Souverainisme \u00e9clair\u00e9 Ma\u00eetriser le rythme d\u2019\u00e9largissement, prot\u00e9ger [&hellip;]<\/p>\n","protected":false},"author":1,"featured_media":0,"comment_status":"open","ping_status":"open","sticky":false,"template":"","format":"standard","meta":{"_monsterinsights_skip_tracking":false,"_uf_show_specific_survey":0,"_uf_disable_surveys":false,"footnotes":""},"categories":[41],"tags":[],"class_list":["post-2114","post","type-post","status-publish","format-standard","hentry","category-union-europeenne"],"_links":{"self":[{"href":"https:\/\/droitemoderniste.be\/index.php\/wp-json\/wp\/v2\/posts\/2114","targetHints":{"allow":["GET"]}}],"collection":[{"href":"https:\/\/droitemoderniste.be\/index.php\/wp-json\/wp\/v2\/posts"}],"about":[{"href":"https:\/\/droitemoderniste.be\/index.php\/wp-json\/wp\/v2\/types\/post"}],"author":[{"embeddable":true,"href":"https:\/\/droitemoderniste.be\/index.php\/wp-json\/wp\/v2\/users\/1"}],"replies":[{"embeddable":true,"href":"https:\/\/droitemoderniste.be\/index.php\/wp-json\/wp\/v2\/comments?post=2114"}],"version-history":[{"count":1,"href":"https:\/\/droitemoderniste.be\/index.php\/wp-json\/wp\/v2\/posts\/2114\/revisions"}],"predecessor-version":[{"id":2116,"href":"https:\/\/droitemoderniste.be\/index.php\/wp-json\/wp\/v2\/posts\/2114\/revisions\/2116"}],"wp:attachment":[{"href":"https:\/\/droitemoderniste.be\/index.php\/wp-json\/wp\/v2\/media?parent=2114"}],"wp:term":[{"taxonomy":"category","embeddable":true,"href":"https:\/\/droitemoderniste.be\/index.php\/wp-json\/wp\/v2\/categories?post=2114"},{"taxonomy":"post_tag","embeddable":true,"href":"https:\/\/droitemoderniste.be\/index.php\/wp-json\/wp\/v2\/tags?post=2114"}],"curies":[{"name":"wp","href":"https:\/\/api.w.org\/{rel}","templated":true}]}}