{"id":2111,"date":"2025-11-27T09:50:19","date_gmt":"2025-11-27T08:50:19","guid":{"rendered":"https:\/\/droitemoderniste.be\/?p=2111"},"modified":"2025-11-27T09:50:19","modified_gmt":"2025-11-27T08:50:19","slug":"la-dignite-sociale-nest-pas-negociable","status":"publish","type":"post","link":"https:\/\/droitemoderniste.be\/index.php\/2025\/11\/27\/la-dignite-sociale-nest-pas-negociable\/","title":{"rendered":"\u00ab\u00a0La dignit\u00e9 sociale n&rsquo;est pas n\u00e9gociable\u00a0\u00bb"},"content":{"rendered":"\n<figure class=\"wp-block-image size-full\"><img loading=\"lazy\" decoding=\"async\" width=\"300\" height=\"168\" src=\"https:\/\/droitemoderniste.be\/wp-content\/uploads\/2025\/11\/dignite-sociale.jpg\" alt=\"\" class=\"wp-image-2112\"\/><\/figure>\n\n\n\n<p class=\"wp-block-paragraph\">Belges,<br>Fr\u00e8res et s\u0153urs de nos quartiers populaires,<br>Jeunes qui cherchez votre place,<br>Parents qui vous battez pour vos enfants,<br>Travailleurs fatigu\u00e9s mais fiers,<br>Seniors qu\u2019on n\u2019\u00e9coute plus assez\u2026<\/p>\n\n\n\n<p class=\"wp-block-paragraph\">Ce pays a oubli\u00e9 quelque chose de simple, de sacr\u00e9 :<br><strong>La dignit\u00e9 du peuple.<\/strong><\/p>\n\n\n\n<p class=\"wp-block-paragraph\">On vous a parl\u00e9 d\u2019aust\u00e9rit\u00e9, de statistiques, de calculs comptables.<br>On vous a parl\u00e9 de sacrifices.<br>Mais on ne vous a plus parl\u00e9 de <strong>respect<\/strong>, de <strong>s\u00e9curit\u00e9 sociale r\u00e9elle<\/strong>, de <strong>tranquillit\u00e9 de vie<\/strong>, de <strong>fiert\u00e9<\/strong>.<\/p>\n\n\n\n<p class=\"wp-block-paragraph\">Les \u00e9lites qui vivent loin des fins de mois difficiles vous expliquent qu\u2019il n\u2019y a \u201cpas de moyens\u201d.<br>Mais il y a toujours des moyens pour le luxe, le gaspillage administratif, les int\u00e9r\u00eats particuliers.<\/p>\n\n\n\n<p class=\"wp-block-paragraph\">Nous, <mark style=\"background-color:rgba(0, 0, 0, 0);color:#ff6900\" class=\"has-inline-color\">Mouvement Droite Moderniste<\/mark>,<br>Nous disons autre chose.<br>Nous disons : <strong>La Belgique doit d\u2019abord prot\u00e9ger les siens.<\/strong><\/p>\n\n\n\n<p class=\"wp-block-paragraph\">Parce qu\u2019un pays qui laisse ses familles s\u2019endetter,<br>Ses jeunes se perdre,<br>Ses parents s\u2019\u00e9puiser,<br>Ses anciens s\u2019isoler,<br>Ce pays n\u2019est plus un pays :<br>C\u2019est une machine indiff\u00e9rente.<\/p>\n\n\n\n<p class=\"wp-block-paragraph\">Nous n\u2019acceptons pas \u00e7a.<br>Nous ne l\u2019accepterons jamais.<\/p>\n\n\n\n<p class=\"wp-block-paragraph\">Nous voulons une <strong>droite du c\u0153ur<\/strong>,<br>Une droite du <strong>peuple digne<\/strong>,<br>Une droite qui prot\u00e8ge <strong>avant de punir<\/strong>,<br>Une droite qui accompagne <strong>sans infantiliser<\/strong>,<br>Une droite qui dit :<\/p>\n\n\n\n<p class=\"wp-block-paragraph\"><strong>L\u2019assistanat humilie, l\u2019abandon d\u00e9truit. L\u2019accompagnement \u00e9l\u00e8ve.<\/strong><\/p>\n\n\n\n<p class=\"wp-block-paragraph\">Avec nous, aucun citoyen ne tombera dans le vide.<br>Avec nous, plus personne ne vivra la peur de l\u2019expulsion,<br>La coupure d\u2019\u00e9lectricit\u00e9 au c\u0153ur de l\u2019hiver,<br>La solitude forc\u00e9e,<br>L\u2019administration incompr\u00e9hensible.<\/p>\n\n\n\n<p class=\"wp-block-paragraph\">Nous instaurerons un <strong>bouclier de stabilit\u00e9 populaire<\/strong>,<br>Des <strong>maisons sociales de quartier humaines et proches<\/strong>,<br>Une <strong>assurance coup dur<\/strong>,<br>Un <strong>service de m\u00e9diation financi\u00e8re<\/strong>,<br>Un <strong>retour vers l\u2019emploi local<\/strong> pour ceux que le syst\u00e8me a laiss\u00e9s sur le bord de la route.<\/p>\n\n\n\n<p class=\"wp-block-paragraph\">Parce que <strong>la solidarit\u00e9 n\u2019est pas un slogan<\/strong>,<br>C\u2019est un devoir national.<\/p>\n\n\n\n<p class=\"wp-block-paragraph\">Et \u00e0 ceux qui disent que prot\u00e9ger les plus modestes est \u201ctrop ambitieux\u201d,<br>Nous r\u00e9pondons :<br>L\u2019ambition n\u2019est pas un luxe.<br>L\u2019ambition est notre h\u00e9ritage.<br>Nous sommes le pays de l\u2019effort, de l\u2019industrie, de la famille,<br>De la solidarit\u00e9 organis\u00e9e,<br>Du travail qui \u00e9l\u00e8ve et du progr\u00e8s partag\u00e9.<\/p>\n\n\n\n<p class=\"wp-block-paragraph\">Nous ne voulons pas d\u2019un peuple assist\u00e9.<br>Nous voulons un peuple <strong>debout<\/strong>, autonome, fier, capable.<\/p>\n\n\n\n<p class=\"wp-block-paragraph\">Nous voulons des jeunes form\u00e9s, confiants,<br>Des familles soutenues,<br>Des quartiers vivants,<br>Une Belgique o\u00f9 <strong>personne n\u2019a honte de son origine ou de sa condition<\/strong>,<br>Parce que chacun peut <strong>grimper, r\u00e9ussir, s\u2019accomplir<\/strong>.<\/p>\n\n\n\n<p class=\"wp-block-paragraph\">Peuple de Belgique,<br>L\u2019heure est venue de tourner la page des promesses creuses.<br>L\u2019heure est venue de b\u00e2tir une <strong>Belgique populaire moderne<\/strong>,<br>Une nation protectrice, juste, ambitieuse,<br>O\u00f9 l\u2019\u00c9tat n\u2019est pas un mur mais un tremplin.<\/p>\n\n\n\n<p class=\"wp-block-paragraph\">Notre combat n\u2019est pas contre quelqu\u2019un.<br>Notre combat est <strong>pour vous<\/strong>.<\/p>\n\n\n\n<p class=\"wp-block-paragraph\">Pour <strong>vos familles, vos droits, votre avenir<\/strong>.<\/p>\n\n\n\n<p class=\"wp-block-paragraph\">Rejoignez-nous.<br>Faites partie du mouvement qui ne m\u00e9prise pas le peuple \u2014<br>Mais qui le porte.<\/p>\n\n\n\n<p class=\"wp-block-paragraph\"><strong>Racines fortes, regard neuf.<br>Pour une Belgique digne.<br>Pour le peuple. Avec le peuple.<\/strong><\/p>\n\n\n\n<hr class=\"wp-block-separator has-alpha-channel-opacity\"\/>\n","protected":false},"excerpt":{"rendered":"<p>Belges,Fr\u00e8res et s\u0153urs de nos quartiers populaires,Jeunes qui cherchez votre place,Parents qui vous battez pour vos enfants,Travailleurs fatigu\u00e9s mais fiers,Seniors qu\u2019on n\u2019\u00e9coute plus assez\u2026 Ce pays a oubli\u00e9 quelque chose de simple, de sacr\u00e9 :La dignit\u00e9 du peuple. On vous a parl\u00e9 d\u2019aust\u00e9rit\u00e9, de statistiques, de calculs comptables.On vous a parl\u00e9 de sacrifices.Mais on ne [&hellip;]<\/p>\n","protected":false},"author":1,"featured_media":0,"comment_status":"open","ping_status":"open","sticky":false,"template":"","format":"standard","meta":{"_monsterinsights_skip_tracking":false,"_uf_show_specific_survey":0,"_uf_disable_surveys":false,"footnotes":""},"categories":[34],"tags":[],"class_list":["post-2111","post","type-post","status-publish","format-standard","hentry","category-mouvement-droite-moderniste"],"_links":{"self":[{"href":"https:\/\/droitemoderniste.be\/index.php\/wp-json\/wp\/v2\/posts\/2111","targetHints":{"allow":["GET"]}}],"collection":[{"href":"https:\/\/droitemoderniste.be\/index.php\/wp-json\/wp\/v2\/posts"}],"about":[{"href":"https:\/\/droitemoderniste.be\/index.php\/wp-json\/wp\/v2\/types\/post"}],"author":[{"embeddable":true,"href":"https:\/\/droitemoderniste.be\/index.php\/wp-json\/wp\/v2\/users\/1"}],"replies":[{"embeddable":true,"href":"https:\/\/droitemoderniste.be\/index.php\/wp-json\/wp\/v2\/comments?post=2111"}],"version-history":[{"count":1,"href":"https:\/\/droitemoderniste.be\/index.php\/wp-json\/wp\/v2\/posts\/2111\/revisions"}],"predecessor-version":[{"id":2113,"href":"https:\/\/droitemoderniste.be\/index.php\/wp-json\/wp\/v2\/posts\/2111\/revisions\/2113"}],"wp:attachment":[{"href":"https:\/\/droitemoderniste.be\/index.php\/wp-json\/wp\/v2\/media?parent=2111"}],"wp:term":[{"taxonomy":"category","embeddable":true,"href":"https:\/\/droitemoderniste.be\/index.php\/wp-json\/wp\/v2\/categories?post=2111"},{"taxonomy":"post_tag","embeddable":true,"href":"https:\/\/droitemoderniste.be\/index.php\/wp-json\/wp\/v2\/tags?post=2111"}],"curies":[{"name":"wp","href":"https:\/\/api.w.org\/{rel}","templated":true}]}}