{"id":2105,"date":"2025-11-26T11:26:41","date_gmt":"2025-11-26T10:26:41","guid":{"rendered":"https:\/\/droitemoderniste.be\/?p=2105"},"modified":"2025-11-26T11:26:41","modified_gmt":"2025-11-26T10:26:41","slug":"aux-jeunes-et-aux-familles-populaires","status":"publish","type":"post","link":"https:\/\/droitemoderniste.be\/index.php\/2025\/11\/26\/aux-jeunes-et-aux-familles-populaires\/","title":{"rendered":"\u00ab\u00a0Aux jeunes et aux familles populaires\u00a0\u00bb"},"content":{"rendered":"\n<figure class=\"wp-block-image size-full\"><img loading=\"lazy\" decoding=\"async\" width=\"285\" height=\"177\" src=\"https:\/\/droitemoderniste.be\/wp-content\/uploads\/2025\/11\/citoyens.jpg\" alt=\"\" class=\"wp-image-2106\"\/><\/figure>\n\n\n\n<p class=\"wp-block-paragraph\">Ch\u00e8res familles,<br>Chers jeunes,<\/p>\n\n\n\n<p class=\"wp-block-paragraph\">Aujourd\u2019hui, j\u2019ai envie de parler de vous.<br>De ceux qui portent ce pays sur leurs \u00e9paules sans bruit.<br>De ceux qui \u00e9l\u00e8vent des enfants, cherchent un logement digne, courent entre \u00e9cole, travail, factures, transports.<br>De ceux qui veulent juste vivre normalement \u2014 avec respect, avec dignit\u00e9, avec espoir.<\/p>\n\n\n\n<p class=\"wp-block-paragraph\">Et je veux parler aussi de vous, <strong>la jeunesse belge<\/strong>.<br>Qui veut r\u00e9ussir.<br>Qui veut apprendre, entreprendre, cr\u00e9er.<br>Qui veut rester ici, construire ici, s\u2019\u00e9lever ici \u2014 sans devoir partir pour avoir une chance.<\/p>\n\n\n\n<p class=\"wp-block-paragraph\">Parce que la v\u00e9rit\u00e9, c\u2019est que les jeunes et les familles populaires sont trop souvent les premiers oubli\u00e9s\u2026<br>et les premiers \u00e0 faire vivre la Belgique.<\/p>\n\n\n\n<hr class=\"wp-block-separator has-alpha-channel-opacity\"\/>\n\n\n\n<h6 class=\"wp-block-heading\"><strong>Notre engagement est clair :<\/strong><\/h6>\n\n\n\n<p class=\"wp-block-paragraph\"><strong>Vous donner les outils, le respect et les moyens d\u2019avancer.<\/strong><\/p>\n\n\n\n<ul class=\"wp-block-list\">\n<li>Pas des promesses creuses<\/li>\n\n\n\n<li>Pas des slogans politiques<\/li>\n\n\n\n<li>Du concret, du s\u00e9rieux, du terrain<\/li>\n<\/ul>\n\n\n\n<hr class=\"wp-block-separator has-alpha-channel-opacity\"\/>\n\n\n\n<h6 class=\"wp-block-heading\"><strong>Pour les familles<\/strong><\/h6>\n\n\n\n<p class=\"wp-block-paragraph\">Nous voulons une Belgique o\u00f9 :<\/p>\n\n\n\n<ul class=\"wp-block-list\">\n<li>obtenir un rendez-vous administratif ne demande pas trois semaines et trois certificats<\/li>\n\n\n\n<li>les transports publics sont accessibles aux parents et aux \u00e9tudiants<\/li>\n\n\n\n<li>les d\u00e9marches pour une cr\u00e8che ne ressemblent pas \u00e0 une guerre<\/li>\n\n\n\n<li>le logement ne d\u00e9vore pas tout le salaire<\/li>\n\n\n\n<li>l\u2019aide sociale accompagne, sans humilier<\/li>\n\n\n\n<li>l\u2019\u00e9cole soutient, orient\u00e9e vers la r\u00e9ussite, pas la r\u00e9signation<\/li>\n\n\n\n<li>les services publics vous respectent <strong>parce que vous faites tourner ce pays<\/strong><\/li>\n<\/ul>\n\n\n\n<p class=\"wp-block-paragraph\">Une Belgique o\u00f9 l\u2019\u00c9tat <strong>ne vous regarde pas de haut<\/strong>, mais <strong>marche \u00e0 vos c\u00f4t\u00e9s<\/strong>.<\/p>\n\n\n\n<hr class=\"wp-block-separator has-alpha-channel-opacity\"\/>\n\n\n\n<h6 class=\"wp-block-heading\"><strong>Pour les jeunes<\/strong><\/h6>\n\n\n\n<p class=\"wp-block-paragraph\">Nous voulons :<\/p>\n\n\n\n<ul class=\"wp-block-list\">\n<li><strong>un droit r\u00e9el \u00e0 la formation<\/strong> moderne et utile<\/li>\n\n\n\n<li>un accompagnement pour trouver un emploi digne, pas des stages-poubelles<\/li>\n\n\n\n<li>un service civique choisi, formateur, valorisant<\/li>\n\n\n\n<li>des espaces pour cr\u00e9er, entreprendre, s\u2019engager<\/li>\n\n\n\n<li>des services publics qui vous parlent votre langue, votre \u00e9poque<\/li>\n\n\n\n<li>des quartiers o\u00f9 habiter ne signifie pas \u00eatre enferm\u00e9 dans le d\u00e9terminisme<\/li>\n<\/ul>\n\n\n\n<p class=\"wp-block-paragraph\">Parce que <strong>vous n\u2019\u00eates pas la g\u00e9n\u00e9ration du probl\u00e8me \u2014 vous \u00eates la g\u00e9n\u00e9ration de l\u2019avenir<\/strong>.<\/p>\n\n\n\n<hr class=\"wp-block-separator has-alpha-channel-opacity\"\/>\n\n\n\n<h6 class=\"wp-block-heading\"><strong>Un \u00c9tat proche<\/strong><\/h6>\n\n\n\n<p class=\"wp-block-paragraph\">Nous voulons des :<\/p>\n\n\n\n<p class=\"wp-block-paragraph\">=&gt;<strong>Maisons publiques du quotidien<\/strong><br>Un seul endroit pour tout faire. Simple. Humain.<\/p>\n\n\n\n<p class=\"wp-block-paragraph\">=&gt;<strong>Bus administratifs itin\u00e9rants<\/strong><br>Dans les quartiers et villages oubli\u00e9s.<br>L\u2019\u00c9tat vient \u00e0 vous \u2014 pas l\u2019inverse.<\/p>\n\n\n\n<p class=\"wp-block-paragraph\">=&gt;<strong>Plateforme unique \u201cBelgique Directe\u201d<\/strong><br>Sans paperasse inutile, avec aide humaine et outils modernes.<\/p>\n\n\n\n<p class=\"wp-block-paragraph\">=&gt;<strong>Agents form\u00e9s au respect et \u00e0 l\u2019\u00e9coute<\/strong><br>L\u2019administration n\u2019est pas un tribunal.<br>C\u2019est un service au public.<\/p>\n\n\n\n<hr class=\"wp-block-separator has-alpha-channel-opacity\"\/>\n\n\n\n<h6 class=\"wp-block-heading\"><strong>Un mod\u00e8le social moderniste<\/strong><\/h6>\n\n\n\n<p class=\"wp-block-paragraph\">Nous croyons :<\/p>\n\n\n\n<ul class=\"wp-block-list\">\n<li>\u00e0 l\u2019effort<\/li>\n\n\n\n<li>\u00e0 la solidarit\u00e9<\/li>\n\n\n\n<li>\u00e0 la responsabilit\u00e9<\/li>\n\n\n\n<li>\u00e0 l\u2019autonomie<\/li>\n\n\n\n<li>au progr\u00e8s qui inclut tout le monde<\/li>\n\n\n\n<li>et surtout : <strong>\u00e0 l\u2019ascension sociale<\/strong><\/li>\n<\/ul>\n\n\n\n<p class=\"wp-block-paragraph\">Nous voulons une Belgique o\u00f9 <strong>\u00eatre n\u00e9 modeste n\u2019est pas une condamnation<\/strong>, mais un point de d\u00e9part.<\/p>\n\n\n\n<hr class=\"wp-block-separator has-alpha-channel-opacity\"\/>\n\n\n\n<h6 class=\"wp-block-heading\"><strong>Message final<\/strong><\/h6>\n\n\n\n<p class=\"wp-block-paragraph\">Aux familles populaires :<br><strong>Votre dignit\u00e9 m\u00e9rite des politiques dignes.<\/strong><\/p>\n\n\n\n<p class=\"wp-block-paragraph\">Aux jeunes :<br><strong>Votre \u00e9nergie m\u00e9rite un pays qui vous donne des ailes, pas des murs.<\/strong><\/p>\n\n\n\n<p class=\"wp-block-paragraph\">Nous sommes l\u00e0 pour que l\u2019\u00c9tat redevienne un alli\u00e9, pas un labyrinthe.<br>Pour que la solidarit\u00e9 soit un tremplin, pas une prison.<br>Pour que chaque enfant, chaque parent, chaque jeune puisse dire :<\/p>\n\n\n\n<p class=\"wp-block-paragraph\"><em>Ici, on a une chance.<\/em><em><br>Ici, on nous respecte.<br>Ici, on avance ensemble.<\/em><\/p>\n\n\n\n<p class=\"wp-block-paragraph\">Parce que <strong>la Belgique populaire, la Belgique des familles, la Belgique de la jeunesse \u2014 c\u2019est la vraie Belgique.<\/strong><\/p>\n\n\n\n<p class=\"wp-block-paragraph\">Merci.<\/p>\n","protected":false},"excerpt":{"rendered":"<p>Ch\u00e8res familles,Chers jeunes, Aujourd\u2019hui, j\u2019ai envie de parler de vous.De ceux qui portent ce pays sur leurs \u00e9paules sans bruit.De ceux qui \u00e9l\u00e8vent des enfants, cherchent un logement digne, courent entre \u00e9cole, travail, factures, transports.De ceux qui veulent juste vivre normalement \u2014 avec respect, avec dignit\u00e9, avec espoir. Et je veux parler aussi de vous, [&hellip;]<\/p>\n","protected":false},"author":1,"featured_media":0,"comment_status":"open","ping_status":"open","sticky":false,"template":"","format":"standard","meta":{"_monsterinsights_skip_tracking":false,"_uf_show_specific_survey":0,"_uf_disable_surveys":false,"footnotes":""},"categories":[16],"tags":[],"class_list":["post-2105","post","type-post","status-publish","format-standard","hentry","category-jeunes"],"_links":{"self":[{"href":"https:\/\/droitemoderniste.be\/index.php\/wp-json\/wp\/v2\/posts\/2105","targetHints":{"allow":["GET"]}}],"collection":[{"href":"https:\/\/droitemoderniste.be\/index.php\/wp-json\/wp\/v2\/posts"}],"about":[{"href":"https:\/\/droitemoderniste.be\/index.php\/wp-json\/wp\/v2\/types\/post"}],"author":[{"embeddable":true,"href":"https:\/\/droitemoderniste.be\/index.php\/wp-json\/wp\/v2\/users\/1"}],"replies":[{"embeddable":true,"href":"https:\/\/droitemoderniste.be\/index.php\/wp-json\/wp\/v2\/comments?post=2105"}],"version-history":[{"count":1,"href":"https:\/\/droitemoderniste.be\/index.php\/wp-json\/wp\/v2\/posts\/2105\/revisions"}],"predecessor-version":[{"id":2107,"href":"https:\/\/droitemoderniste.be\/index.php\/wp-json\/wp\/v2\/posts\/2105\/revisions\/2107"}],"wp:attachment":[{"href":"https:\/\/droitemoderniste.be\/index.php\/wp-json\/wp\/v2\/media?parent=2105"}],"wp:term":[{"taxonomy":"category","embeddable":true,"href":"https:\/\/droitemoderniste.be\/index.php\/wp-json\/wp\/v2\/categories?post=2105"},{"taxonomy":"post_tag","embeddable":true,"href":"https:\/\/droitemoderniste.be\/index.php\/wp-json\/wp\/v2\/tags?post=2105"}],"curies":[{"name":"wp","href":"https:\/\/api.w.org\/{rel}","templated":true}]}}