{"id":2100,"date":"2025-11-25T12:43:49","date_gmt":"2025-11-25T11:43:49","guid":{"rendered":"https:\/\/droitemoderniste.be\/?p=2100"},"modified":"2025-11-25T12:44:10","modified_gmt":"2025-11-25T11:44:10","slug":"liberer-le-new-space-belge","status":"publish","type":"post","link":"https:\/\/droitemoderniste.be\/index.php\/2025\/11\/25\/liberer-le-new-space-belge\/","title":{"rendered":"\u00ab\u00a0Lib\u00e9rer le New Space belge\u00a0\u00bb"},"content":{"rendered":"\n<figure class=\"wp-block-image size-full\"><img loading=\"lazy\" decoding=\"async\" width=\"183\" height=\"275\" src=\"https:\/\/droitemoderniste.be\/wp-content\/uploads\/2025\/11\/space-x2.jpg\" alt=\"\" class=\"wp-image-2101\"\/><\/figure>\n\n\n\n<p class=\"wp-block-paragraph\">Mesdames et Messieurs,<\/p>\n\n\n\n<p class=\"wp-block-paragraph\">La Belgique poss\u00e8de tous les atouts pour devenir un <strong>hub europ\u00e9en du New Space<\/strong> : comp\u00e9tences industrielles, centres de recherche, universit\u00e9s, start-ups innovantes.<br>Mais aujourd\u2019hui, nous butons sur des <strong>barri\u00e8res r\u00e9glementaires et administratives<\/strong> qui freinent notre ambition.<\/p>\n\n\n\n<p class=\"wp-block-paragraph\">Premi\u00e8rement, <strong>les licences et autorisations<\/strong>.<br>Il n\u2019existe pas encore de r\u00e9gime clair pour les entreprises spatiales priv\u00e9es. Lancer un satellite ou exploiter des donn\u00e9es doit rester simple, rapide et s\u00fbr.<\/p>\n\n\n\n<p class=\"wp-block-paragraph\">Deuxi\u00e8mement, <strong>la fiscalit\u00e9 et le financement<\/strong>.<br>Nos start-ups doivent pouvoir b\u00e9n\u00e9ficier d\u2019avantages fiscaux et de cr\u00e9dits R&amp;D imm\u00e9diats, et acc\u00e9der plus facilement aux fonds ESA, BEI et BELSPO.<\/p>\n\n\n\n<p class=\"wp-block-paragraph\">Troisi\u00e8mement, <strong>la certification technique et l\u2019acc\u00e8s aux infrastructures<\/strong>.<br>Nos entreprises doivent pouvoir tester et certifier leurs satellites rapidement, sans subir des proc\u00e9dures longues et co\u00fbteuses.<\/p>\n\n\n\n<p class=\"wp-block-paragraph\">Quatri\u00e8mement, <strong>la propri\u00e9t\u00e9 intellectuelle et le transfert de technologies<\/strong>.<br>Les innovations des universit\u00e9s et centres de recherche doivent pouvoir passer directement aux start-ups pour cr\u00e9er de la valeur, sans blocage bureaucratique.<\/p>\n\n\n\n<p class=\"wp-block-paragraph\">Enfin, <strong>la souverainet\u00e9 et la s\u00e9curit\u00e9<\/strong>.<br>Nous devons prot\u00e9ger nos donn\u00e9es et nos syst\u00e8mes tout en restant attractifs pour les investisseurs \u00e9trangers et les talents internationaux.<\/p>\n\n\n\n<p class=\"wp-block-paragraph\">Mesdames et Messieurs, le <strong><mark style=\"background-color:rgba(0, 0, 0, 0);color:#ff6900\" class=\"has-inline-color\">MDM<\/mark> propose une vision claire<\/strong> :<\/p>\n\n\n\n<ul class=\"wp-block-list\">\n<li>Une <strong>Belgian Space Act<\/strong>, simple et moderne,<\/li>\n\n\n\n<li>Un <strong>guichet unique pour licences et certifications<\/strong>,<\/li>\n\n\n\n<li>Des <strong>incitations fiscales et un acc\u00e8s facilit\u00e9 aux financements<\/strong>,<\/li>\n\n\n\n<li>Et des <strong>r\u00e8gles claires pour le transfert technologique et la s\u00e9curit\u00e9<\/strong>.<\/li>\n<\/ul>\n\n\n\n<p class=\"wp-block-paragraph\">Si nous levons ces barri\u00e8res, la Belgique ne sera pas seulement un participant du New Space\u2026<br>Elle sera un <strong>leader europ\u00e9en, souverain et innovant<\/strong>.<\/p>\n\n\n\n<p class=\"wp-block-paragraph\"><strong>Racines fortes, regard neuf.<\/strong><\/p>\n\n\n\n<p class=\"wp-block-paragraph\"><strong>La droite qui innove, la Belgique qui avance<\/strong><\/p>\n","protected":false},"excerpt":{"rendered":"<p>Mesdames et Messieurs, La Belgique poss\u00e8de tous les atouts pour devenir un hub europ\u00e9en du New Space : comp\u00e9tences industrielles, centres de recherche, universit\u00e9s, start-ups innovantes.Mais aujourd\u2019hui, nous butons sur des barri\u00e8res r\u00e9glementaires et administratives qui freinent notre ambition. Premi\u00e8rement, les licences et autorisations.Il n\u2019existe pas encore de r\u00e9gime clair pour les entreprises spatiales priv\u00e9es. [&hellip;]<\/p>\n","protected":false},"author":1,"featured_media":0,"comment_status":"open","ping_status":"open","sticky":false,"template":"","format":"standard","meta":{"_monsterinsights_skip_tracking":false,"_uf_show_specific_survey":0,"_uf_disable_surveys":false,"footnotes":""},"categories":[40],"tags":[],"class_list":["post-2100","post","type-post","status-publish","format-standard","hentry","category-vision-begium-new-space-2035"],"_links":{"self":[{"href":"https:\/\/droitemoderniste.be\/index.php\/wp-json\/wp\/v2\/posts\/2100","targetHints":{"allow":["GET"]}}],"collection":[{"href":"https:\/\/droitemoderniste.be\/index.php\/wp-json\/wp\/v2\/posts"}],"about":[{"href":"https:\/\/droitemoderniste.be\/index.php\/wp-json\/wp\/v2\/types\/post"}],"author":[{"embeddable":true,"href":"https:\/\/droitemoderniste.be\/index.php\/wp-json\/wp\/v2\/users\/1"}],"replies":[{"embeddable":true,"href":"https:\/\/droitemoderniste.be\/index.php\/wp-json\/wp\/v2\/comments?post=2100"}],"version-history":[{"count":2,"href":"https:\/\/droitemoderniste.be\/index.php\/wp-json\/wp\/v2\/posts\/2100\/revisions"}],"predecessor-version":[{"id":2103,"href":"https:\/\/droitemoderniste.be\/index.php\/wp-json\/wp\/v2\/posts\/2100\/revisions\/2103"}],"wp:attachment":[{"href":"https:\/\/droitemoderniste.be\/index.php\/wp-json\/wp\/v2\/media?parent=2100"}],"wp:term":[{"taxonomy":"category","embeddable":true,"href":"https:\/\/droitemoderniste.be\/index.php\/wp-json\/wp\/v2\/categories?post=2100"},{"taxonomy":"post_tag","embeddable":true,"href":"https:\/\/droitemoderniste.be\/index.php\/wp-json\/wp\/v2\/tags?post=2100"}],"curies":[{"name":"wp","href":"https:\/\/api.w.org\/{rel}","templated":true}]}}