{"id":2097,"date":"2025-11-25T12:07:55","date_gmt":"2025-11-25T11:07:55","guid":{"rendered":"https:\/\/droitemoderniste.be\/?p=2097"},"modified":"2025-11-25T12:07:55","modified_gmt":"2025-11-25T11:07:55","slug":"les-services-publics-modernistes","status":"publish","type":"post","link":"https:\/\/droitemoderniste.be\/index.php\/2025\/11\/25\/les-services-publics-modernistes\/","title":{"rendered":"\u00ab\u00a0Les services publics modernistes\u00a0\u00bb"},"content":{"rendered":"\n<figure class=\"wp-block-image size-full\"><img loading=\"lazy\" decoding=\"async\" width=\"275\" height=\"183\" src=\"https:\/\/droitemoderniste.be\/wp-content\/uploads\/2025\/11\/tram2liege.jpg\" alt=\"\" class=\"wp-image-2098\"\/><\/figure>\n\n\n\n<p class=\"wp-block-paragraph\">Chers compatriotes,<br>Amis du progr\u00e8s juste,<br>Citoyennes et citoyens qui travaillent, qui \u00e9l\u00e8vent des enfants, qui construisent ce pays jour apr\u00e8s jour,<\/p>\n\n\n\n<p class=\"wp-block-paragraph\">Et si on se disait la v\u00e9rit\u00e9 ?<br><strong>Les services publics ne doivent pas \u00eatre un poids. Ils doivent redevenir une fiert\u00e9 nationale.<\/strong><\/p>\n\n\n\n<p class=\"wp-block-paragraph\">Pendant trop longtemps, on nous a dit qu\u2019il fallait choisir entre deux extr\u00eames :<br>\u27a1L\u2019\u00c9tat mastodonte, lent, bureaucratique, hors du temps<br>\u27a1Ou l\u2019abandon des citoyens au march\u00e9, \u00e0 la d\u00e9brouille, aux in\u00e9galit\u00e9s<\/p>\n\n\n\n<p class=\"wp-block-paragraph\">Nous disons <strong>non<\/strong> \u00e0 ce faux choix.<br>Nous portons une autre voie :<\/p>\n\n\n\n<p class=\"wp-block-paragraph\"><strong>Un \u00c9tat moderne, efficace, humain. Un \u00c9tat protecteur mais pas paternaliste.<\/strong><strong><br>Un \u00c9tat partenaire des citoyens, jamais leur obstacle.<\/strong><\/p>\n\n\n\n<hr class=\"wp-block-separator has-alpha-channel-opacity\"\/>\n\n\n\n<h6 class=\"wp-block-heading\"><strong>Notre vision est simple :<\/strong><\/h6>\n\n\n\n<p class=\"wp-block-paragraph\">Un service public doit \u00eatre :<\/p>\n\n\n\n<ul class=\"wp-block-list\">\n<li><strong>accessible<\/strong><\/li>\n\n\n\n<li><strong>rapide<\/strong><\/li>\n\n\n\n<li><strong>respectueux<\/strong><\/li>\n\n\n\n<li><strong>num\u00e9rique quand c\u2019est utile<\/strong><\/li>\n\n\n\n<li><strong>humain quand c\u2019est n\u00e9cessaire<\/strong><\/li>\n\n\n\n<li><strong>exemplaire dans l\u2019usage de l\u2019argent public<\/strong><\/li>\n<\/ul>\n\n\n\n<p class=\"wp-block-paragraph\">Ce n\u2019est pas trop demander.<br>C\u2019est la base d\u2019un pays qui respecte ses citoyens.<\/p>\n\n\n\n<hr class=\"wp-block-separator has-alpha-channel-opacity\"\/>\n\n\n\n<h6 class=\"wp-block-heading\"><strong>Les Belges m\u00e9ritent mieux<\/strong><\/h6>\n\n\n\n<p class=\"wp-block-paragraph\">Des gens qui travaillent dur n\u2019obtiennent parfois qu\u2019une chose :<br>des files interminables,<br>des sites incompr\u00e9hensibles,<br>des rendez-vous dans trois mois,<br>des portes closes,<br>et trop souvent\u2026 <strong>un regard soup\u00e7onneux plut\u00f4t qu\u2019un regard humain.<\/strong><\/p>\n\n\n\n<p class=\"wp-block-paragraph\">Les Belges modestes, les familles populaires, les ind\u00e9pendants, les seniors, les jeunes\u2026<br><strong>ne veulent pas du luxe. Ils veulent du respect.<\/strong><\/p>\n\n\n\n<p class=\"wp-block-paragraph\">Et le respect, \u00e7a commence par des services publics qui fonctionnent.<\/p>\n\n\n\n<hr class=\"wp-block-separator has-alpha-channel-opacity\"\/>\n\n\n\n<h6 class=\"wp-block-heading\"><strong>Ce que nous voulons b\u00e2tir<\/strong><\/h6>\n\n\n\n<p class=\"wp-block-paragraph\">Nous voulons :<\/p>\n\n\n\n<ul class=\"wp-block-list\">\n<li>Des <strong>Maisons publiques du quotidien<\/strong> dans chaque commune<br>Un seul lieu pour toutes vos d\u00e9marches. <strong>Fini les labyrinthe administratifs.<\/strong><\/li>\n\n\n\n<li>Un <strong>guichet num\u00e9rique unique \u2013 \u201cBelgique Directe\u201d<\/strong><br>Simple. Lisible. Transparent. Avec assistance humaine int\u00e9gr\u00e9e.<\/li>\n\n\n\n<li>Des <strong>brigades mobiles administratives<\/strong><br>Dans les villages, dans les quartiers oubli\u00e9s, aupr\u00e8s des seniors, aupr\u00e8s des familles isol\u00e9es.<br><strong>C\u2019est l\u2019\u00c9tat qui va vers le citoyen, pas l\u2019inverse.<\/strong><\/li>\n\n\n\n<li>Un <strong>service public \u00e9valu\u00e9 sur ses r\u00e9sultats<\/strong><br>Fin de l\u2019impunit\u00e9 administrative.<br>Si \u00e7a fonctionne bien \u2192 on valorise.<br>Si \u00e7a bloque \u2192 on change.<\/li>\n\n\n\n<li>Une <strong>charte de dignit\u00e9 citoyenne<\/strong><br>Respect, \u00e9coute, solution.<br>Un \u00c9tat digne d\u2019un peuple digne.<\/li>\n<\/ul>\n\n\n\n<hr class=\"wp-block-separator has-alpha-channel-opacity\"\/>\n\n\n\n<h6 class=\"wp-block-heading\"><strong>Solidarit\u00e9 active, pas assistanat passif<\/strong><\/h6>\n\n\n\n<p class=\"wp-block-paragraph\">Nous sommes un mouvement social <strong>qui croit en la main tendue<\/strong>, mais aussi <strong>en la main qui se rel\u00e8ve<\/strong>.<\/p>\n\n\n\n<p class=\"wp-block-paragraph\">Nous voulons des politiques sociales qui :<\/p>\n\n\n\n<ul class=\"wp-block-list\">\n<li>accompagnent<\/li>\n\n\n\n<li>forment<\/li>\n\n\n\n<li>prot\u00e8gent<\/li>\n\n\n\n<li>responsabilisent<\/li>\n\n\n\n<li><strong>\u00e9mancipent<\/strong><\/li>\n<\/ul>\n\n\n\n<p class=\"wp-block-paragraph\">Parce qu\u2019un pays est grand <strong>lorsqu\u2019il \u00e9l\u00e8ve son peuple<\/strong>, pas lorsqu\u2019il le parque dans la d\u00e9pendance.<\/p>\n\n\n\n<hr class=\"wp-block-separator has-alpha-channel-opacity\"\/>\n\n\n\n<h6 class=\"wp-block-heading\"><strong>Modernit\u00e9, humanit\u00e9, fiert\u00e9<\/strong><\/h6>\n\n\n\n<p class=\"wp-block-paragraph\">Notre pays doit redevenir un exemple europ\u00e9en de service public intelligent :<\/p>\n\n\n\n<p class=\"wp-block-paragraph\">&#8211; technologie au service de l\u2019humain<br>&#8211; proximit\u00e9, empathie, dignit\u00e9<br>&#8211; efficacit\u00e9, transparence, r\u00e9sultats<br>&#8211; fiert\u00e9 nationale dans la qualit\u00e9 de nos institutions<\/p>\n\n\n\n<p class=\"wp-block-paragraph\">C\u2019est cela, <strong>la droite moderniste<\/strong>.<\/p>\n\n\n\n<p class=\"wp-block-paragraph\">Pas la droite du d\u00e9sengagement.<br>Pas la gauche de l\u2019immobilisme.<br><strong>Une droite du progr\u00e8s humain.<\/strong><\/p>\n\n\n\n<hr class=\"wp-block-separator has-alpha-channel-opacity\"\/>\n\n\n\n<h6 class=\"wp-block-heading\"><strong>Conclusion<\/strong><\/h6>\n\n\n\n<p class=\"wp-block-paragraph\">Nous avons une ambition claire :<\/p>\n\n\n\n<p class=\"wp-block-paragraph\"><strong>Faire de la Belgique le premier pays d\u2019Europe o\u00f9 les services publics redeviennent un symbole d\u2019excellence, d&rsquo;\u00e9galit\u00e9, et de modernit\u00e9.<\/strong><\/p>\n\n\n\n<p class=\"wp-block-paragraph\">Pas pour des chiffres.<br>Pas pour des slogans.<br>Mais pour <strong>les familles qui se l\u00e8vent t\u00f4t, pour les jeunes qui veulent r\u00e9ussir ici, pour les anciens qui ont donn\u00e9, pour les ind\u00e9pendants qui cr\u00e9ent, pour tous ceux qui aiment ce pays sans bruit.<\/strong><\/p>\n\n\n\n<p class=\"wp-block-paragraph\">Nous pouvons le faire.<br>Nous allons le faire.<br>Parce que la Belgique m\u00e9rite mieux.<br>Parce que les Belges m\u00e9ritent mieux.<\/p>\n\n\n\n<p class=\"wp-block-paragraph\">Merci.<\/p>\n","protected":false},"excerpt":{"rendered":"<p>Chers compatriotes,Amis du progr\u00e8s juste,Citoyennes et citoyens qui travaillent, qui \u00e9l\u00e8vent des enfants, qui construisent ce pays jour apr\u00e8s jour, Et si on se disait la v\u00e9rit\u00e9 ?Les services publics ne doivent pas \u00eatre un poids. Ils doivent redevenir une fiert\u00e9 nationale. Pendant trop longtemps, on nous a dit qu\u2019il fallait choisir entre deux extr\u00eames [&hellip;]<\/p>\n","protected":false},"author":1,"featured_media":0,"comment_status":"open","ping_status":"open","sticky":false,"template":"","format":"standard","meta":{"_monsterinsights_skip_tracking":false,"_uf_show_specific_survey":0,"_uf_disable_surveys":false,"footnotes":""},"categories":[34],"tags":[],"class_list":["post-2097","post","type-post","status-publish","format-standard","hentry","category-mouvement-droite-moderniste"],"_links":{"self":[{"href":"https:\/\/droitemoderniste.be\/index.php\/wp-json\/wp\/v2\/posts\/2097","targetHints":{"allow":["GET"]}}],"collection":[{"href":"https:\/\/droitemoderniste.be\/index.php\/wp-json\/wp\/v2\/posts"}],"about":[{"href":"https:\/\/droitemoderniste.be\/index.php\/wp-json\/wp\/v2\/types\/post"}],"author":[{"embeddable":true,"href":"https:\/\/droitemoderniste.be\/index.php\/wp-json\/wp\/v2\/users\/1"}],"replies":[{"embeddable":true,"href":"https:\/\/droitemoderniste.be\/index.php\/wp-json\/wp\/v2\/comments?post=2097"}],"version-history":[{"count":1,"href":"https:\/\/droitemoderniste.be\/index.php\/wp-json\/wp\/v2\/posts\/2097\/revisions"}],"predecessor-version":[{"id":2099,"href":"https:\/\/droitemoderniste.be\/index.php\/wp-json\/wp\/v2\/posts\/2097\/revisions\/2099"}],"wp:attachment":[{"href":"https:\/\/droitemoderniste.be\/index.php\/wp-json\/wp\/v2\/media?parent=2097"}],"wp:term":[{"taxonomy":"category","embeddable":true,"href":"https:\/\/droitemoderniste.be\/index.php\/wp-json\/wp\/v2\/categories?post=2097"},{"taxonomy":"post_tag","embeddable":true,"href":"https:\/\/droitemoderniste.be\/index.php\/wp-json\/wp\/v2\/tags?post=2097"}],"curies":[{"name":"wp","href":"https:\/\/api.w.org\/{rel}","templated":true}]}}