{"id":2094,"date":"2025-11-25T11:56:29","date_gmt":"2025-11-25T10:56:29","guid":{"rendered":"https:\/\/droitemoderniste.be\/?p=2094"},"modified":"2025-11-25T15:19:05","modified_gmt":"2025-11-25T14:19:05","slug":"tableau-comparatif-defi-vs-mdm","status":"publish","type":"post","link":"https:\/\/droitemoderniste.be\/index.php\/2025\/11\/25\/tableau-comparatif-defi-vs-mdm\/","title":{"rendered":"Tableau comparatif D\u00e9FI vs. MDM"},"content":{"rendered":"\n<figure class=\"wp-block-image size-large\"><img loading=\"lazy\" decoding=\"async\" width=\"1024\" height=\"512\" src=\"https:\/\/droitemoderniste.be\/wp-content\/uploads\/2025\/11\/amitie-elephants-1024x512.webp\" alt=\"\" class=\"wp-image-2095\" srcset=\"https:\/\/droitemoderniste.be\/wp-content\/uploads\/2025\/11\/amitie-elephants-1024x512.webp 1024w, https:\/\/droitemoderniste.be\/wp-content\/uploads\/2025\/11\/amitie-elephants-300x150.webp 300w, https:\/\/droitemoderniste.be\/wp-content\/uploads\/2025\/11\/amitie-elephants-768x384.webp 768w, https:\/\/droitemoderniste.be\/wp-content\/uploads\/2025\/11\/amitie-elephants.webp 1280w\" sizes=\"auto, (max-width: 1024px) 100vw, 1024px\" \/><\/figure>\n\n\n\n<p class=\"wp-block-paragraph\"><strong>1. Positionnement g\u00e9n\u00e9ral<\/strong><\/p>\n\n\n\n<figure class=\"wp-block-table\"><table class=\"has-fixed-layout\"><thead><tr><td><strong>Th\u00e8me<\/strong><\/td><td><strong>D\u00e9FI<\/strong><\/td><td><strong><mark style=\"background-color:rgba(0, 0, 0, 0);color:#ff6900\" class=\"has-inline-color\">MDM<\/mark><\/strong><\/td><\/tr><\/thead><tbody><tr><td><strong>Orientation politique<\/strong><\/td><td>Centre \/ lib\u00e9ral-social<\/td><td>Droite moderniste, sociale-lib\u00e9rale<\/td><\/tr><tr><td><strong>Style id\u00e9ologique<\/strong><\/td><td>Progressisme mod\u00e9r\u00e9, la\u00efcit\u00e9 stricte<\/td><td>Droite humaniste, moderniste, \u00e9thique<\/td><\/tr><tr><td><strong>Base \u00e9lectorale typique<\/strong><\/td><td>Urbains progressistes, francophones bruxellois<\/td><td>Classes populaires, classes moyennes, citoyens r\u00e9formistes, \u00e9lecteurs de droite non conservateurs<\/td><\/tr><\/tbody><\/table><\/figure>\n\n\n\n<p class=\"wp-block-paragraph\"><strong>2. \u00c9conomie &amp; Fiscalit\u00e9<\/strong><\/p>\n\n\n\n<figure class=\"wp-block-table\"><table class=\"has-fixed-layout\"><thead><tr><td><strong>Th\u00e8me<\/strong><\/td><td><strong>D\u00e9FI<\/strong><\/td><td><strong><mark style=\"background-color:rgba(0, 0, 0, 0);color:#ff6900\" class=\"has-inline-color\">MDM<\/mark><\/strong><\/td><\/tr><\/thead><tbody><tr><td><strong>Mod\u00e8le \u00e9conomique<\/strong><\/td><td>\u00c9conomie de march\u00e9 + r\u00e9gulation forte<\/td><td>Social-lib\u00e9ralisme : libert\u00e9 \u00e9conomique + justice sociale<\/td><\/tr><tr><td><strong>Fiscalit\u00e9<\/strong><\/td><td>Plut\u00f4t \u00e9quilibr\u00e9e, r\u00e9formes mod\u00e9r\u00e9es<\/td><td>Simplification fiscale + lutte volontariste contre les abus<\/td><\/tr><tr><td><strong>\u00c9tat<\/strong><\/td><td>\u00c9tat garant, r\u00e9gulateur<\/td><td>\u00c9tat strat\u00e8ge (dirigisme mod\u00e9r\u00e9)<\/td><\/tr><\/tbody><\/table><\/figure>\n\n\n\n<p class=\"wp-block-paragraph\"><strong>3. Soci\u00e9t\u00e9, culture &amp; valeurs<\/strong><\/p>\n\n\n\n<figure class=\"wp-block-table\"><table class=\"has-fixed-layout\"><thead><tr><td><strong>Th\u00e8me<\/strong><\/td><td><strong>D\u00e9FI<\/strong><\/td><td><strong><mark style=\"background-color:rgba(0, 0, 0, 0);color:#ff6900\" class=\"has-inline-color\">MDM<\/mark><\/strong><\/td><\/tr><\/thead><tbody><tr><td><strong>Soci\u00e9tal<\/strong><\/td><td>Tr\u00e8s progressiste<\/td><td>Moderniste (progr\u00e8s + \u00e9thique + responsabilit\u00e9)<\/td><\/tr><tr><td><strong>La\u00efcit\u00e9<\/strong><\/td><td>Priorit\u00e9 centrale<\/td><td>Spiritualisme la\u00efc (moins strict, plus culturel)<\/td><\/tr><tr><td><strong>Identit\u00e9 &amp; Nation<\/strong><\/td><td>Francophonie + coh\u00e9sion bruxelloise<\/td><td>Patriotisme civique + souverainisme \u00e9clair\u00e9<\/td><\/tr><tr><td><strong>Valeurs sp\u00e9cifiques<\/strong><\/td><td>\u00c9galit\u00e9, pluralisme, diversit\u00e9<\/td><td>Modernisme soci\u00e9tal, animalisme, sybaritisme \u00e9thique<\/td><\/tr><\/tbody><\/table><\/figure>\n\n\n\n<p class=\"wp-block-paragraph\"><strong>4. Immigration &amp; int\u00e9gration<\/strong><\/p>\n\n\n\n<figure class=\"wp-block-table\"><table class=\"has-fixed-layout\"><thead><tr><td><strong>Th\u00e8me<\/strong><\/td><td><strong>D\u00e9FI<\/strong><\/td><td><strong><mark style=\"background-color:rgba(0, 0, 0, 0);color:#ff6900\" class=\"has-inline-color\">MDM<\/mark><\/strong><\/td><\/tr><\/thead><tbody><tr><td><strong>Immigration<\/strong><\/td><td>Approche lib\u00e9rale et humaniste<\/td><td>D\u00e9simmigrationnisme rationnel (contr\u00f4le, efficacit\u00e9, int\u00e9gration r\u00e9elle)<\/td><\/tr><tr><td><strong>Int\u00e9gration<\/strong><\/td><td>Accent sur la la\u00efcit\u00e9 et la citoyennet\u00e9<\/td><td>Int\u00e9gration civique + coh\u00e9sion nationale<\/td><\/tr><\/tbody><\/table><\/figure>\n\n\n\n<p class=\"wp-block-paragraph\"><strong>5. Environnement &amp; transition<\/strong><\/p>\n\n\n\n<figure class=\"wp-block-table\"><table class=\"has-fixed-layout\"><thead><tr><td><strong>Th\u00e8me<\/strong><\/td><td><strong>D\u00e9FI<\/strong><\/td><td><strong><mark style=\"background-color:rgba(0, 0, 0, 0);color:#ff6900\" class=\"has-inline-color\">MDM<\/mark><\/strong><\/td><\/tr><\/thead><tbody><tr><td><strong>\u00c9cologie<\/strong><\/td><td>Transition \u00e9cologique structur\u00e9e<\/td><td>Environnementalisme optimiste (innovation, r\u00e9alisme)<\/td><\/tr><tr><td><strong>Politique climatique<\/strong><\/td><td>Mesures ambitieuses, planification<\/td><td>Innovations technologiques + pragmatisme \u00e9conomique<\/td><\/tr><\/tbody><\/table><\/figure>\n\n\n\n<p class=\"wp-block-paragraph\"><strong>6. Europe &amp; souverainet\u00e9<\/strong><\/p>\n\n\n\n<figure class=\"wp-block-table\"><table class=\"has-fixed-layout\"><thead><tr><td><strong>Th\u00e8me<\/strong><\/td><td><strong>D\u00e9FI<\/strong><\/td><td><strong><mark style=\"background-color:rgba(0, 0, 0, 0);color:#ff6900\" class=\"has-inline-color\">MDM<\/mark><\/strong><\/td><\/tr><\/thead><tbody><tr><td><strong>Europe<\/strong><\/td><td>Pro-europ\u00e9en sans r\u00e9serve<\/td><td>Europ\u00e9anisme critique (souverainisme \u00e9clair\u00e9)<\/td><\/tr><tr><td><strong>Souverainet\u00e9 nationale<\/strong><\/td><td>Peu mise en avant<\/td><td>Pilier majeur (autonomie strat\u00e9gique, protectionnisme raisonn\u00e9)<\/td><\/tr><\/tbody><\/table><\/figure>\n\n\n\n<p class=\"wp-block-paragraph\"><strong>7. \u00c9tat, institutions &amp; gouvernance<\/strong><\/p>\n\n\n\n<figure class=\"wp-block-table\"><table class=\"has-fixed-layout\"><thead><tr><td><strong>Th\u00e8me<\/strong><\/td><td><strong>D\u00e9FI<\/strong><\/td><td><strong><mark style=\"background-color:rgba(0, 0, 0, 0);color:#ff6900\" class=\"has-inline-color\">MDM<\/mark><\/strong><\/td><\/tr><\/thead><tbody><tr><td><strong>R\u00e9forme de l\u2019\u00c9tat<\/strong><\/td><td>D\u00e9fense francophone + rationalisation<\/td><td>R\u00e9formes profondes (efficacit\u00e9, vision \u00e0 long terme)<\/td><\/tr><tr><td><strong>Gouvernance<\/strong><\/td><td>Transparence, participation citoyenne<\/td><td>D\u00e9mocratie modernis\u00e9e + pilotage strat\u00e9gique<\/td><\/tr><tr><td><strong>Justice sociale<\/strong><\/td><td>Centrale<\/td><td>Centrale, mais associ\u00e9e \u00e0 un m\u00e9rite renforc\u00e9<\/td><\/tr><\/tbody><\/table><\/figure>\n\n\n\n<h5 class=\"wp-block-heading\"><strong>8. Vision philosophique globale<\/strong><\/h5>\n\n\n\n<h6 class=\"wp-block-heading\"><strong>D\u00e9FI<\/strong><\/h6>\n\n\n\n<ul class=\"wp-block-list\">\n<li>Un parti <strong>centriste progressiste<\/strong>, tr\u00e8s ancr\u00e9 dans la la\u00efcit\u00e9, la justice sociale, la bonne gouvernance.<\/li>\n\n\n\n<li>Position douce : \u00e9volution plut\u00f4t que rupture.<\/li>\n\n\n\n<li>Une identit\u00e9 fortement <strong>bruxelloise et francophone<\/strong>.<\/li>\n<\/ul>\n\n\n\n<h6 class=\"wp-block-heading\"><strong><mark style=\"background-color:rgba(0, 0, 0, 0);color:#ff6900\" class=\"has-inline-color\">MDM<\/mark><\/strong><\/h6>\n\n\n\n<ul class=\"wp-block-list\">\n<li>Une <strong>droite r\u00e9formiste, moderne<\/strong>, cherchant \u00e0 combiner :<ul><li>l\u2019efficacit\u00e9 \u00e9conomique,<\/li><\/ul><ul><li>la justice sociale,<\/li><\/ul><ul><li>l\u2019\u00e9cologie r\u00e9aliste,<\/li><\/ul><ul><li>la souverainet\u00e9 nationale,<\/li><\/ul>\n<ul class=\"wp-block-list\">\n<li>la modernit\u00e9 \u00e9thique (animalisme, spiritualisme la\u00efc, sybaritisme).<\/li>\n<\/ul>\n<\/li>\n\n\n\n<li>Style plus visionnaire, plus \u201cdoctrinal\u201d, et moins institutionnel que D\u00e9FI.<\/li>\n<\/ul>\n\n\n\n<hr class=\"wp-block-separator has-alpha-channel-opacity\"\/>\n\n\n\n<h6 class=\"wp-block-heading\">Conclusion en une phrase<\/h6>\n\n\n\n<p class=\"wp-block-paragraph\"><strong>D\u00e9FI est un parti centriste lib\u00e9ral-social ax\u00e9 sur la la\u00efcit\u00e9, tandis que le <mark style=\"background-color:rgba(0, 0, 0, 0);color:#ff6900\" class=\"has-inline-color\">MDM<\/mark> est une droite moderniste souverainiste, \u00e9thique et r\u00e9formiste, combinant progr\u00e8s soci\u00e9tal, justice sociale et patriotisme civique.<\/strong><\/p>\n\n\n\n<p class=\"wp-block-paragraph\"><\/p>\n","protected":false},"excerpt":{"rendered":"<p>1. Positionnement g\u00e9n\u00e9ral Th\u00e8me D\u00e9FI MDM Orientation politique Centre \/ lib\u00e9ral-social Droite moderniste, sociale-lib\u00e9rale Style id\u00e9ologique Progressisme mod\u00e9r\u00e9, la\u00efcit\u00e9 stricte Droite humaniste, moderniste, \u00e9thique Base \u00e9lectorale typique Urbains progressistes, francophones bruxellois Classes populaires, classes moyennes, citoyens r\u00e9formistes, \u00e9lecteurs de droite non conservateurs 2. \u00c9conomie &amp; Fiscalit\u00e9 Th\u00e8me D\u00e9FI MDM Mod\u00e8le \u00e9conomique \u00c9conomie de march\u00e9 + [&hellip;]<\/p>\n","protected":false},"author":1,"featured_media":0,"comment_status":"open","ping_status":"open","sticky":false,"template":"","format":"standard","meta":{"_monsterinsights_skip_tracking":false,"_uf_show_specific_survey":0,"_uf_disable_surveys":false,"footnotes":""},"categories":[34],"tags":[],"class_list":["post-2094","post","type-post","status-publish","format-standard","hentry","category-mouvement-droite-moderniste"],"_links":{"self":[{"href":"https:\/\/droitemoderniste.be\/index.php\/wp-json\/wp\/v2\/posts\/2094","targetHints":{"allow":["GET"]}}],"collection":[{"href":"https:\/\/droitemoderniste.be\/index.php\/wp-json\/wp\/v2\/posts"}],"about":[{"href":"https:\/\/droitemoderniste.be\/index.php\/wp-json\/wp\/v2\/types\/post"}],"author":[{"embeddable":true,"href":"https:\/\/droitemoderniste.be\/index.php\/wp-json\/wp\/v2\/users\/1"}],"replies":[{"embeddable":true,"href":"https:\/\/droitemoderniste.be\/index.php\/wp-json\/wp\/v2\/comments?post=2094"}],"version-history":[{"count":2,"href":"https:\/\/droitemoderniste.be\/index.php\/wp-json\/wp\/v2\/posts\/2094\/revisions"}],"predecessor-version":[{"id":2104,"href":"https:\/\/droitemoderniste.be\/index.php\/wp-json\/wp\/v2\/posts\/2094\/revisions\/2104"}],"wp:attachment":[{"href":"https:\/\/droitemoderniste.be\/index.php\/wp-json\/wp\/v2\/media?parent=2094"}],"wp:term":[{"taxonomy":"category","embeddable":true,"href":"https:\/\/droitemoderniste.be\/index.php\/wp-json\/wp\/v2\/categories?post=2094"},{"taxonomy":"post_tag","embeddable":true,"href":"https:\/\/droitemoderniste.be\/index.php\/wp-json\/wp\/v2\/tags?post=2094"}],"curies":[{"name":"wp","href":"https:\/\/api.w.org\/{rel}","templated":true}]}}