{"id":2091,"date":"2025-11-25T11:40:31","date_gmt":"2025-11-25T10:40:31","guid":{"rendered":"https:\/\/droitemoderniste.be\/?p=2091"},"modified":"2025-11-25T11:40:31","modified_gmt":"2025-11-25T10:40:31","slug":"quelle-est-la-difference-politique-entre-defi-et-mdm","status":"publish","type":"post","link":"https:\/\/droitemoderniste.be\/index.php\/2025\/11\/25\/quelle-est-la-difference-politique-entre-defi-et-mdm\/","title":{"rendered":"Quelle est la diff\u00e9rence politique entre D\u00e9FI et MDM ?"},"content":{"rendered":"\n<figure class=\"wp-block-image size-full\"><img loading=\"lazy\" decoding=\"async\" width=\"300\" height=\"168\" src=\"https:\/\/droitemoderniste.be\/wp-content\/uploads\/2025\/11\/bad-leaver2.jpg\" alt=\"\" class=\"wp-image-2092\"\/><\/figure>\n\n\n\n<p class=\"wp-block-paragraph\"><strong>1. Qui est D\u00e9FI \u2014 ses valeurs et sa position politique<\/strong><\/p>\n\n\n\n<p class=\"wp-block-paragraph\">Voici un r\u00e9sum\u00e9 des positions et de l\u2019id\u00e9ologie de D\u00e9FI :<\/p>\n\n\n\n<ul class=\"wp-block-list\">\n<li><strong>Liberal-social et centriste-progressiste<\/strong> : D\u00e9FI se d\u00e9finit comme un parti \u00ab lib\u00e9ral social\u00a0\u00bb\u00a0<\/li>\n\n\n\n<li><strong>Progr\u00e8s soci\u00e9tal<\/strong> : sur les questions de soci\u00e9t\u00e9, D\u00e9FI adopte des positions progressistes (libert\u00e9s individuelles, la\u00efcit\u00e9, lutte contre les discriminations).<\/li>\n\n\n\n<li><strong>\u00c9conomie de march\u00e9 + r\u00e9gulation<\/strong> : D\u00e9fend l\u2019\u00e9conomie de march\u00e9, mais dans un cadre r\u00e9gul\u00e9, avec justice sociale.<\/li>\n\n\n\n<li><strong>Justice sociale et environnement<\/strong> : Il y a un tr\u00e9pied dans leur vision : \u00e9conomie lib\u00e9rale + transition \u00e9cologique + justice sociale.<\/li>\n\n\n\n<li><strong>La\u00efcit\u00e9 forte<\/strong> : D\u00e9FI met la la\u00efcit\u00e9 au c\u0153ur de l\u2019\u00c9tat et de la citoyennet\u00e9.<\/li>\n\n\n\n<li><strong>F\u00e9d\u00e9ralisme \/ francophonie<\/strong> : Historiquement, D\u00e9FI d\u00e9fend les francophones de Bruxelles et des environs. Il s\u2019oppose \u00e0 un affaiblissement des institutions francophones.<\/li>\n\n\n\n<li><strong>D\u00e9mocratie et bonne gouvernance<\/strong> : La charte de D\u00e9FI insiste sur la transparence, la participation citoyenne, et une d\u00e9mocratie renouvel\u00e9e.<\/li>\n\n\n\n<li><strong>Europe<\/strong> : Ils sont pro-europ\u00e9ens.<\/li>\n<\/ul>\n\n\n\n<p class=\"wp-block-paragraph\"><strong>2. Qui est le <mark style=\"background-color:rgba(0, 0, 0, 0);color:#ff6900\" class=\"has-inline-color\">MDM (Mouvement Droite Moderniste)<\/mark> <\/strong><\/p>\n\n\n\n<p class=\"wp-block-paragraph\">Les valeurs du <mark style=\"background-color:rgba(0, 0, 0, 0);color:#ff6900\" class=\"has-inline-color\">MDM<\/mark> incluent (entre autres) :<\/p>\n\n\n\n<ul class=\"wp-block-list\">\n<li><strong>Modernisme soci\u00e9tal<\/strong> : ouverture sur les questions soci\u00e9tales (droits individuels, libert\u00e9s), mais sans tomber dans le conservatisme archa\u00efque.<\/li>\n\n\n\n<li><strong>Patriotisme civique \/ souverainisme \u00e9clair\u00e9<\/strong> : un amour pour le pays, mais avec un sens de responsabilit\u00e9 vis-\u00e0-vis des institutions, et une critique mesur\u00e9e d\u2019un exc\u00e8s de mondialisation.<\/li>\n\n\n\n<li><strong>Social-lib\u00e9ralisme<\/strong> : combiner la libert\u00e9 \u00e9conomique avec la justice sociale.<\/li>\n\n\n\n<li><strong>Protection de l\u2019environnement<\/strong> : un \u00e9cologisme optimiste, non radical, qui croit \u00e0 l\u2019innovation.<\/li>\n\n\n\n<li><strong>Justicialisme \/ justice sociale<\/strong> : une forte importance sur l\u2019\u00e9quit\u00e9, la redistribution, les opportunit\u00e9s.<\/li>\n\n\n\n<li><strong>D\u00e9simmigrationnisme rationnel<\/strong> : contr\u00f4le de l\u2019immigration mais pas une posture x\u00e9nophobe extr\u00eame.<\/li>\n\n\n\n<li><strong>Spiritualisme la\u00efc, animalisme, sybaritisme \u00e9thique<\/strong> : des valeurs humaines, \u00e9thiques, un respect de la vie, une vision du progr\u00e8s mat\u00e9riel mais moral aussi.<\/li>\n<\/ul>\n\n\n\n<hr class=\"wp-block-separator has-alpha-channel-opacity\"\/>\n\n\n\n<p class=\"wp-block-paragraph\"><strong>3. Principales diff\u00e9rences politiques entre D\u00e9FI et le <mark style=\"background-color:rgba(0, 0, 0, 0);color:#ff6900\" class=\"has-inline-color\">MDM<\/mark><\/strong><\/p>\n\n\n\n<p class=\"wp-block-paragraph\">En comparant les deux, voici o\u00f9 ils convergent et o\u00f9 ils divergent :<\/p>\n\n\n\n<figure class=\"wp-block-table\"><table class=\"has-fixed-layout\"><thead><tr><td><strong>Th\u00e8me<\/strong><\/td><td><strong>D\u00e9FI<\/strong><\/td><td><strong><mark style=\"background-color:rgba(0, 0, 0, 0);color:#ff6900\" class=\"has-inline-color\">MDM (Mouvement Droite Moderniste)<\/mark><\/strong><\/td><\/tr><\/thead><tbody><tr><td><strong>Position \u00e9conomique<\/strong><\/td><td>Lib\u00e9ral-social, \u00e9conomie de march\u00e9 + r\u00e9gulation.<\/td><td>Social-lib\u00e9ralisme : forte libert\u00e9 \u00e9conomique mais avec des filets sociaux et une vision \u00e9quitable.<\/td><\/tr><tr><td><strong>Valeurs soci\u00e9tales<\/strong><\/td><td>Tr\u00e8s progressiste (la\u00efcit\u00e9, libert\u00e9s individuelles, diversit\u00e9).<\/td><td>Modernisme soci\u00e9tal aussi, mais peut mettre davantage l&rsquo;accent sur certaines valeurs \u00ab \u00e9thiques \u00bb (animalisme, spiritualisme la\u00efc).<\/td><\/tr><tr><td><strong>Justice sociale &amp; redistribution<\/strong><\/td><td>Oui, c\u2019est un pilier : D\u00e9FI parle de justice sociale, fiscale, environnementale.<\/td><td>Oui, tr\u00e8s central : la justice sociale est un des fondements du <mark style=\"background-color:rgba(0, 0, 0, 0);color:#ff6900\" class=\"has-inline-color\">MDM<\/mark>.<\/td><\/tr><tr><td><strong>\u00c9cologie \/ environnement<\/strong><\/td><td>Transition \u00e9cologique et durabilit\u00e9 sont des composantes importantes.<\/td><td>\u00c9cologisme optimiste : mise sur l\u2019innovation, pas forc\u00e9ment un \u00e9cologisme radical.<\/td><\/tr><tr><td><strong>F\u00e9d\u00e9ralisme \/ nationalit\u00e9 \/ souverainisme<\/strong><\/td><td>D\u00e9FI est \u00ab f\u00e9d\u00e9raliste \u00bb dans le sens belge : il d\u00e9fend les francophones et la structure belge.<\/td><td>Le <mark style=\"background-color:rgba(0, 0, 0, 0);color:#ff6900\" class=\"has-inline-color\">MDM<\/mark> penche vers un souverainisme \u00e9clair\u00e9 : plus d\u2019autonomie, une critique de certaines formes de mondialisation, mais pas un isolement radical.<\/td><\/tr><tr><td><strong>D\u00e9mocratie \/ bonne gouvernance<\/strong><\/td><td>Tr\u00e8s fort : transparence, participation citoyenne, renouveau d\u00e9mocratique.<\/td><td>Le <mark style=\"background-color:rgba(0, 0, 0, 0);color:#ff6900\" class=\"has-inline-color\">MDM<\/mark>  valorise fortement la d\u00e9mocratie participative, l\u2019\u00e9thique en politique, une gouvernance \u00ab raisonnable \u00bb et responsable.<\/td><\/tr><tr><td><strong>Europe<\/strong><\/td><td>Oui, pro-europ\u00e9en.<\/td><td>Le <mark style=\"background-color:rgba(0, 0, 0, 0);color:#ff6900\" class=\"has-inline-color\">MDM<\/mark> est pro-europ\u00e9en, mais avec un regard critique sur la souverainet\u00e9, les institutions europ\u00e9ennes.<\/td><\/tr><tr><td><strong>Immigration \/ identit\u00e9<\/strong><\/td><td>Ce n\u2019est pas un parti fortement identitaire ou populiste ; il insiste sur le vivre ensemble, la la\u00efcit\u00e9, sans repli communautaire extr\u00eame.<\/td><td>Le <mark style=\"background-color:rgba(0, 0, 0, 0);color:#ff6900\" class=\"has-inline-color\">MDM<\/mark> a une ligne plus prudente sur l\u2019immigration (d\u00e9simmigrationnisme raisonn\u00e9), mais pas une posture x\u00e9nophobe ; identit\u00e9 civique plus que communautaire.<\/td><\/tr><tr><td><strong>Style politique<\/strong><\/td><td>Plut\u00f4t mod\u00e9r\u00e9, responsable, \u00ab centre \u00bb atypique. D\u00e9FI veut \u00e9viter la polarisation extr\u00eame.<\/td><td>Le <mark style=\"background-color:rgba(0, 0, 0, 0);color:#ff6900\" class=\"has-inline-color\">MDM<\/mark> : une droite moderniste qui revendique \u00e0 la fois la modernit\u00e9 et des valeurs \u00ab droiti\u00e8res \u00bb (mais pas extr\u00eames), une posture de \u00ab ligne claire \u00bb \u00e9thique, \u00e9clair\u00e9e, progressiste dans le social.<\/td><\/tr><\/tbody><\/table><\/figure>\n\n\n\n<p class=\"wp-block-paragraph\"><strong>4. Analyse strat\u00e9gique et implications<\/strong><\/p>\n\n\n\n<ul class=\"wp-block-list\">\n<li><strong>Sur le plan \u00e9lectoral<\/strong> : D\u00e9FI s\u2019adresse \u00e0 des \u00e9lecteurs centr\u00e9s, progressistes, qui veulent de la stabilit\u00e9, de la gouvernance, et un lib\u00e9ralisme humain. Le <mark style=\"background-color:rgba(0, 0, 0, 0);color:#ff6900\" class=\"has-inline-color\">MDM<\/mark> vise des \u00e9lecteurs plus \u00e0 droite, mais pas conservateurs traditionnels : ceux qui veulent un renouveau, une droite \u00ab moderne \u00bb, plus \u00e9thique, mais pas ultralib\u00e9rale ni populiste radicale.<\/li>\n\n\n\n<li><strong>Sur les alliances<\/strong> : D\u00e9FI, historiquement, ne veut pas forc\u00e9ment s\u2019aligner de mani\u00e8re dogmatique avec des partis extr\u00eames. Le <mark style=\"background-color:rgba(0, 0, 0, 0);color:#ff6900\" class=\"has-inline-color\">MDM<\/mark> est un pont : capable de collaborer avec des lib\u00e9raux, des centristes, ou m\u00eame certains chr\u00e9tiens-d\u00e9mocrates mod\u00e9r\u00e9s selon les sujets.<\/li>\n\n\n\n<li><strong>Sur le discours public<\/strong> : D\u00e9FI met l\u2019accent sur la la\u00efcit\u00e9, la citoyennet\u00e9, la justice, et la modernit\u00e9 institutionnelle. Le <mark style=\"background-color:rgba(0, 0, 0, 0);color:#ff6900\" class=\"has-inline-color\">MDM<\/mark> accentue le th\u00e8me du \u00ab renouveau de la droite \u00bb, la responsabilit\u00e9 morale, le d\u00e9veloppement durable, la souverainet\u00e9 \u00e9clair\u00e9e \u2014 un discours plus \u00ab visionnaire \u00bb \u00e0 long terme.<\/li>\n<\/ul>\n\n\n\n<hr class=\"wp-block-separator has-alpha-channel-opacity\"\/>\n\n\n\n<p class=\"wp-block-paragraph\"><strong>5. Conclusion<\/strong><\/p>\n\n\n\n<p class=\"wp-block-paragraph\">En r\u00e9sum\u00e9, <strong>D\u00e9FI<\/strong> est un parti lib\u00e9ral-social, centriste-progressiste, tr\u00e8s engag\u00e9 pour la la\u00efcit\u00e9, la justice sociale et une gouvernance responsable. Le <mark style=\"background-color:rgba(0, 0, 0, 0);color:#ff6900\" class=\"has-inline-color\"><strong>MDM<\/strong> (Mouvement Droite Moderniste) <\/mark>est plut\u00f4t une droite moderniste : social-lib\u00e9rale, souverainiste mais non radicale, environnementaliste optimiste, valorisant \u00e0 la fois la libert\u00e9 \u00e9conomique et l\u2019\u00e9thique.<\/p>\n\n\n\n<p class=\"wp-block-paragraph\">Les diff\u00e9rences ne sont pas extr\u00eames : il y a des recouvrements (lib\u00e9ralisme, justice sociale, d\u00e9mocratie), mais aussi des points de divergence clairs (pression sur la souverainet\u00e9, posture sur l\u2019immigration, vision de la gouvernance, identit\u00e9 de droite moderniste).<\/p>\n","protected":false},"excerpt":{"rendered":"<p>1. Qui est D\u00e9FI \u2014 ses valeurs et sa position politique Voici un r\u00e9sum\u00e9 des positions et de l\u2019id\u00e9ologie de D\u00e9FI : 2. Qui est le MDM (Mouvement Droite Moderniste) Les valeurs du MDM incluent (entre autres) : 3. Principales diff\u00e9rences politiques entre D\u00e9FI et le MDM En comparant les deux, voici o\u00f9 ils convergent [&hellip;]<\/p>\n","protected":false},"author":1,"featured_media":0,"comment_status":"open","ping_status":"open","sticky":false,"template":"","format":"standard","meta":{"_monsterinsights_skip_tracking":false,"_uf_show_specific_survey":0,"_uf_disable_surveys":false,"footnotes":""},"categories":[34],"tags":[],"class_list":["post-2091","post","type-post","status-publish","format-standard","hentry","category-mouvement-droite-moderniste"],"_links":{"self":[{"href":"https:\/\/droitemoderniste.be\/index.php\/wp-json\/wp\/v2\/posts\/2091","targetHints":{"allow":["GET"]}}],"collection":[{"href":"https:\/\/droitemoderniste.be\/index.php\/wp-json\/wp\/v2\/posts"}],"about":[{"href":"https:\/\/droitemoderniste.be\/index.php\/wp-json\/wp\/v2\/types\/post"}],"author":[{"embeddable":true,"href":"https:\/\/droitemoderniste.be\/index.php\/wp-json\/wp\/v2\/users\/1"}],"replies":[{"embeddable":true,"href":"https:\/\/droitemoderniste.be\/index.php\/wp-json\/wp\/v2\/comments?post=2091"}],"version-history":[{"count":1,"href":"https:\/\/droitemoderniste.be\/index.php\/wp-json\/wp\/v2\/posts\/2091\/revisions"}],"predecessor-version":[{"id":2093,"href":"https:\/\/droitemoderniste.be\/index.php\/wp-json\/wp\/v2\/posts\/2091\/revisions\/2093"}],"wp:attachment":[{"href":"https:\/\/droitemoderniste.be\/index.php\/wp-json\/wp\/v2\/media?parent=2091"}],"wp:term":[{"taxonomy":"category","embeddable":true,"href":"https:\/\/droitemoderniste.be\/index.php\/wp-json\/wp\/v2\/categories?post=2091"},{"taxonomy":"post_tag","embeddable":true,"href":"https:\/\/droitemoderniste.be\/index.php\/wp-json\/wp\/v2\/tags?post=2091"}],"curies":[{"name":"wp","href":"https:\/\/api.w.org\/{rel}","templated":true}]}}