{"id":2088,"date":"2025-11-24T12:07:14","date_gmt":"2025-11-24T11:07:14","guid":{"rendered":"https:\/\/droitemoderniste.be\/?p=2088"},"modified":"2025-11-24T12:07:14","modified_gmt":"2025-11-24T11:07:14","slug":"que-manque-t-il-pour-faire-de-la-belgique-un-hub-europeen-du-new-space","status":"publish","type":"post","link":"https:\/\/droitemoderniste.be\/index.php\/2025\/11\/24\/que-manque-t-il-pour-faire-de-la-belgique-un-hub-europeen-du-new-space\/","title":{"rendered":"Que manque-t-il pour faire de la Belgique un hub europ\u00e9en du New Space ?"},"content":{"rendered":"\n<figure class=\"wp-block-image size-full\"><img loading=\"lazy\" decoding=\"async\" width=\"275\" height=\"183\" src=\"https:\/\/droitemoderniste.be\/wp-content\/uploads\/2025\/11\/spiritualite1.jpg\" alt=\"\" class=\"wp-image-2089\"\/><\/figure>\n\n\n\n<p class=\"wp-block-paragraph\">Pour faire de la Belgique un <strong>hub europ\u00e9en du <em>New Space<\/em><\/strong>, il existe plusieurs <strong>barri\u00e8res r\u00e9glementaires et administratives<\/strong> \u00e0 lever. Je les ai class\u00e9es par th\u00e8me, avec un focus sur ce qui freine aujourd\u2019hui les startups et l\u2019industrie spatiale :<\/p>\n\n\n\n<hr class=\"wp-block-separator has-alpha-channel-opacity\"\/>\n\n\n\n<h5 class=\"wp-block-heading\">1. Cadre juridique et administratif<\/h5>\n\n\n\n<h6 class=\"wp-block-heading\">a) Licences de lancement et exploitation<\/h6>\n\n\n\n<ul class=\"wp-block-list\">\n<li>Actuellement, <strong>la Belgique n\u2019a pas encore de r\u00e9gime clair pour les entreprises spatiales priv\u00e9es<\/strong> (lancement, op\u00e9rations orbitales, t\u00e9l\u00e9communications satellites).<\/li>\n\n\n\n<li>Pour le <em>New Space<\/em>, il faut un <strong>r\u00e9gime national clair<\/strong> compatible avec le droit europ\u00e9en :<ul><li>proc\u00e9dures d\u2019autorisation rapides et transparentes, assurance obligatoire pour les satellites \/ missions<\/li><\/ul>\n<ul class=\"wp-block-list\">\n<li>responsabilit\u00e9s l\u00e9gales en cas de collision ou dommage spatial<\/li>\n<\/ul>\n<\/li>\n<\/ul>\n\n\n\n<h6 class=\"wp-block-heading\">b) Propri\u00e9t\u00e9 et utilisation des donn\u00e9es spatiales<\/h6>\n\n\n\n<ul class=\"wp-block-list\">\n<li>Les startups doivent pouvoir <strong>exploiter librement les donn\u00e9es satellite<\/strong> (observation terrestre, t\u00e9l\u00e9coms) tout en respectant la vie priv\u00e9e et le droit europ\u00e9en.<\/li>\n\n\n\n<li>Les r\u00e9glementations sur <strong><em>data sovereignty<\/em> \/ GDPR<\/strong> peuvent freiner la commercialisation si elles sont trop lourdes.<\/li>\n<\/ul>\n\n\n\n<hr class=\"wp-block-separator has-alpha-channel-opacity\"\/>\n\n\n\n<h5 class=\"wp-block-heading\">2. Fiscalit\u00e9 et financement<\/h5>\n\n\n\n<ul class=\"wp-block-list\">\n<li><strong>Taxe sur R&amp;D et innovation<\/strong> : le <em>New Space<\/em> n\u00e9cessite beaucoup de R&amp;D initiale, et les startups doivent b\u00e9n\u00e9ficier d\u2019avantages fiscaux clairs (cr\u00e9dit d\u2019imp\u00f4t R&amp;D, exon\u00e9rations pour capital-risque).<\/li>\n\n\n\n<li><strong>Subventions publiques \/ cofinancements<\/strong> : simplification des proc\u00e9dures de demande de financement BELSPO, ESA BIC, BEI, afin de r\u00e9duire les d\u00e9lais et co\u00fbts administratifs.<\/li>\n<\/ul>\n\n\n\n<hr class=\"wp-block-separator has-alpha-channel-opacity\"\/>\n\n\n\n<h5 class=\"wp-block-heading\">3. Normes techniques et certification<\/h5>\n\n\n\n<ul class=\"wp-block-list\">\n<li>Les satellites et composants doivent \u00eatre certifi\u00e9s pour les missions ESA ou europ\u00e9ennes. Aujourd\u2019hui :<ul><li>longue proc\u00e9dure d\u2019<strong>homologation<\/strong> des composants et logiciels embarqu\u00e9s<\/li><\/ul>\n<ul class=\"wp-block-list\">\n<li><strong>standards techniques disparates<\/strong> (ESA, EASA, normes a\u00e9ronautiques)<\/li>\n<\/ul>\n<\/li>\n\n\n\n<li>Il faut un <strong>guichet unique belge<\/strong> pour certifier mat\u00e9riel et logiciel spatial, avec des d\u00e9lais courts pour les startups.<\/li>\n<\/ul>\n\n\n\n<hr class=\"wp-block-separator has-alpha-channel-opacity\"\/>\n\n\n\n<h5 class=\"wp-block-heading\">4. Propri\u00e9t\u00e9 intellectuelle et transfert technologique<\/h5>\n\n\n\n<ul class=\"wp-block-list\">\n<li>Certaines innovations sont bloqu\u00e9es par des <strong>clauses ESA ou universitaires<\/strong> sur la propri\u00e9t\u00e9 intellectuelle.<\/li>\n\n\n\n<li>Pour le <em>New Space<\/em> : faciliter <strong>le transfert des technologies duales<\/strong> (a\u00e9ro \u2192 spatial, universit\u00e9 \u2192 startup) est essentiel.<\/li>\n<\/ul>\n\n\n\n<hr class=\"wp-block-separator has-alpha-channel-opacity\"\/>\n\n\n\n<h5 class=\"wp-block-heading\">5. Infrastructures et acc\u00e8s au march\u00e9<\/h5>\n\n\n\n<ul class=\"wp-block-list\">\n<li>Pas encore de <strong>r\u00e9seau d\u2019infrastructures test &amp; qualification<\/strong> pleinement ouvert aux startups.<\/li>\n\n\n\n<li>Acc\u00e8s limit\u00e9 aux sites de lancement internationaux et aux plateformes de test (Redu, Li\u00e8ge, ESA).<\/li>\n\n\n\n<li>Une r\u00e9glementation plus souple pourrait permettre des <strong>services de lancement commerciaux en Belgique ou via des partenariats europ\u00e9ens<\/strong>.<\/li>\n<\/ul>\n\n\n\n<hr class=\"wp-block-separator has-alpha-channel-opacity\"\/>\n\n\n\n<h5 class=\"wp-block-heading\">6. Souverainet\u00e9 et s\u00e9curit\u00e9<\/h5>\n\n\n\n<ul class=\"wp-block-list\">\n<li>Les satellites d\u2019observation, communication ou d\u00e9fense doivent \u00eatre conformes aux <strong>r\u00e8gles de s\u00e9curit\u00e9 nationale et europ\u00e9enne<\/strong>.<\/li>\n\n\n\n<li>Les startups doivent pouvoir acc\u00e9der aux contrats de d\u00e9fense ou missions critiques sans \u00eatre bloqu\u00e9es par des restrictions bureaucratiques excessives.<\/li>\n<\/ul>\n\n\n\n<hr class=\"wp-block-separator has-alpha-channel-opacity\"\/>\n\n\n\n<h6 class=\"wp-block-heading\">Recommandations pour un plan <mark style=\"background-color:rgba(0, 0, 0, 0);color:#ff6900\" class=\"has-inline-color\">MDM<\/mark> \u201c<em>New Space<\/em> Belgique\u201d<\/h6>\n\n\n\n<ol class=\"wp-block-list\">\n<li><strong>Cr\u00e9er une \u201c<em>Belgian Space Act<\/em>\u201d<\/strong> : un cadre unique pour autorisations, licences, assurance, responsabilit\u00e9s.<\/li>\n\n\n\n<li><strong>Guichet unique R&amp;D et certification<\/strong> pour startups et PME spatiales.<\/li>\n\n\n\n<li><strong>All\u00e8gements fiscaux cibl\u00e9s et cr\u00e9dits d\u2019imp\u00f4t<\/strong> pour projets <em>New Space<\/em>.<\/li>\n\n\n\n<li><strong>Faciliter le transfert de technologies universit\u00e9 \u2192 startup<\/strong> et la propri\u00e9t\u00e9 intellectuelle.<\/li>\n\n\n\n<li><strong>Simplifier l\u2019acc\u00e8s aux infrastructures et aux fonds ESA \/ BEI \/ BELSPO<\/strong>.<\/li>\n\n\n\n<li><strong>Encourager la souverainet\u00e9 sur les donn\u00e9es et la cybers\u00e9curit\u00e9<\/strong> tout en restant attractif pour les investisseurs \u00e9trangers.<\/li>\n<\/ol>\n\n\n\n<p class=\"wp-block-paragraph\"><\/p>\n","protected":false},"excerpt":{"rendered":"<p>Pour faire de la Belgique un hub europ\u00e9en du New Space, il existe plusieurs barri\u00e8res r\u00e9glementaires et administratives \u00e0 lever. Je les ai class\u00e9es par th\u00e8me, avec un focus sur ce qui freine aujourd\u2019hui les startups et l\u2019industrie spatiale : 1. Cadre juridique et administratif a) Licences de lancement et exploitation b) Propri\u00e9t\u00e9 et utilisation [&hellip;]<\/p>\n","protected":false},"author":1,"featured_media":0,"comment_status":"open","ping_status":"open","sticky":false,"template":"","format":"standard","meta":{"_monsterinsights_skip_tracking":false,"_uf_show_specific_survey":0,"_uf_disable_surveys":false,"footnotes":""},"categories":[31,40],"tags":[],"class_list":["post-2088","post","type-post","status-publish","format-standard","hentry","category-economie","category-vision-begium-new-space-2035"],"_links":{"self":[{"href":"https:\/\/droitemoderniste.be\/index.php\/wp-json\/wp\/v2\/posts\/2088","targetHints":{"allow":["GET"]}}],"collection":[{"href":"https:\/\/droitemoderniste.be\/index.php\/wp-json\/wp\/v2\/posts"}],"about":[{"href":"https:\/\/droitemoderniste.be\/index.php\/wp-json\/wp\/v2\/types\/post"}],"author":[{"embeddable":true,"href":"https:\/\/droitemoderniste.be\/index.php\/wp-json\/wp\/v2\/users\/1"}],"replies":[{"embeddable":true,"href":"https:\/\/droitemoderniste.be\/index.php\/wp-json\/wp\/v2\/comments?post=2088"}],"version-history":[{"count":1,"href":"https:\/\/droitemoderniste.be\/index.php\/wp-json\/wp\/v2\/posts\/2088\/revisions"}],"predecessor-version":[{"id":2090,"href":"https:\/\/droitemoderniste.be\/index.php\/wp-json\/wp\/v2\/posts\/2088\/revisions\/2090"}],"wp:attachment":[{"href":"https:\/\/droitemoderniste.be\/index.php\/wp-json\/wp\/v2\/media?parent=2088"}],"wp:term":[{"taxonomy":"category","embeddable":true,"href":"https:\/\/droitemoderniste.be\/index.php\/wp-json\/wp\/v2\/categories?post=2088"},{"taxonomy":"post_tag","embeddable":true,"href":"https:\/\/droitemoderniste.be\/index.php\/wp-json\/wp\/v2\/tags?post=2088"}],"curies":[{"name":"wp","href":"https:\/\/api.w.org\/{rel}","templated":true}]}}