{"id":2085,"date":"2025-11-23T11:30:24","date_gmt":"2025-11-23T10:30:24","guid":{"rendered":"https:\/\/droitemoderniste.be\/?p=2085"},"modified":"2025-11-23T11:30:24","modified_gmt":"2025-11-23T10:30:24","slug":"retrouver-la-fierte-collective","status":"publish","type":"post","link":"https:\/\/droitemoderniste.be\/index.php\/2025\/11\/23\/retrouver-la-fierte-collective\/","title":{"rendered":"Retrouver la fiert\u00e9 collective"},"content":{"rendered":"\n<figure class=\"wp-block-image size-full\"><img loading=\"lazy\" decoding=\"async\" width=\"225\" height=\"225\" src=\"https:\/\/droitemoderniste.be\/wp-content\/uploads\/2025\/11\/originalite-belge3-1.jpg\" alt=\"\" class=\"wp-image-2086\" srcset=\"https:\/\/droitemoderniste.be\/wp-content\/uploads\/2025\/11\/originalite-belge3-1.jpg 225w, https:\/\/droitemoderniste.be\/wp-content\/uploads\/2025\/11\/originalite-belge3-1-150x150.jpg 150w\" sizes=\"auto, (max-width: 225px) 100vw, 225px\" \/><\/figure>\n\n\n\n<p class=\"wp-block-paragraph\">Mesdames, Messieurs,<br>Ch\u00e8res Belges, chers Belges,<\/p>\n\n\n\n<p class=\"wp-block-paragraph\">Notre pays est beau.<br>Il est complexe, riche, travers\u00e9 d\u2019histoires, de cultures, de langues et de r\u00eaves.<br>Et aujourd\u2019hui plus que jamais, il m\u00e9rite qu\u2019on le regarde avec confiance et affection.<\/p>\n\n\n\n<p class=\"wp-block-paragraph\">Nous vivons une \u00e9poque o\u00f9 tout va vite.<br>O\u00f9 beaucoup se sentent bouscul\u00e9s, fragilis\u00e9s, oubli\u00e9s.<br>O\u00f9 l\u2019on peut facilement c\u00e9der \u00e0 la peur, au doute, ou au sentiment que l\u2019avenir se construit sans nous.<\/p>\n\n\n\n<p class=\"wp-block-paragraph\">Mais au c\u0153ur de cette agitation, une certitude demeure :<\/p>\n\n\n\n<p class=\"wp-block-paragraph\"><strong>La Belgique n\u2019a jamais perdu sa force : celle de son peuple.<\/strong><\/p>\n\n\n\n<p class=\"wp-block-paragraph\">Ce pays avance quand nous avan\u00e7ons ensemble.<br>Il progresse quand nous lui donnons le meilleur de nous-m\u00eames.<br>Et il s\u2019\u00e9l\u00e8ve quand chaque citoyen peut croire \u00e0 son avenir, \u00e0 celui de sa famille, \u00e0 celui de sa communaut\u00e9.<\/p>\n\n\n\n<hr class=\"wp-block-separator has-alpha-channel-opacity\"\/>\n\n\n\n<h6 class=\"wp-block-heading\"><strong>Un projet pour rassembler, pas pour diviser<\/strong><\/h6>\n\n\n\n<p class=\"wp-block-paragraph\">Nous voulons restaurer une chose simple, presque \u00e9vidente :<br>la fiert\u00e9 d\u2019\u00eatre Belge, la confiance dans notre avenir commun.<\/p>\n\n\n\n<p class=\"wp-block-paragraph\">Pas dans l&rsquo;affrontement, ni dans les slogans.<br>Mais dans <strong>le respect, l\u2019intelligence collective et la volont\u00e9 d&rsquo;agir<\/strong>.<\/p>\n\n\n\n<p class=\"wp-block-paragraph\">Nous refusons les oppositions st\u00e9riles :<br>travailleurs contre ind\u00e9pendants, ville contre campagne, Flandre contre Wallonie, jeunes contre anciens.<\/p>\n\n\n\n<p class=\"wp-block-paragraph\">Nous sommes <strong>une nation de solidarit\u00e9s, pas de fractures<\/strong>.<\/p>\n\n\n\n<hr class=\"wp-block-separator has-alpha-channel-opacity\"\/>\n\n\n\n<h6 class=\"wp-block-heading\"><strong>Redonner souffle \u00e0 chaque vie<\/strong><\/h6>\n\n\n\n<p class=\"wp-block-paragraph\">Dans notre vision, chaque citoyen doit pouvoir :<\/p>\n\n\n\n<ul class=\"wp-block-list\">\n<li>vivre dignement de son travail<\/li>\n\n\n\n<li>se loger d\u00e9cemment<\/li>\n\n\n\n<li>se chauffer sans crainte<\/li>\n\n\n\n<li>apprendre, se former, \u00e9voluer<\/li>\n\n\n\n<li>fonder une famille s\u2019il le souhaite<\/li>\n\n\n\n<li>vivre dans un pays s\u00fbr, stable, protecteur<\/li>\n\n\n\n<li>croire en une transition \u00e9cologique <strong>juste et r\u00e9aliste<\/strong>, qui n\u2019abandonne personne<\/li>\n<\/ul>\n\n\n\n<p class=\"wp-block-paragraph\">Il ne s\u2019agit pas de charit\u00e9, ni de grandes d\u00e9clarations.<br>Il s\u2019agit de <strong>dignit\u00e9, de responsabilit\u00e9, et d\u2019humanit\u00e9<\/strong>.<\/p>\n\n\n\n<hr class=\"wp-block-separator has-alpha-channel-opacity\"\/>\n\n\n\n<h6 class=\"wp-block-heading\"><strong>Une modernit\u00e9 humaine<\/strong><\/h6>\n\n\n\n<p class=\"wp-block-paragraph\">Nous croyons en la modernit\u00e9 \u2014 pas celle qui d\u00e9shumanise, mais celle qui <strong>lib\u00e8re<\/strong>.<\/p>\n\n\n\n<p class=\"wp-block-paragraph\">Une modernit\u00e9 qui :<\/p>\n\n\n\n<ul class=\"wp-block-list\">\n<li>valorise l\u2019effort, le m\u00e9rite, la cr\u00e9ativit\u00e9<\/li>\n\n\n\n<li>prot\u00e8ge les plus fragiles<\/li>\n\n\n\n<li>s\u2019appuie sur la science, l\u2019innovation, l\u2019\u00e9ducation<\/li>\n\n\n\n<li>utilise la technologie pour simplifier la vie, pas pour remplacer les personnes<\/li>\n\n\n\n<li>d\u00e9fend notre souverainet\u00e9 \u00e9conomique, culturelle et d\u00e9mocratique<\/li>\n<\/ul>\n\n\n\n<p class=\"wp-block-paragraph\">Notre modernit\u00e9 n\u2019efface pas nos racines.<br>Elle <strong>les prolonge<\/strong>.<\/p>\n\n\n\n<hr class=\"wp-block-separator has-alpha-channel-opacity\"\/>\n\n\n\n<h6 class=\"wp-block-heading\"><strong>Retrouver la fiert\u00e9 collective<\/strong><\/h6>\n\n\n\n<p class=\"wp-block-paragraph\">La Belgique n\u2019a pas \u00e0 rougir.<br>Nous avons des talents, des travailleurs, des entrepreneurs, des enseignants, des soignants, des cr\u00e9ateurs, des chercheurs admirables.<br>Nous avons une jeunesse brillante, curieuse, ouverte sur le monde.<br>Nous avons une histoire, des institutions, une culture du compromis et du dialogue qui nous donnent de la force.<\/p>\n\n\n\n<p class=\"wp-block-paragraph\">Oui, il y a beaucoup \u00e0 am\u00e9liorer.<br>Mais il y a surtout <strong>beaucoup \u00e0 aimer et beaucoup \u00e0 construire<\/strong>.<\/p>\n\n\n\n<p class=\"wp-block-paragraph\">Ce que nous proposons, c\u2019est une promesse simple :<\/p>\n\n\n\n<p class=\"wp-block-paragraph\"><strong>Ne laisser personne au bord du chemin.<\/strong><strong><br>Avancer ensemble, confiants, enracin\u00e9s, et tourn\u00e9s vers demain.<\/strong><\/p>\n\n\n\n<hr class=\"wp-block-separator has-alpha-channel-opacity\"\/>\n\n\n\n<h6 class=\"wp-block-heading\"><strong>Conclusion<\/strong><\/h6>\n\n\n\n<p class=\"wp-block-paragraph\">B\u00e2tir l\u2019avenir de notre pays ne sera pas l\u2019\u0153uvre d\u2019un seul courant, ni d\u2019un seul groupe, encore moins d\u2019un seul leader.<\/p>\n\n\n\n<p class=\"wp-block-paragraph\">Ce sera l\u2019\u0153uvre de toutes celles et ceux<br>qui croient au sens du devoir,<br>qui respectent le travail,<br>qui ch\u00e9rissent la libert\u00e9,<br>qui veulent transmettre et prot\u00e9ger,<br>et qui refusent de renoncer.<\/p>\n\n\n\n<p class=\"wp-block-paragraph\">\u00c0 vous qui doutez de l\u2019avenir, \u00e0 vous qui portez ce pays chaque jour,<br>\u00e0 vous qui aimez profond\u00e9ment cette terre \u2014<br>nous vous disons : <strong>prenons part ensemble \u00e0 ce nouvel \u00e9lan.<\/strong><\/p>\n\n\n\n<p class=\"wp-block-paragraph\">Avec s\u00e9r\u00e9nit\u00e9.<br>Avec courage.<br>Avec confiance.<\/p>\n\n\n\n<p class=\"wp-block-paragraph\">Merci.<\/p>\n","protected":false},"excerpt":{"rendered":"<p>Mesdames, Messieurs,Ch\u00e8res Belges, chers Belges, Notre pays est beau.Il est complexe, riche, travers\u00e9 d\u2019histoires, de cultures, de langues et de r\u00eaves.Et aujourd\u2019hui plus que jamais, il m\u00e9rite qu\u2019on le regarde avec confiance et affection. Nous vivons une \u00e9poque o\u00f9 tout va vite.O\u00f9 beaucoup se sentent bouscul\u00e9s, fragilis\u00e9s, oubli\u00e9s.O\u00f9 l\u2019on peut facilement c\u00e9der \u00e0 la peur, [&hellip;]<\/p>\n","protected":false},"author":1,"featured_media":0,"comment_status":"open","ping_status":"open","sticky":false,"template":"","format":"standard","meta":{"_monsterinsights_skip_tracking":false,"_uf_show_specific_survey":0,"_uf_disable_surveys":false,"footnotes":""},"categories":[33,34],"tags":[],"class_list":["post-2085","post","type-post","status-publish","format-standard","hentry","category-belgitude","category-mouvement-droite-moderniste"],"_links":{"self":[{"href":"https:\/\/droitemoderniste.be\/index.php\/wp-json\/wp\/v2\/posts\/2085","targetHints":{"allow":["GET"]}}],"collection":[{"href":"https:\/\/droitemoderniste.be\/index.php\/wp-json\/wp\/v2\/posts"}],"about":[{"href":"https:\/\/droitemoderniste.be\/index.php\/wp-json\/wp\/v2\/types\/post"}],"author":[{"embeddable":true,"href":"https:\/\/droitemoderniste.be\/index.php\/wp-json\/wp\/v2\/users\/1"}],"replies":[{"embeddable":true,"href":"https:\/\/droitemoderniste.be\/index.php\/wp-json\/wp\/v2\/comments?post=2085"}],"version-history":[{"count":1,"href":"https:\/\/droitemoderniste.be\/index.php\/wp-json\/wp\/v2\/posts\/2085\/revisions"}],"predecessor-version":[{"id":2087,"href":"https:\/\/droitemoderniste.be\/index.php\/wp-json\/wp\/v2\/posts\/2085\/revisions\/2087"}],"wp:attachment":[{"href":"https:\/\/droitemoderniste.be\/index.php\/wp-json\/wp\/v2\/media?parent=2085"}],"wp:term":[{"taxonomy":"category","embeddable":true,"href":"https:\/\/droitemoderniste.be\/index.php\/wp-json\/wp\/v2\/categories?post=2085"},{"taxonomy":"post_tag","embeddable":true,"href":"https:\/\/droitemoderniste.be\/index.php\/wp-json\/wp\/v2\/tags?post=2085"}],"curies":[{"name":"wp","href":"https:\/\/api.w.org\/{rel}","templated":true}]}}