{"id":2079,"date":"2025-11-22T14:58:22","date_gmt":"2025-11-22T13:58:22","guid":{"rendered":"https:\/\/droitemoderniste.be\/?p=2079"},"modified":"2025-11-22T14:58:22","modified_gmt":"2025-11-22T13:58:22","slug":"wallonie-new-space","status":"publish","type":"post","link":"https:\/\/droitemoderniste.be\/index.php\/2025\/11\/22\/wallonie-new-space\/","title":{"rendered":"Wallonie New Space"},"content":{"rendered":"\n<figure class=\"wp-block-image size-full\"><img loading=\"lazy\" decoding=\"async\" width=\"449\" height=\"275\" src=\"https:\/\/droitemoderniste.be\/wp-content\/uploads\/2025\/11\/aae09ca4-1c41-48c6-9293-b90b41af1e6c.jpg\" alt=\"\" class=\"wp-image-2080\" srcset=\"https:\/\/droitemoderniste.be\/wp-content\/uploads\/2025\/11\/aae09ca4-1c41-48c6-9293-b90b41af1e6c.jpg 449w, https:\/\/droitemoderniste.be\/wp-content\/uploads\/2025\/11\/aae09ca4-1c41-48c6-9293-b90b41af1e6c-300x184.jpg 300w\" sizes=\"auto, (max-width: 449px) 100vw, 449px\" \/><\/figure>\n\n\n\n<p class=\"wp-block-paragraph\">La Wallonie poss\u00e8de <strong>un \u00e9cosyst\u00e8me spatial extr\u00eamement puissant<\/strong>, souvent sous-estim\u00e9 mais reconnu au niveau europ\u00e9en. Dans une perspective <mark style=\"background-color:rgba(0, 0, 0, 0);color:#ff6900\" class=\"has-inline-color\">MDM<\/mark>, cela forme une base id\u00e9ale pour b\u00e2tir un p\u00f4le strat\u00e9gique du New Space belge.<\/p>\n\n\n\n<p class=\"wp-block-paragraph\">Voici les <strong>forces technologiques sp\u00e9cifiques de la Wallonie<\/strong> :<\/p>\n\n\n\n<hr class=\"wp-block-separator has-alpha-channel-opacity\"\/>\n\n\n\n<h5 class=\"wp-block-heading\"><strong>1. Propulsion avanc\u00e9e et micro-propulsion<\/strong><\/h5>\n\n\n\n<p class=\"wp-block-paragraph\">La Wallonie est l\u2019un des <strong>leaders europ\u00e9ens<\/strong> en propulsion pour satellites :<\/p>\n\n\n\n<ul class=\"wp-block-list\">\n<li>Propulsion \u00e9lectrique et micro-propulsion pour petits satellites<\/li>\n\n\n\n<li>Syst\u00e8mes de propulsion chimique et hybrides<\/li>\n\n\n\n<li>D\u00e9veloppement de composants critiques pour man\u0153uvres orbitales<\/li>\n<\/ul>\n\n\n\n<p class=\"wp-block-paragraph\"><strong>Un atout majeur<\/strong> pour le New Space, qui repose sur des plateformes l\u00e9g\u00e8res, autonomes et man\u0153uvrables.<\/p>\n\n\n\n<hr class=\"wp-block-separator has-alpha-channel-opacity\"\/>\n\n\n\n<h5 class=\"wp-block-heading\"><strong>2. Optique de pr\u00e9cision et instruments scientifiques<\/strong><\/h5>\n\n\n\n<p class=\"wp-block-paragraph\">Le p\u00f4le li\u00e9geois d\u2019optique est <strong>r\u00e9put\u00e9 mondialement<\/strong> :<\/p>\n\n\n\n<ul class=\"wp-block-list\">\n<li>Optique spatiale pour missions scientifiques<\/li>\n\n\n\n<li>Syst\u00e8mes d\u2019imagerie haute r\u00e9solution<\/li>\n\n\n\n<li>Senseurs hyperspectraux<\/li>\n\n\n\n<li>M\u00e9canismes opto-m\u00e9caniques pour satellites et t\u00e9lescopes<\/li>\n<\/ul>\n\n\n\n<p class=\"wp-block-paragraph\">La Wallonie peut devenir la <strong>r\u00e9f\u00e9rence europ\u00e9enne<\/strong> en instruments embarqu\u00e9s pour petits satellites.<\/p>\n\n\n\n<hr class=\"wp-block-separator has-alpha-channel-opacity\"\/>\n\n\n\n<h5 class=\"wp-block-heading\"><strong>3. Mat\u00e9riaux avanc\u00e9s &amp; composites hautes performances<\/strong><\/h5>\n\n\n\n<p class=\"wp-block-paragraph\">Gr\u00e2ce \u00e0 la reconversion industrielle des bassins li\u00e9geois et carolos :<\/p>\n\n\n\n<ul class=\"wp-block-list\">\n<li>Composites carbone<\/li>\n\n\n\n<li>Mat\u00e9riaux all\u00e9g\u00e9s pour structures satellites<\/li>\n\n\n\n<li>Additive manufacturing (impression 3D m\u00e9tal) pour pi\u00e8ces a\u00e9ronautiques et spatiales<\/li>\n<\/ul>\n\n\n\n<p class=\"wp-block-paragraph\">Indispensable pour les plateformes New Space compactes, robustes et peu co\u00fbteuses.<\/p>\n\n\n\n<hr class=\"wp-block-separator has-alpha-channel-opacity\"\/>\n\n\n\n<h5 class=\"wp-block-heading\"><strong>4. A\u00e9ronautique forte = transfert direct vers le spatial<\/strong><\/h5>\n\n\n\n<p class=\"wp-block-paragraph\">La Wallonie dispose d\u2019un tissu a\u00e9ronautique solide :<\/p>\n\n\n\n<ul class=\"wp-block-list\">\n<li>Assemblage d\u2019a\u00e9rostructures<\/li>\n\n\n\n<li>Robotique et automatisation<\/li>\n\n\n\n<li>Syst\u00e8mes de contr\u00f4le qualit\u00e9 avanc\u00e9s<\/li>\n\n\n\n<li>Certification et tests (vibrations, thermiques)<\/li>\n<\/ul>\n\n\n\n<p class=\"wp-block-paragraph\">Cette expertise duale (a\u00e9ro + espace) est un moteur de comp\u00e9titivit\u00e9 dans les projets New Space.<\/p>\n\n\n\n<hr class=\"wp-block-separator has-alpha-channel-opacity\"\/>\n\n\n\n<h5 class=\"wp-block-heading\"><strong>5. Logiciels embarqu\u00e9s &amp; ing\u00e9nierie syst\u00e8me<\/strong><\/h5>\n\n\n\n<p class=\"wp-block-paragraph\">Les entreprises wallonnes participent depuis longtemps \u00e0 des programmes ESA :<\/p>\n\n\n\n<ul class=\"wp-block-list\">\n<li>Software embarqu\u00e9 temps r\u00e9el<\/li>\n\n\n\n<li>Guidage, navigation, contr\u00f4le (GNC)<\/li>\n\n\n\n<li>Architectures de vol<\/li>\n\n\n\n<li>S\u00e9curit\u00e9 et robustesse logicielle<\/li>\n<\/ul>\n\n\n\n<p class=\"wp-block-paragraph\">Des comp\u00e9tences tr\u00e8s recherch\u00e9es dans les constellations, les satellites autonomes et les infrastructures de d\u00e9fense.<\/p>\n\n\n\n<hr class=\"wp-block-separator has-alpha-channel-opacity\"\/>\n\n\n\n<h5 class=\"wp-block-heading\"><strong>6. Cybers\u00e9curit\u00e9 et protection des syst\u00e8mes spatiaux<\/strong><\/h5>\n\n\n\n<p class=\"wp-block-paragraph\">Autour de Charleroi et Namur :<\/p>\n\n\n\n<ul class=\"wp-block-list\">\n<li>Solutions de crypto et de cybers\u00e9curit\u00e9<\/li>\n\n\n\n<li>S\u00e9curisation des liaisons satellite-sol<\/li>\n\n\n\n<li>D\u00e9tection d\u2019anomalies orbitales<\/li>\n\n\n\n<li>ESA Security Framework contributions<\/li>\n<\/ul>\n\n\n\n<p class=\"wp-block-paragraph\">Un secteur <strong>hautement strat\u00e9gique<\/strong> dans le New Space, o\u00f9 la menace cyber est majeure.<\/p>\n\n\n\n<hr class=\"wp-block-separator has-alpha-channel-opacity\"\/>\n\n\n\n<h5 class=\"wp-block-heading\"><strong>7. Clusters &amp; centres de recherche<\/strong><\/h5>\n\n\n\n<p class=\"wp-block-paragraph\">La Wallonie b\u00e9n\u00e9ficie d\u2019un environnement tr\u00e8s structur\u00e9, notamment via :<\/p>\n\n\n\n<ul class=\"wp-block-list\">\n<li><strong>Skywin<\/strong> : le p\u00f4le de comp\u00e9titivit\u00e9 a\u00e9ronautique\/spatial<\/li>\n\n\n\n<li>Universit\u00e9s : ULi\u00e8ge (Space sciences, robotique), UMons, UNamur<\/li>\n\n\n\n<li>Centres de R&amp;D : Cenaero, Multitel, SIRRIS, CRM Group<\/li>\n<\/ul>\n\n\n\n<p class=\"wp-block-paragraph\">Une capacit\u00e9 d\u2019innovation continue, parfaitement align\u00e9e avec les besoins du New Space.<\/p>\n\n\n\n<hr class=\"wp-block-separator has-alpha-channel-opacity\"\/>\n\n\n\n<h5 class=\"wp-block-heading\"><strong>8. Atout g\u00e9ographique : logistique &amp; industrie lourde<\/strong><\/h5>\n\n\n\n<ul class=\"wp-block-list\">\n<li>Proximit\u00e9 des ports (Anvers, Zeebrugge)<\/li>\n\n\n\n<li>Plateforme logistique wallonne (routes + ferroviaire)<\/li>\n\n\n\n<li>Industrie m\u00e9canique et m\u00e9tallurgique encore dense<\/li>\n<\/ul>\n\n\n\n<p class=\"wp-block-paragraph\">Id\u00e9al pour la production, l&rsquo;int\u00e9gration et l\u2019exportation de mat\u00e9riels spatiaux.<\/p>\n\n\n\n<hr class=\"wp-block-separator has-alpha-channel-opacity\"\/>\n\n\n\n<h5 class=\"wp-block-heading\"><strong>Synth\u00e8se <mark style=\"background-color:rgba(0, 0, 0, 0);color:#ff6900\" class=\"has-inline-color\">MDM<\/mark> : pourquoi la Wallonie est centrale pour le New Space<\/strong><\/h5>\n\n\n\n<p class=\"wp-block-paragraph\">La Wallonie combine :<\/p>\n\n\n\n<ul class=\"wp-block-list\">\n<li>excellence en propulsion<\/li>\n\n\n\n<li>ma\u00eetrise de l\u2019optique scientifique<\/li>\n\n\n\n<li>mat\u00e9riaux avanc\u00e9s<\/li>\n\n\n\n<li>cybers\u00e9curit\u00e9<\/li>\n\n\n\n<li>R&amp;D robuste<\/li>\n\n\n\n<li>a\u00e9ronautique duale<\/li>\n\n\n\n<li>clusters structur\u00e9s<\/li>\n<\/ul>\n\n\n\n<p class=\"wp-block-paragraph\">\u27a1Elle peut devenir <strong>le c\u0153ur industriel<\/strong> du futur hub spatial belge.<br>\u27a1Bruxelles g\u00e8re la diplomatie spatiale.<br>\u27a1La Flandre catalyse les micro-\u00e9lectroniques et l\u2019IA.<\/p>\n\n\n\n<p class=\"wp-block-paragraph\"><strong>Vision <mark style=\"background-color:rgba(0, 0, 0, 0);color:#ff6900\" class=\"has-inline-color\">MDM <\/mark>: Wallonie = p\u00f4le industriel du New Space, Flandre = p\u00f4le num\u00e9rique, Bruxelles = p\u00f4le strat\u00e9gique.<\/strong><\/p>\n\n\n\n<p class=\"wp-block-paragraph\"><\/p>\n","protected":false},"excerpt":{"rendered":"<p>La Wallonie poss\u00e8de un \u00e9cosyst\u00e8me spatial extr\u00eamement puissant, souvent sous-estim\u00e9 mais reconnu au niveau europ\u00e9en. Dans une perspective MDM, cela forme une base id\u00e9ale pour b\u00e2tir un p\u00f4le strat\u00e9gique du New Space belge. Voici les forces technologiques sp\u00e9cifiques de la Wallonie : 1. Propulsion avanc\u00e9e et micro-propulsion La Wallonie est l\u2019un des leaders europ\u00e9ens en [&hellip;]<\/p>\n","protected":false},"author":1,"featured_media":0,"comment_status":"open","ping_status":"open","sticky":false,"template":"","format":"standard","meta":{"_monsterinsights_skip_tracking":false,"_uf_show_specific_survey":0,"_uf_disable_surveys":false,"footnotes":""},"categories":[31,23],"tags":[],"class_list":["post-2079","post","type-post","status-publish","format-standard","hentry","category-economie","category-entreprises"],"_links":{"self":[{"href":"https:\/\/droitemoderniste.be\/index.php\/wp-json\/wp\/v2\/posts\/2079","targetHints":{"allow":["GET"]}}],"collection":[{"href":"https:\/\/droitemoderniste.be\/index.php\/wp-json\/wp\/v2\/posts"}],"about":[{"href":"https:\/\/droitemoderniste.be\/index.php\/wp-json\/wp\/v2\/types\/post"}],"author":[{"embeddable":true,"href":"https:\/\/droitemoderniste.be\/index.php\/wp-json\/wp\/v2\/users\/1"}],"replies":[{"embeddable":true,"href":"https:\/\/droitemoderniste.be\/index.php\/wp-json\/wp\/v2\/comments?post=2079"}],"version-history":[{"count":1,"href":"https:\/\/droitemoderniste.be\/index.php\/wp-json\/wp\/v2\/posts\/2079\/revisions"}],"predecessor-version":[{"id":2081,"href":"https:\/\/droitemoderniste.be\/index.php\/wp-json\/wp\/v2\/posts\/2079\/revisions\/2081"}],"wp:attachment":[{"href":"https:\/\/droitemoderniste.be\/index.php\/wp-json\/wp\/v2\/media?parent=2079"}],"wp:term":[{"taxonomy":"category","embeddable":true,"href":"https:\/\/droitemoderniste.be\/index.php\/wp-json\/wp\/v2\/categories?post=2079"},{"taxonomy":"post_tag","embeddable":true,"href":"https:\/\/droitemoderniste.be\/index.php\/wp-json\/wp\/v2\/tags?post=2079"}],"curies":[{"name":"wp","href":"https:\/\/api.w.org\/{rel}","templated":true}]}}