{"id":2076,"date":"2025-11-22T11:40:50","date_gmt":"2025-11-22T10:40:50","guid":{"rendered":"https:\/\/droitemoderniste.be\/?p=2076"},"modified":"2025-11-22T11:40:50","modified_gmt":"2025-11-22T10:40:50","slug":"discours-programmatique","status":"publish","type":"post","link":"https:\/\/droitemoderniste.be\/index.php\/2025\/11\/22\/discours-programmatique\/","title":{"rendered":"Discours programmatique"},"content":{"rendered":"\n<figure class=\"wp-block-image size-full\"><img loading=\"lazy\" decoding=\"async\" width=\"275\" height=\"183\" src=\"https:\/\/droitemoderniste.be\/wp-content\/uploads\/2025\/11\/originalite-belge.jpg\" alt=\"\" class=\"wp-image-2077\"\/><\/figure>\n\n\n\n<p class=\"wp-block-paragraph\">Chers citoyennes, chers citoyens,<\/p>\n\n\n\n<p class=\"wp-block-paragraph\">La Belgique traverse un moment charni\u00e8re.<br>Nos familles, nos entreprises, nos jeunes, nos a\u00een\u00e9s ressentent tous la pression du co\u00fbt de la vie, l\u2019incertitude \u00e9conomique, la transformation rapide de notre monde.<br>Dans cette p\u00e9riode, une \u00e9vidence s&rsquo;impose : <strong>notre pays a besoin de modernit\u00e9, de responsabilit\u00e9, et d\u2019espoir.<\/strong><\/p>\n\n\n\n<p class=\"wp-block-paragraph\">Le <mark style=\"background-color:rgba(0, 0, 0, 0);color:#ff6900\" class=\"has-inline-color\">Mouvement Droite Moderniste<\/mark> na\u00eet de cette conviction simple mais exigeante :<\/p>\n\n\n\n<p class=\"wp-block-paragraph\"><strong>prot\u00e9ger les Belges, lib\u00e9rer leurs talents, et construire une prosp\u00e9rit\u00e9 durable, juste, et nationale.<\/strong><\/p>\n\n\n\n<p class=\"wp-block-paragraph\">Nous refusons le choix entre h\u00e9ritage et avenir, entre solidarit\u00e9 et ambition, entre efficacit\u00e9 \u00e9conomique et justice sociale.<br>Nous croyons dans <strong>une Belgique enracin\u00e9e dans son identit\u00e9, mais tourn\u00e9e vers demain<\/strong>.<\/p>\n\n\n\n<hr class=\"wp-block-separator has-alpha-channel-opacity\"\/>\n\n\n\n<h5 class=\"wp-block-heading\"><strong>Prot\u00e9ger le pouvoir d\u2019achat, dignit\u00e9 de chaque foyer<\/strong><\/h5>\n\n\n\n<p class=\"wp-block-paragraph\">Dans notre pays, personne ne devrait choisir entre se chauffer, se d\u00e9placer ou nourrir sa famille.<br>Pour cela, nous proposons :<\/p>\n\n\n\n<ul class=\"wp-block-list\">\n<li>un <strong>bouclier \u00e9nergie intelligent<\/strong> garantissant un prix stable pour les besoins essentiels<\/li>\n\n\n\n<li>une <strong>TVA sociale cibl\u00e9e<\/strong> sur l\u2019alimentation saine, l\u2019hygi\u00e8ne, l\u2019\u00e9ducation<\/li>\n\n\n\n<li>une <strong>indexation protectrice<\/strong> prioritaire pour les revenus modestes<\/li>\n\n\n\n<li>un <strong>acc\u00e8s facilit\u00e9 \u00e0 la mobilit\u00e9 et au num\u00e9rique<\/strong> pour chaque travailleur<\/li>\n<\/ul>\n\n\n\n<p class=\"wp-block-paragraph\">Notre objectif est clair : <strong>la s\u00e9curit\u00e9 \u00e9conomique pour les familles qui font vivre la Belgique.<\/strong><\/p>\n\n\n\n<hr class=\"wp-block-separator has-alpha-channel-opacity\"\/>\n\n\n\n<h5 class=\"wp-block-heading\"><strong>Travail, m\u00e9rite, formation : notre contrat social<\/strong><\/h5>\n\n\n\n<p class=\"wp-block-paragraph\">Chaque talent compte.<br>Chaque citoyen doit pouvoir trouver sa place dans une \u00e9conomie moderne.<\/p>\n\n\n\n<p class=\"wp-block-paragraph\">Nous proposons :<\/p>\n\n\n\n<ul class=\"wp-block-list\">\n<li>un <strong>plan national de revalorisation des m\u00e9tiers essentiels<\/strong><\/li>\n\n\n\n<li>un droit \u00e0 <strong>1 000 heures de formation qualifiante<\/strong><\/li>\n\n\n\n<li>une politique industrielle verte et souveraine cr\u00e9atrice d\u2019emplois locaux<\/li>\n\n\n\n<li>des incitations pour le <strong>travail de proximit\u00e9<\/strong><\/li>\n\n\n\n<li>une s\u00e9curit\u00e9 renforc\u00e9e pour les <strong>ind\u00e9pendants et petits entrepreneurs<\/strong><\/li>\n<\/ul>\n\n\n\n<p class=\"wp-block-paragraph\">Nous voulons <strong>un pays o\u00f9 travailler paye, o\u00f9 apprendre est un droit, et o\u00f9 l\u2019effort m\u00e8ne \u00e0 l\u2019ascension.<\/strong><\/p>\n\n\n\n<hr class=\"wp-block-separator has-alpha-channel-opacity\"\/>\n\n\n\n<h5 class=\"wp-block-heading\"><strong>Logement digne, avenir serein<\/strong><\/h5>\n\n\n\n<p class=\"wp-block-paragraph\">Se loger ne doit pas devenir un luxe.<\/p>\n\n\n\n<p class=\"wp-block-paragraph\">Nous proposons :<\/p>\n\n\n\n<ul class=\"wp-block-list\">\n<li>un plan <strong>R\u00e9novation 2035<\/strong> pour des logements sains, \u00e9conomes et s\u00e9curis\u00e9s<\/li>\n\n\n\n<li>des solutions <strong>interg\u00e9n\u00e9rationnelles<\/strong> et solidaires<\/li>\n\n\n\n<li>des <strong>coop\u00e9ratives citoyennes d\u2019habitat<\/strong> pour casser la sp\u00e9culation et renforcer les quartiers<\/li>\n<\/ul>\n\n\n\n<p class=\"wp-block-paragraph\">Le logement n\u2019est pas qu\u2019un toit : <strong>c\u2019est la base de la dignit\u00e9 et de l\u2019avenir familial.<\/strong><\/p>\n\n\n\n<hr class=\"wp-block-separator has-alpha-channel-opacity\"\/>\n\n\n\n<h5 class=\"wp-block-heading\"><strong>Modernit\u00e9, ENVIRONNEMENT, souverainet\u00e9<\/strong><\/h5>\n\n\n\n<p class=\"wp-block-paragraph\">Nous croyons en une \u00e9cologie <strong>optimiste<\/strong> (l&rsquo;\u00e9cosophie <mark style=\"background-color:rgba(0, 0, 0, 0);color:#ff6900\" class=\"has-inline-color\">MDM<\/mark>), fond\u00e9e sur l\u2019innovation et l\u2019industrie propre, pas sur la culpabilisation.<br>Nous croyons en une Europe <strong>des nations fortes<\/strong>, pas des nations invisibles.<br>Nous croyons en un \u00c9tat <strong>sobre, efficace et juste<\/strong>, au service de ses citoyens.<\/p>\n\n\n\n<p class=\"wp-block-paragraph\">Notre chemin :<\/p>\n\n\n\n<ul class=\"wp-block-list\">\n<li>investir dans la technologie, l\u2019\u00e9nergie propre, l\u2019agriculture locale<\/li>\n\n\n\n<li>prot\u00e9ger nos travailleurs face \u00e0 la concurrence d\u00e9loyale<\/li>\n\n\n\n<li>d\u00e9fendre notre mod\u00e8le social, nos valeurs, notre souverainet\u00e9 d\u00e9mocratique<\/li>\n<\/ul>\n\n\n\n<hr class=\"wp-block-separator has-alpha-channel-opacity\"\/>\n\n\n\n<h5 class=\"wp-block-heading\"><strong>Conclusion<\/strong><\/h5>\n\n\n\n<p class=\"wp-block-paragraph\">Le <mark style=\"background-color:rgba(0, 0, 0, 0);color:#ff6900\" class=\"has-inline-color\">Mouvement Droite Moderniste<\/mark> porte une promesse simple :<br><strong>concilier le r\u00e9el et l\u2019id\u00e9al, le progr\u00e8s et la tradition, la libert\u00e9 et la justice.<\/strong><\/p>\n\n\n\n<p class=\"wp-block-paragraph\">Nous ne sommes ni dans la nostalgie, ni dans la rupture aveugle.<br>Nous sommes dans <strong>la construction<\/strong>, patiente, d\u00e9termin\u00e9e, ambitieuse.<\/p>\n\n\n\n<p class=\"wp-block-paragraph\">La Belgique m\u00e9rite un horizon.<br>Construisons-le ensemble, avec s\u00e9rieux, avec courage, et avec confiance.<\/p>\n\n\n\n<p class=\"wp-block-paragraph\">Merci.<\/p>\n","protected":false},"excerpt":{"rendered":"<p>Chers citoyennes, chers citoyens, La Belgique traverse un moment charni\u00e8re.Nos familles, nos entreprises, nos jeunes, nos a\u00een\u00e9s ressentent tous la pression du co\u00fbt de la vie, l\u2019incertitude \u00e9conomique, la transformation rapide de notre monde.Dans cette p\u00e9riode, une \u00e9vidence s&rsquo;impose : notre pays a besoin de modernit\u00e9, de responsabilit\u00e9, et d\u2019espoir. Le Mouvement Droite Moderniste na\u00eet [&hellip;]<\/p>\n","protected":false},"author":1,"featured_media":0,"comment_status":"open","ping_status":"open","sticky":false,"template":"","format":"standard","meta":{"_monsterinsights_skip_tracking":false,"_uf_show_specific_survey":0,"_uf_disable_surveys":false,"footnotes":""},"categories":[34],"tags":[],"class_list":["post-2076","post","type-post","status-publish","format-standard","hentry","category-mouvement-droite-moderniste"],"_links":{"self":[{"href":"https:\/\/droitemoderniste.be\/index.php\/wp-json\/wp\/v2\/posts\/2076","targetHints":{"allow":["GET"]}}],"collection":[{"href":"https:\/\/droitemoderniste.be\/index.php\/wp-json\/wp\/v2\/posts"}],"about":[{"href":"https:\/\/droitemoderniste.be\/index.php\/wp-json\/wp\/v2\/types\/post"}],"author":[{"embeddable":true,"href":"https:\/\/droitemoderniste.be\/index.php\/wp-json\/wp\/v2\/users\/1"}],"replies":[{"embeddable":true,"href":"https:\/\/droitemoderniste.be\/index.php\/wp-json\/wp\/v2\/comments?post=2076"}],"version-history":[{"count":1,"href":"https:\/\/droitemoderniste.be\/index.php\/wp-json\/wp\/v2\/posts\/2076\/revisions"}],"predecessor-version":[{"id":2078,"href":"https:\/\/droitemoderniste.be\/index.php\/wp-json\/wp\/v2\/posts\/2076\/revisions\/2078"}],"wp:attachment":[{"href":"https:\/\/droitemoderniste.be\/index.php\/wp-json\/wp\/v2\/media?parent=2076"}],"wp:term":[{"taxonomy":"category","embeddable":true,"href":"https:\/\/droitemoderniste.be\/index.php\/wp-json\/wp\/v2\/categories?post=2076"},{"taxonomy":"post_tag","embeddable":true,"href":"https:\/\/droitemoderniste.be\/index.php\/wp-json\/wp\/v2\/tags?post=2076"}],"curies":[{"name":"wp","href":"https:\/\/api.w.org\/{rel}","templated":true}]}}