{"id":2073,"date":"2025-11-21T14:28:11","date_gmt":"2025-11-21T13:28:11","guid":{"rendered":"https:\/\/droitemoderniste.be\/?p=2073"},"modified":"2025-11-21T14:28:11","modified_gmt":"2025-11-21T13:28:11","slug":"une-politique-migratoire-efficace-humaine-et-maitrisee-pas-une-usine-a-gaz-inefficace","status":"publish","type":"post","link":"https:\/\/droitemoderniste.be\/index.php\/2025\/11\/21\/une-politique-migratoire-efficace-humaine-et-maitrisee-pas-une-usine-a-gaz-inefficace\/","title":{"rendered":"Une politique migratoire efficace, humaine et ma\u00eetris\u00e9e. Pas une usine \u00e0 gaz inefficace!"},"content":{"rendered":"\n<figure class=\"wp-block-image size-full\"><img loading=\"lazy\" decoding=\"async\" width=\"275\" height=\"183\" src=\"https:\/\/droitemoderniste.be\/wp-content\/uploads\/2025\/11\/immigmassive1.jpeg\" alt=\"\" class=\"wp-image-2074\"\/><\/figure>\n\n\n\n<p class=\"wp-block-paragraph\"><strong>Voici les principaux arguments politiques que le <mark style=\"background-color:rgba(0, 0, 0, 0);color:#ff6900\" class=\"has-inline-color\">Mouvement Droite Moderniste (MDM)<\/mark> avance contre le pacte europ\u00e9en sur l&rsquo;immigration<\/strong> :<\/p>\n\n\n\n<ul class=\"wp-block-list\">\n<li>Ma\u00eetrise souveraine : Le <mark style=\"background-color:rgba(0, 0, 0, 0);color:#ff6900\" class=\"has-inline-color\">MDM<\/mark> critique le fait que le pacte ne redonne pas pleinement la souverainet\u00e9 aux \u00c9tats membres, notamment \u00e0 la Belgique, pour g\u00e9rer de fa\u00e7on ind\u00e9pendante les d\u00e9cisions d&rsquo;asile et de s\u00e9jour. Le parti pr\u00f4ne la recentralisation nationale et la ma\u00eetrise totale des flux migratoires, ce que le pacte ne garantit pas.<\/li>\n\n\n\n<li>Politique d&rsquo;asile submerg\u00e9e : Le <mark style=\"background-color:rgba(0, 0, 0, 0);color:#ff6900\" class=\"has-inline-color\">MDM<\/mark> consid\u00e8re que l&rsquo;actuelle gestion de l&rsquo;asile est capt\u00e9e par des jugements trop favorables et un r\u00e9seau associatif subventionn\u00e9 qui \u00e9chappent \u00e0 l&rsquo;\u00c9tat. Il souhaite une r\u00e9forme radicale, incluant des quotas et une autorit\u00e9 unique souveraine pour limiter les abus.<\/li>\n\n\n\n<li>Obsolescence de la Convention de Gen\u00e8ve : Le pacte europ\u00e9en s&rsquo;appuie sur des conventions internationales jug\u00e9es d\u00e9pass\u00e9es par le <mark style=\"background-color:rgba(0, 0, 0, 0);color:#ff6900\" class=\"has-inline-color\">MDM<\/mark>, notamment la Convention de Gen\u00e8ve. Le parti propose d&rsquo;en revoir la port\u00e9e voire d\u2019en sortir pour adopter une l\u00e9gislation nationale qui limite les demandes abusives et les incertitudes juridiques.<\/li>\n\n\n\n<li>Limites humanitaires et droits : Le <mark style=\"background-color:rgba(0, 0, 0, 0);color:#ff6900\" class=\"has-inline-color\">MDM<\/mark> rejette une politique migratoire fond\u00e9e sur un \u00ab\u00a0laxisme compassionnel\u00a0\u00bb et pr\u00e9f\u00e8re une politique \u00ab\u00a0humaine mais ordonn\u00e9e\u00a0\u00bb, qui prot\u00e8ge \u00e0 la fois les citoyens et les vrais r\u00e9fugi\u00e9s, en \u00e9vitant de favoriser des fili\u00e8res ill\u00e9gales.<\/li>\n\n\n\n<li>Co\u00fbts publics et int\u00e9gration : Le pacte ne r\u00e9pond pas selon le <mark style=\"background-color:rgba(0, 0, 0, 0);color:#ff6900\" class=\"has-inline-color\">MDM<\/mark> \u00e0 la n\u00e9cessit\u00e9 de limiter les co\u00fbts publics li\u00e9s \u00e0 une immigration non ma\u00eetris\u00e9e ni d&rsquo;exiger une int\u00e9gration ferme et effective des migrants admis.<\/li>\n<\/ul>\n\n\n\n<p class=\"wp-block-paragraph\">En r\u00e9sum\u00e9, le <mark style=\"background-color:rgba(0, 0, 0, 0);color:#ff6900\" class=\"has-inline-color\">MDM<\/mark> avance que le pacte europ\u00e9en sur la migration et l\u2019asile promeut une gestion insuffisamment souveraine, permissive sur les abus en mati\u00e8re d&rsquo;asile, s\u2019appuie sur des textes internationaux d\u00e9pass\u00e9s et ne prot\u00e8ge pas efficacement les int\u00e9r\u00eats nationaux ni la coh\u00e9sion sociale, ce qui justifie un rejet clair en faveur d\u2019une politique migratoire plus claire, ferme et ma\u00eetris\u00e9e.<\/p>\n","protected":false},"excerpt":{"rendered":"<p>Voici les principaux arguments politiques que le Mouvement Droite Moderniste (MDM) avance contre le pacte europ\u00e9en sur l&rsquo;immigration : En r\u00e9sum\u00e9, le MDM avance que le pacte europ\u00e9en sur la migration et l\u2019asile promeut une gestion insuffisamment souveraine, permissive sur les abus en mati\u00e8re d&rsquo;asile, s\u2019appuie sur des textes internationaux d\u00e9pass\u00e9s et ne prot\u00e8ge pas [&hellip;]<\/p>\n","protected":false},"author":1,"featured_media":0,"comment_status":"open","ping_status":"open","sticky":false,"template":"","format":"standard","meta":{"_monsterinsights_skip_tracking":false,"_uf_show_specific_survey":0,"_uf_disable_surveys":false,"footnotes":""},"categories":[1,34],"tags":[],"class_list":["post-2073","post","type-post","status-publish","format-standard","hentry","category-immigration","category-mouvement-droite-moderniste"],"_links":{"self":[{"href":"https:\/\/droitemoderniste.be\/index.php\/wp-json\/wp\/v2\/posts\/2073","targetHints":{"allow":["GET"]}}],"collection":[{"href":"https:\/\/droitemoderniste.be\/index.php\/wp-json\/wp\/v2\/posts"}],"about":[{"href":"https:\/\/droitemoderniste.be\/index.php\/wp-json\/wp\/v2\/types\/post"}],"author":[{"embeddable":true,"href":"https:\/\/droitemoderniste.be\/index.php\/wp-json\/wp\/v2\/users\/1"}],"replies":[{"embeddable":true,"href":"https:\/\/droitemoderniste.be\/index.php\/wp-json\/wp\/v2\/comments?post=2073"}],"version-history":[{"count":1,"href":"https:\/\/droitemoderniste.be\/index.php\/wp-json\/wp\/v2\/posts\/2073\/revisions"}],"predecessor-version":[{"id":2075,"href":"https:\/\/droitemoderniste.be\/index.php\/wp-json\/wp\/v2\/posts\/2073\/revisions\/2075"}],"wp:attachment":[{"href":"https:\/\/droitemoderniste.be\/index.php\/wp-json\/wp\/v2\/media?parent=2073"}],"wp:term":[{"taxonomy":"category","embeddable":true,"href":"https:\/\/droitemoderniste.be\/index.php\/wp-json\/wp\/v2\/categories?post=2073"},{"taxonomy":"post_tag","embeddable":true,"href":"https:\/\/droitemoderniste.be\/index.php\/wp-json\/wp\/v2\/tags?post=2073"}],"curies":[{"name":"wp","href":"https:\/\/api.w.org\/{rel}","templated":true}]}}