{"id":2070,"date":"2025-11-21T10:36:32","date_gmt":"2025-11-21T09:36:32","guid":{"rendered":"https:\/\/droitemoderniste.be\/?p=2070"},"modified":"2025-11-21T10:36:32","modified_gmt":"2025-11-21T09:36:32","slug":"debat-mdm-face-a-un-contradicteur-populiste","status":"publish","type":"post","link":"https:\/\/droitemoderniste.be\/index.php\/2025\/11\/21\/debat-mdm-face-a-un-contradicteur-populiste\/","title":{"rendered":"D\u00e9bat: MDM face \u00e0 un contradicteur populiste"},"content":{"rendered":"\n<figure class=\"wp-block-image size-full\"><img loading=\"lazy\" decoding=\"async\" width=\"800\" height=\"400\" src=\"https:\/\/droitemoderniste.be\/wp-content\/uploads\/2025\/11\/Leonardo-vendeur.jpg\" alt=\"\" class=\"wp-image-2071\" srcset=\"https:\/\/droitemoderniste.be\/wp-content\/uploads\/2025\/11\/Leonardo-vendeur.jpg 800w, https:\/\/droitemoderniste.be\/wp-content\/uploads\/2025\/11\/Leonardo-vendeur-300x150.jpg 300w, https:\/\/droitemoderniste.be\/wp-content\/uploads\/2025\/11\/Leonardo-vendeur-768x384.jpg 768w\" sizes=\"auto, (max-width: 800px) 100vw, 800px\" \/><\/figure>\n\n\n\n<p class=\"wp-block-paragraph\"><strong>Contradicteur populiste :<\/strong><br><em>Les \u00e9lites ont d\u00e9truit le pays ! On doit tout renverser, fermer les fronti\u00e8res, arr\u00eater les compromis. Le peuple en a assez, il faut tout casser pour reconstruire !<\/em><\/p>\n\n\n\n<p class=\"wp-block-paragraph\"><strong>R\u00e9ponse <mark style=\"background-color:rgba(0, 0, 0, 0);color:#ff6900\" class=\"has-inline-color\">MDM<\/mark> <\/strong>:<\/p>\n\n\n\n<p class=\"wp-block-paragraph\">Je comprends la col\u00e8re.<br>Je la respecte \u2014 elle vient du r\u00e9el :<br>du travail qui ne paie pas assez,<br>des services publics qui reculent,<br>de l\u2019ins\u00e9curit\u00e9,<br>de la perte de rep\u00e8res.<\/p>\n\n\n\n<p class=\"wp-block-paragraph\">Mais transformer cette col\u00e8re en slogans ne change rien.<br>Ce n\u2019est pas en criant plus fort qu\u2019on reconstruit un pays.<br>C\u2019est en <strong>agissant<\/strong>, en <strong>proposant<\/strong>, en <strong>b\u00e2tissant<\/strong>.<\/p>\n\n\n\n<p class=\"wp-block-paragraph\">Vous dites qu\u2019il faut tout casser.<br>Nous disons qu\u2019il faut <strong>r\u00e9parer, renforcer, moderniser<\/strong> la Belgique \u2014 avec s\u00e9rieux, avec respect, avec lucidit\u00e9.<\/p>\n\n\n\n<hr class=\"wp-block-separator has-alpha-channel-opacity\"\/>\n\n\n\n<p class=\"wp-block-paragraph\"><strong>Contradicteur :<\/strong><br><em>Vous \u00eates trop mous. Seule la force fera bouger les choses !<\/em><\/p>\n\n\n\n<p class=\"wp-block-paragraph\"><strong>R\u00e9ponse <mark style=\"background-color:rgba(0, 0, 0, 0);color:#ff6900\" class=\"has-inline-color\">MDM <\/mark>:<\/strong><\/p>\n\n\n\n<p class=\"wp-block-paragraph\">La force, oui \u2014 mais la force <strong>utile<\/strong>, pas la force du bruit.<br>\u00catre ferme, ce n\u2019est pas hurler.<br>\u00catre s\u00e9rieux, ce n\u2019est pas capituler.<\/p>\n\n\n\n<p class=\"wp-block-paragraph\">Nous voulons :<\/p>\n\n\n\n<ul class=\"wp-block-list\">\n<li>Une migration <strong>ma\u00eetris\u00e9e, responsable<\/strong><\/li>\n\n\n\n<li>Un travail <strong>mieux pay\u00e9<\/strong><\/li>\n\n\n\n<li>Un mod\u00e8le social <strong>prot\u00e9g\u00e9 des abus<\/strong><\/li>\n\n\n\n<li>Une r\u00e9industrialisation <strong>patriotique<\/strong><\/li>\n\n\n\n<li>Une s\u00e9curit\u00e9 <strong>sans ambigu\u00eft\u00e9<\/strong><\/li>\n<\/ul>\n\n\n\n<p class=\"wp-block-paragraph\">Ce n\u2019est pas \u00eatre mou.<br>C\u2019est <strong>tenir parole<\/strong>, sur le terrain, pas sur les plateaux.<\/p>\n\n\n\n<hr class=\"wp-block-separator has-alpha-channel-opacity\"\/>\n\n\n\n<p class=\"wp-block-paragraph\"><strong>Contradicteur :<\/strong><br><em>Vous voulez plaire \u00e0 tout le monde !<\/em><\/p>\n\n\n\n<p class=\"wp-block-paragraph\"><strong>R\u00e9ponse <mark style=\"background-color:rgba(0, 0, 0, 0);color:#ff6900\" class=\"has-inline-color\">MDM<\/mark> :<\/strong><\/p>\n\n\n\n<p class=\"wp-block-paragraph\">Non.<br>Nous voulons <strong>rassembler ceux qui travaillent, ceux qui aiment ce pays, ceux qui veulent avancer<\/strong>.<\/p>\n\n\n\n<p class=\"wp-block-paragraph\">Nous ne promettons pas des miracles.<br>Nous ne cherchons pas \u00e0 diviser les Belges entre \u201cbons\u201d et \u201cmauvais\u201d.<\/p>\n\n\n\n<p class=\"wp-block-paragraph\">Notre ambition, ce n\u2019est pas d\u2019exciter les col\u00e8res \u2014 c\u2019est <strong>de donner des solutions<\/strong>.<\/p>\n\n\n\n<p class=\"wp-block-paragraph\">Un pays se gouverne avec le peuple, <strong>pas contre lui<\/strong><br>\u2014 mais pas non plus en le manipulant avec des illusions.<\/p>\n\n\n\n<hr class=\"wp-block-separator has-alpha-channel-opacity\"\/>\n\n\n\n<p class=\"wp-block-paragraph\">La col\u00e8re est un signal.<br>Le populisme en fait un spectacle.<br>Nous en faisons un <strong>programme de reconstruction nationale, lucide, moderne et populaire<\/strong>.<\/p>\n\n\n\n<p class=\"wp-block-paragraph\"><strong>Racines fortes, regard neuf.<\/strong><\/p>\n","protected":false},"excerpt":{"rendered":"<p>Contradicteur populiste :Les \u00e9lites ont d\u00e9truit le pays ! On doit tout renverser, fermer les fronti\u00e8res, arr\u00eater les compromis. Le peuple en a assez, il faut tout casser pour reconstruire ! R\u00e9ponse MDM : Je comprends la col\u00e8re.Je la respecte \u2014 elle vient du r\u00e9el :du travail qui ne paie pas assez,des services publics qui [&hellip;]<\/p>\n","protected":false},"author":1,"featured_media":0,"comment_status":"open","ping_status":"open","sticky":false,"template":"","format":"standard","meta":{"_monsterinsights_skip_tracking":false,"_uf_show_specific_survey":0,"_uf_disable_surveys":false,"footnotes":""},"categories":[34],"tags":[],"class_list":["post-2070","post","type-post","status-publish","format-standard","hentry","category-mouvement-droite-moderniste"],"_links":{"self":[{"href":"https:\/\/droitemoderniste.be\/index.php\/wp-json\/wp\/v2\/posts\/2070","targetHints":{"allow":["GET"]}}],"collection":[{"href":"https:\/\/droitemoderniste.be\/index.php\/wp-json\/wp\/v2\/posts"}],"about":[{"href":"https:\/\/droitemoderniste.be\/index.php\/wp-json\/wp\/v2\/types\/post"}],"author":[{"embeddable":true,"href":"https:\/\/droitemoderniste.be\/index.php\/wp-json\/wp\/v2\/users\/1"}],"replies":[{"embeddable":true,"href":"https:\/\/droitemoderniste.be\/index.php\/wp-json\/wp\/v2\/comments?post=2070"}],"version-history":[{"count":1,"href":"https:\/\/droitemoderniste.be\/index.php\/wp-json\/wp\/v2\/posts\/2070\/revisions"}],"predecessor-version":[{"id":2072,"href":"https:\/\/droitemoderniste.be\/index.php\/wp-json\/wp\/v2\/posts\/2070\/revisions\/2072"}],"wp:attachment":[{"href":"https:\/\/droitemoderniste.be\/index.php\/wp-json\/wp\/v2\/media?parent=2070"}],"wp:term":[{"taxonomy":"category","embeddable":true,"href":"https:\/\/droitemoderniste.be\/index.php\/wp-json\/wp\/v2\/categories?post=2070"},{"taxonomy":"post_tag","embeddable":true,"href":"https:\/\/droitemoderniste.be\/index.php\/wp-json\/wp\/v2\/tags?post=2070"}],"curies":[{"name":"wp","href":"https:\/\/api.w.org\/{rel}","templated":true}]}}