{"id":2067,"date":"2025-11-20T10:07:41","date_gmt":"2025-11-20T09:07:41","guid":{"rendered":"https:\/\/droitemoderniste.be\/?p=2067"},"modified":"2025-11-20T10:07:41","modified_gmt":"2025-11-20T09:07:41","slug":"position-officielle-du-mouvement-droite-moderniste-sur-le-pacte-europeen-sur-lasile-et-la-migration","status":"publish","type":"post","link":"https:\/\/droitemoderniste.be\/index.php\/2025\/11\/20\/position-officielle-du-mouvement-droite-moderniste-sur-le-pacte-europeen-sur-lasile-et-la-migration\/","title":{"rendered":"Position officielle du Mouvement Droite Moderniste sur le Pacte europ\u00e9en sur l&rsquo;asile et la migration"},"content":{"rendered":"\n<figure class=\"wp-block-image size-full\"><img loading=\"lazy\" decoding=\"async\" width=\"283\" height=\"178\" src=\"https:\/\/droitemoderniste.be\/wp-content\/uploads\/2025\/11\/crise-migra2.jpg\" alt=\"\" class=\"wp-image-2068\"\/><\/figure>\n\n\n\n<p class=\"wp-block-paragraph\">Le <mark style=\"background-color:rgba(0, 0, 0, 0);color:#ff6900\" class=\"has-inline-color\">Mouvement Droite Moderniste (MDM)<\/mark> r\u00e9affirme son attachement profond \u00e0 l\u2019Union europ\u00e9enne, \u00e0 la coop\u00e9ration entre \u00c9tats membres et \u00e0 la recherche de solutions communes face aux d\u00e9fis contemporains. Toutefois, cet engagement europ\u00e9en ne saurait signifier l\u2019acceptation automatique de dispositifs inefficaces ou d\u00e9s\u00e9quilibr\u00e9s.<br>C\u2019est pourquoi le <mark style=\"background-color:rgba(0, 0, 0, 0);color:#ff6900\" class=\"has-inline-color\">MDM<\/mark> exprime <strong>une r\u00e9serve ferme et argument\u00e9e<\/strong> quant au Pacte europ\u00e9en sur la migration et l\u2019asile, dans sa forme actuelle.<\/p>\n\n\n\n<hr class=\"wp-block-separator has-alpha-channel-opacity\"\/>\n\n\n\n<h6 class=\"wp-block-heading\"><strong>1. Pour une Europe efficace, pas une Europe bureaucratique<\/strong><\/h6>\n\n\n\n<p class=\"wp-block-paragraph\">Le Pacte, tel que propos\u00e9, ne r\u00e9pond pas pleinement \u00e0 l\u2019exigence fondamentale d\u2019efficacit\u00e9 que doit viser toute politique migratoire moderne.<br>Il maintient une architecture complexe, peu lisible, et qui ne renforce ni les <strong>capacit\u00e9s de contr\u00f4le des fronti\u00e8res<\/strong>, ni les <strong>m\u00e9canismes de retour<\/strong> des personnes n\u2019ayant pas droit au s\u00e9jour.<\/p>\n\n\n\n<p class=\"wp-block-paragraph\">Le <mark style=\"background-color:rgba(0, 0, 0, 0);color:#ff6900\" class=\"has-inline-color\">MDM<\/mark> consid\u00e8re qu\u2019une politique migratoire europ\u00e9enne doit \u00eatre fond\u00e9e sur trois principes simples :<\/p>\n\n\n\n<ul class=\"wp-block-list\">\n<li><strong>Responsabilit\u00e9<\/strong> : chaque \u00c9tat doit garder la ma\u00eetrise d\u00e9mocratique de ses politiques migratoires.<\/li>\n\n\n\n<li><strong>Pr\u00e9visibilit\u00e9<\/strong> : les r\u00e8gles doivent \u00eatre claires, appliqu\u00e9es et cr\u00e9dibles.<\/li>\n\n\n\n<li><strong>Efficacit\u00e9<\/strong> : une politique qui ne peut ni contr\u00f4ler, ni accueillir dignement, ni int\u00e9grer, n\u2019est pas viable.<\/li>\n<\/ul>\n\n\n\n<p class=\"wp-block-paragraph\">Le Pacte, dans son \u00e9tat actuel, ne r\u00e9pond pas suffisamment \u00e0 ces crit\u00e8res.<\/p>\n\n\n\n<hr class=\"wp-block-separator has-alpha-channel-opacity\"\/>\n\n\n\n<h6 class=\"wp-block-heading\"><strong>2. Le <mark style=\"background-color:rgba(0, 0, 0, 0);color:#ff6900\" class=\"has-inline-color\">MDM<\/mark> refuse les m\u00e9canismes de contrainte impos\u00e9s aux \u00c9tats membres<\/strong><\/h6>\n\n\n\n<p class=\"wp-block-paragraph\">Le syst\u00e8me de \u00ab solidarit\u00e9 obligatoire \u00bb \u2014 qu\u2019il prenne la forme de relocalisations, de contributions financi\u00e8res ou op\u00e9rationnelles \u2014 constitue une <strong>ing\u00e9rence excessive<\/strong> dans la souverainet\u00e9 des \u00c9tats, sans apporter de garanties d\u2019efficacit\u00e9.<br>Le <mark style=\"background-color:rgba(0, 0, 0, 0);color:#ff6900\" class=\"has-inline-color\">MDM<\/mark> d\u00e9fend un <strong>souverainisme \u00e9clair\u00e9<\/strong> :<br>\u2192 <em>coop\u00e9rer intens\u00e9ment, oui ; abandonner notre capacit\u00e9 de d\u00e9cision, non.<\/em><\/p>\n\n\n\n<p class=\"wp-block-paragraph\">Une solidarit\u00e9 europ\u00e9enne doit rester <strong>souple, n\u00e9goci\u00e9e et fonctionnelle<\/strong>, non impos\u00e9e.<\/p>\n\n\n\n<hr class=\"wp-block-separator has-alpha-channel-opacity\"\/>\n\n\n\n<h6 class=\"wp-block-heading\"><strong>3. Une politique migratoire moderne doit \u00eatre r\u00e9aliste et humaine<\/strong><\/h6>\n\n\n\n<p class=\"wp-block-paragraph\">Le <mark style=\"background-color:rgba(0, 0, 0, 0);color:#ff6900\" class=\"has-inline-color\">MDM<\/mark> rejette toute approche id\u00e9ologique du ph\u00e9nom\u00e8ne migratoire.<br>Notre mouvement d\u00e9fend un <strong>d\u00e9simmigrationnisme rationnel<\/strong> :<\/p>\n\n\n\n<ul class=\"wp-block-list\">\n<li>ma\u00eetrise effective des flux,<\/li>\n\n\n\n<li>lutte contre les fili\u00e8res criminelles,<\/li>\n\n\n\n<li>accueil digne et cibl\u00e9,<\/li>\n\n\n\n<li>int\u00e9gration exigeante,<\/li>\n\n\n\n<li>protection du droit d\u2019asile pour ceux qui en rel\u00e8vent r\u00e9ellement.<\/li>\n<\/ul>\n\n\n\n<p class=\"wp-block-paragraph\">Le Pacte ne renforce ni les outils de tri rapide, ni les capacit\u00e9s ext\u00e9rieures de traitement, ni les accords de r\u00e9admission indispensables.<br>Il risque de maintenir l\u2019Europe dans une logique r\u00e9active, et non strat\u00e9gique.<\/p>\n\n\n\n<hr class=\"wp-block-separator has-alpha-channel-opacity\"\/>\n\n\n\n<h6 class=\"wp-block-heading\"><strong>4. Une alternative moderniste : ce que le <mark style=\"background-color:rgba(0, 0, 0, 0);color:#ff6900\" class=\"has-inline-color\">MDM<\/mark> propose<\/strong><\/h6>\n\n\n\n<p class=\"wp-block-paragraph\">Le <mark style=\"background-color:rgba(0, 0, 0, 0);color:#ff6900\" class=\"has-inline-color\">MDM<\/mark> soutient la construction d\u2019un <strong>mod\u00e8le europ\u00e9en r\u00e9nov\u00e9<\/strong>, articul\u00e9 autour de :<\/p>\n\n\n\n<h6 class=\"wp-block-heading\"><strong>Frontex renforc\u00e9 et mandat \u00e9tendu<\/strong><\/h6>\n\n\n\n<p class=\"wp-block-paragraph\">Contr\u00f4le des fronti\u00e8res ext\u00e9rieures r\u00e9ellement op\u00e9rationnel, avec ressources et pr\u00e9rogatives accrues (notamment celle du refoulement).<\/p>\n\n\n\n<h6 class=\"wp-block-heading\"><strong>Centres europ\u00e9ens externalis\u00e9s sous supervision d\u00e9mocratique<\/strong><\/h6>\n\n\n\n<p class=\"wp-block-paragraph\">Traitement des demandes d\u2019asile en amont, dans des centres s\u00e9curis\u00e9s g\u00e9r\u00e9s par l\u2019UE et partenaires fiables.<\/p>\n\n\n\n<h6 class=\"wp-block-heading\"><strong>Accords de r\u00e9admission obligatoires dans les relations commerciales de l\u2019UE<\/strong><\/h6>\n\n\n\n<p class=\"wp-block-paragraph\">Chaque accord doit inclure une clause de coop\u00e9ration migratoire effective.<\/p>\n\n\n\n<h6 class=\"wp-block-heading\"><strong>Processus d\u2019asile modernis\u00e9<\/strong><\/h6>\n\n\n\n<p class=\"wp-block-paragraph\">Proc\u00e9dures acc\u00e9l\u00e9r\u00e9es, biom\u00e9trie, syst\u00e8mes d\u2019information int\u00e9gr\u00e9s, partage des donn\u00e9es entre \u00c9tats en temps r\u00e9el.<\/p>\n\n\n\n<h6 class=\"wp-block-heading\"><strong>Immigration \u00e9conomique qualifi\u00e9e sur quotas modulables<\/strong><\/h6>\n\n\n\n<p class=\"wp-block-paragraph\">Pilotage par offre, besoins \u00e9conomiques et capacit\u00e9 d\u2019int\u00e9gration.<\/p>\n\n\n\n<hr class=\"wp-block-separator has-alpha-channel-opacity\"\/>\n\n\n\n<h6 class=\"wp-block-heading\"><strong>Conclusion du <mark style=\"background-color:rgba(0, 0, 0, 0);color:#ff6900\" class=\"has-inline-color\">MDM<\/mark><\/strong><\/h6>\n\n\n\n<p class=\"wp-block-paragraph\">Le <mark style=\"background-color:rgba(0, 0, 0, 0);color:#ff6900\" class=\"has-inline-color\">Mouvement Droite Moderniste<\/mark> <strong>ne soutiendra pas le Pacte europ\u00e9en sur la migration et l\u2019asile dans sa version actuelle<\/strong>, car celui-ci ne garantit ni l\u2019efficacit\u00e9, ni la ma\u00eetrise d\u00e9mocratique, ni la coh\u00e9rence strat\u00e9gique que les citoyens belges sont en droit d\u2019attendre d\u2019une politique migratoire moderne.<\/p>\n\n\n\n<p class=\"wp-block-paragraph\">Nous appelons la Commission europ\u00e9enne et les \u00c9tats membres \u00e0 \u00e9laborer un <strong>Pacte revisit\u00e9<\/strong>, fond\u00e9 sur :<\/p>\n\n\n\n<ul class=\"wp-block-list\">\n<li>la clart\u00e9,<\/li>\n\n\n\n<li>l\u2019efficacit\u00e9,<\/li>\n\n\n\n<li>la souverainet\u00e9 partag\u00e9e,<\/li>\n\n\n\n<li>la protection r\u00e9elle des fronti\u00e8res et des valeurs europ\u00e9ennes.<\/li>\n<\/ul>\n\n\n\n<p class=\"wp-block-paragraph\">Ce n\u2019est pas un refus de l\u2019Europe,<br>mais au contraire un appel \u00e0 une <strong>Europe plus forte, plus intelligente et plus ma\u00eetris\u00e9e<\/strong>.<\/p>\n","protected":false},"excerpt":{"rendered":"<p>Le Mouvement Droite Moderniste (MDM) r\u00e9affirme son attachement profond \u00e0 l\u2019Union europ\u00e9enne, \u00e0 la coop\u00e9ration entre \u00c9tats membres et \u00e0 la recherche de solutions communes face aux d\u00e9fis contemporains. Toutefois, cet engagement europ\u00e9en ne saurait signifier l\u2019acceptation automatique de dispositifs inefficaces ou d\u00e9s\u00e9quilibr\u00e9s.C\u2019est pourquoi le MDM exprime une r\u00e9serve ferme et argument\u00e9e quant au Pacte [&hellip;]<\/p>\n","protected":false},"author":1,"featured_media":0,"comment_status":"open","ping_status":"open","sticky":false,"template":"","format":"standard","meta":{"_monsterinsights_skip_tracking":false,"_uf_show_specific_survey":0,"_uf_disable_surveys":false,"footnotes":""},"categories":[1,34],"tags":[],"class_list":["post-2067","post","type-post","status-publish","format-standard","hentry","category-immigration","category-mouvement-droite-moderniste"],"_links":{"self":[{"href":"https:\/\/droitemoderniste.be\/index.php\/wp-json\/wp\/v2\/posts\/2067","targetHints":{"allow":["GET"]}}],"collection":[{"href":"https:\/\/droitemoderniste.be\/index.php\/wp-json\/wp\/v2\/posts"}],"about":[{"href":"https:\/\/droitemoderniste.be\/index.php\/wp-json\/wp\/v2\/types\/post"}],"author":[{"embeddable":true,"href":"https:\/\/droitemoderniste.be\/index.php\/wp-json\/wp\/v2\/users\/1"}],"replies":[{"embeddable":true,"href":"https:\/\/droitemoderniste.be\/index.php\/wp-json\/wp\/v2\/comments?post=2067"}],"version-history":[{"count":1,"href":"https:\/\/droitemoderniste.be\/index.php\/wp-json\/wp\/v2\/posts\/2067\/revisions"}],"predecessor-version":[{"id":2069,"href":"https:\/\/droitemoderniste.be\/index.php\/wp-json\/wp\/v2\/posts\/2067\/revisions\/2069"}],"wp:attachment":[{"href":"https:\/\/droitemoderniste.be\/index.php\/wp-json\/wp\/v2\/media?parent=2067"}],"wp:term":[{"taxonomy":"category","embeddable":true,"href":"https:\/\/droitemoderniste.be\/index.php\/wp-json\/wp\/v2\/categories?post=2067"},{"taxonomy":"post_tag","embeddable":true,"href":"https:\/\/droitemoderniste.be\/index.php\/wp-json\/wp\/v2\/tags?post=2067"}],"curies":[{"name":"wp","href":"https:\/\/api.w.org\/{rel}","templated":true}]}}