{"id":2060,"date":"2025-11-18T12:32:22","date_gmt":"2025-11-18T11:32:22","guid":{"rendered":"https:\/\/droitemoderniste.be\/?p=2060"},"modified":"2025-11-18T12:32:22","modified_gmt":"2025-11-18T11:32:22","slug":"pourquoi-la-belgique-peut-devenir-un-hub-europeen-du-new-space","status":"publish","type":"post","link":"https:\/\/droitemoderniste.be\/index.php\/2025\/11\/18\/pourquoi-la-belgique-peut-devenir-un-hub-europeen-du-new-space\/","title":{"rendered":"Pourquoi la Belgique peut devenir un hub europ\u00e9en du New Space"},"content":{"rendered":"\n<figure class=\"wp-block-image size-full\"><img loading=\"lazy\" decoding=\"async\" width=\"750\" height=\"400\" src=\"https:\/\/droitemoderniste.be\/wp-content\/uploads\/2025\/11\/fusee-bourse-explosion-1.webp\" alt=\"\" class=\"wp-image-2061\" srcset=\"https:\/\/droitemoderniste.be\/wp-content\/uploads\/2025\/11\/fusee-bourse-explosion-1.webp 750w, https:\/\/droitemoderniste.be\/wp-content\/uploads\/2025\/11\/fusee-bourse-explosion-1-300x160.webp 300w\" sizes=\"auto, (max-width: 750px) 100vw, 750px\" \/><\/figure>\n\n\n\n<h6 class=\"wp-block-heading\">1. <strong>Un \u00e9cosyst\u00e8me industriel d\u00e9j\u00e0 tr\u00e8s avanc\u00e9<\/strong><\/h6>\n\n\n\n<p class=\"wp-block-paragraph\">La Belgique n\u2019est pas un acteur mineur :<\/p>\n\n\n\n<ul class=\"wp-block-list\">\n<li>Elle contribue <strong>proportionnellement plus<\/strong> au budget spatial de l\u2019ESA que la plupart des \u00c9tats membres.<\/li>\n\n\n\n<li>Elle abrite des <strong>entreprises de pointe<\/strong> : syst\u00e8mes de propulsion \u00e9lectrique, composants critiques pour les satellites, mat\u00e9riaux composites, logiciels embarqu\u00e9s, optique de haute pr\u00e9cision, etc.<\/li>\n\n\n\n<li>Des clusters comme <strong>Skywin (Wallonie)<\/strong> et les r\u00e9seaux flamands autour de <strong>Leuven et Anvers<\/strong> soutiennent l\u2019innovation.<\/li>\n<\/ul>\n\n\n\n<h6 class=\"wp-block-heading\">Secteurs belges particuli\u00e8rement forts :<\/h6>\n\n\n\n<ul class=\"wp-block-list\">\n<li>Micropropulsion et propulsion \u00e9lectrique<\/li>\n\n\n\n<li>Micro-\u00e9lectronique et senseurs<\/li>\n\n\n\n<li>Optique et instruments scientifiques<\/li>\n\n\n\n<li>T\u00e9l\u00e9communications et s\u00e9curisation des donn\u00e9es<\/li>\n\n\n\n<li>Additive manufacturing (impression 3D m\u00e9tal)<\/li>\n<\/ul>\n\n\n\n<hr class=\"wp-block-separator has-alpha-channel-opacity\"\/>\n\n\n\n<h6 class=\"wp-block-heading\">2. <strong>Un pays id\u00e9al pour les constellations, la cybers\u00e9curit\u00e9 et le data space<\/strong><\/h6>\n\n\n\n<p class=\"wp-block-paragraph\">Le New Space ne se limite plus aux satellites :<br>il s\u2019agit aussi d\u2019analyser, prot\u00e9ger, connecter et exploiter les donn\u00e9es.<\/p>\n\n\n\n<p class=\"wp-block-paragraph\">La Belgique a un <strong>profil unique en Europe<\/strong> :<\/p>\n\n\n\n<ul class=\"wp-block-list\">\n<li>Un tissu de PME orient\u00e9es <strong>cybers\u00e9curit\u00e9<\/strong> et <strong>software spatial<\/strong> ;<\/li>\n\n\n\n<li>Des centres R&amp;D performants (IMEC, Space Pole ULB-VUB-ULg) ;<\/li>\n\n\n\n<li>Une position g\u00e9ographique centrale pour des <strong>data centers strat\u00e9giques<\/strong>.<\/li>\n<\/ul>\n\n\n\n<p class=\"wp-block-paragraph\">Elle pourrait devenir un acteur cl\u00e9 dans :<\/p>\n\n\n\n<ul class=\"wp-block-list\">\n<li>La <strong>gestion de donn\u00e9es satellitaires souveraines<\/strong> (s\u00e9curit\u00e9, climat, d\u00e9fense)<\/li>\n\n\n\n<li>Les services downstream (agriculture intelligente, mobilit\u00e9, \u00e9nergie, gestion de crise)<\/li>\n\n\n\n<li>Le segment du <strong>space situational awareness (SSA)<\/strong><\/li>\n<\/ul>\n\n\n\n<hr class=\"wp-block-separator has-alpha-channel-opacity\"\/>\n\n\n\n<h6 class=\"wp-block-heading\">3. <strong>Une taille modeste mais une capacit\u00e9 d\u00e9cisionnelle rapide<\/strong><\/h6>\n\n\n\n<p class=\"wp-block-paragraph\">Les grands pays europ\u00e9ens sont ralentis par des bureaucraties lourdes.<br>La Belgique peut :<\/p>\n\n\n\n<ul class=\"wp-block-list\">\n<li>lancer plus vite des projets pilotes ;<\/li>\n\n\n\n<li>cr\u00e9er des partenariats public-priv\u00e9 flexibles ;<\/li>\n\n\n\n<li>attirer des entreprises internationales avec un <strong>cadre fiscal clair<\/strong> et un acc\u00e8s direct aux institutions europ\u00e9ennes.<\/li>\n<\/ul>\n\n\n\n<hr class=\"wp-block-separator has-alpha-channel-opacity\"\/>\n\n\n\n<h6 class=\"wp-block-heading\">4. <strong>Un horizon politique europ\u00e9en favorable<\/strong><\/h6>\n\n\n\n<p class=\"wp-block-paragraph\">L\u2019ind\u00e9pendance strat\u00e9gique europ\u00e9enne pousse \u00e0 :<\/p>\n\n\n\n<ul class=\"wp-block-list\">\n<li>cr\u00e9er des constellations souveraines (IRIS\u00b2, Copernicus next-gen) ;<\/li>\n\n\n\n<li>d\u00e9velopper des micro-lanceurs et plateformes orbitales ;<\/li>\n\n\n\n<li>renforcer la r\u00e9silience en mati\u00e8re d\u2019imagerie, de communication et de d\u00e9fense.<\/li>\n<\/ul>\n\n\n\n<p class=\"wp-block-paragraph\">La Belgique, en tant que contributrice fid\u00e8le et stable, b\u00e9n\u00e9ficie d\u2019une <strong>cr\u00e9dibilit\u00e9 politique<\/strong> dans ces programmes.<\/p>\n\n\n\n<hr class=\"wp-block-separator has-alpha-channel-opacity\"\/>\n\n\n\n<h5 class=\"wp-block-heading\">Conditions pour r\u00e9ellement devenir un hub New Space<\/h5>\n\n\n\n<h6 class=\"wp-block-heading\">1. <strong>Cr\u00e9er un cadre normatif complet pour le spatial commercial<\/strong><\/h6>\n\n\n\n<ul class=\"wp-block-list\">\n<li>Loi belge sp\u00e9cifique sur les activit\u00e9s spatiales (autorisation, responsabilit\u00e9, assurance)<\/li>\n\n\n\n<li>Facilit\u00e9s pour les startups New Space et les micro-lanceurs<\/li>\n\n\n\n<li>Un <em>Sandbox Spatial<\/em> (comme au Luxembourg pour le New Space finance)<\/li>\n<\/ul>\n\n\n\n<h6 class=\"wp-block-heading\">2. <strong>Acc\u00e9l\u00e9rer les investissements dans 4 domaines strat\u00e9giques<\/strong><\/h6>\n\n\n\n<ol class=\"wp-block-list\">\n<li>Capteurs avanc\u00e9s et optique<\/li>\n\n\n\n<li>Logiciels embarqu\u00e9s &amp; IA pour satellites autonomes<\/li>\n\n\n\n<li>Micro-propulsion et plateformes miniaturis\u00e9es<\/li>\n\n\n\n<li>Cyber-s\u00e9curisation des infrastructures spatiales<\/li>\n<\/ol>\n\n\n\n<h6 class=\"wp-block-heading\">3. <strong>Cr\u00e9er un campus spatial belge (Wallonie + Flandre + Bruxelles)<\/strong><\/h6>\n\n\n\n<p class=\"wp-block-paragraph\">Un <strong>Belgium Space Valley<\/strong> pourrait rassembler :<\/p>\n\n\n\n<ul class=\"wp-block-list\">\n<li>un centre ESA BIC renforc\u00e9<\/li>\n\n\n\n<li>un centre de test pour nano\/micro-satellites<\/li>\n\n\n\n<li>une plateforme de R&amp;D en robotique orbitale<\/li>\n\n\n\n<li>un hub data &amp; IA d\u00e9di\u00e9 aux applications satellites<\/li>\n<\/ul>\n\n\n\n<h6 class=\"wp-block-heading\">4. <strong>Attirer les leaders mondiaux du secteur<\/strong><\/h6>\n\n\n\n<p class=\"wp-block-paragraph\">Le pays pourrait offrir :<\/p>\n\n\n\n<ul class=\"wp-block-list\">\n<li>fiscalit\u00e9 incitative<\/li>\n\n\n\n<li>contrats institutionnels rapides<\/li>\n\n\n\n<li>acc\u00e8s direct au march\u00e9 europ\u00e9en<\/li>\n<\/ul>\n\n\n\n<hr class=\"wp-block-separator has-alpha-channel-opacity\"\/>\n\n\n\n<h6 class=\"wp-block-heading\">En r\u00e9sum\u00e9 : oui, la Belgique peut s\u2019affirmer comme un hub europ\u00e9en du New Space<\/h6>\n\n\n\n<p class=\"wp-block-paragraph\">Mais cela n\u00e9cessite :<\/p>\n\n\n\n<ul class=\"wp-block-list\">\n<li>une strat\u00e9gie nationale claire,<\/li>\n\n\n\n<li>des investissements cibl\u00e9s,<\/li>\n\n\n\n<li>une simplification r\u00e9glementaire,<\/li>\n\n\n\n<li>et un effort concert\u00e9 entre r\u00e9gions.<\/li>\n<\/ul>\n\n\n\n<p class=\"wp-block-paragraph\">La Belgique a les atouts, la cr\u00e9dibilit\u00e9 et le positionnement g\u00e9opolitique pour devenir <strong>le centre europ\u00e9en du spatial agile, technologique et s\u00e9curis\u00e9<\/strong>.<\/p>\n","protected":false},"excerpt":{"rendered":"<p>1. Un \u00e9cosyst\u00e8me industriel d\u00e9j\u00e0 tr\u00e8s avanc\u00e9 La Belgique n\u2019est pas un acteur mineur : Secteurs belges particuli\u00e8rement forts : 2. Un pays id\u00e9al pour les constellations, la cybers\u00e9curit\u00e9 et le data space Le New Space ne se limite plus aux satellites :il s\u2019agit aussi d\u2019analyser, prot\u00e9ger, connecter et exploiter les donn\u00e9es. La Belgique a [&hellip;]<\/p>\n","protected":false},"author":1,"featured_media":0,"comment_status":"open","ping_status":"open","sticky":false,"template":"","format":"standard","meta":{"_monsterinsights_skip_tracking":false,"_uf_show_specific_survey":0,"_uf_disable_surveys":false,"footnotes":""},"categories":[40],"tags":[],"class_list":["post-2060","post","type-post","status-publish","format-standard","hentry","category-vision-begium-new-space-2035"],"_links":{"self":[{"href":"https:\/\/droitemoderniste.be\/index.php\/wp-json\/wp\/v2\/posts\/2060","targetHints":{"allow":["GET"]}}],"collection":[{"href":"https:\/\/droitemoderniste.be\/index.php\/wp-json\/wp\/v2\/posts"}],"about":[{"href":"https:\/\/droitemoderniste.be\/index.php\/wp-json\/wp\/v2\/types\/post"}],"author":[{"embeddable":true,"href":"https:\/\/droitemoderniste.be\/index.php\/wp-json\/wp\/v2\/users\/1"}],"replies":[{"embeddable":true,"href":"https:\/\/droitemoderniste.be\/index.php\/wp-json\/wp\/v2\/comments?post=2060"}],"version-history":[{"count":1,"href":"https:\/\/droitemoderniste.be\/index.php\/wp-json\/wp\/v2\/posts\/2060\/revisions"}],"predecessor-version":[{"id":2062,"href":"https:\/\/droitemoderniste.be\/index.php\/wp-json\/wp\/v2\/posts\/2060\/revisions\/2062"}],"wp:attachment":[{"href":"https:\/\/droitemoderniste.be\/index.php\/wp-json\/wp\/v2\/media?parent=2060"}],"wp:term":[{"taxonomy":"category","embeddable":true,"href":"https:\/\/droitemoderniste.be\/index.php\/wp-json\/wp\/v2\/categories?post=2060"},{"taxonomy":"post_tag","embeddable":true,"href":"https:\/\/droitemoderniste.be\/index.php\/wp-json\/wp\/v2\/tags?post=2060"}],"curies":[{"name":"wp","href":"https:\/\/api.w.org\/{rel}","templated":true}]}}