{"id":2051,"date":"2025-11-18T10:20:31","date_gmt":"2025-11-18T09:20:31","guid":{"rendered":"https:\/\/droitemoderniste.be\/?p=2051"},"modified":"2025-11-18T10:20:31","modified_gmt":"2025-11-18T09:20:31","slug":"o-securite-sociale-o-mere-cherie","status":"publish","type":"post","link":"https:\/\/droitemoderniste.be\/index.php\/2025\/11\/18\/o-securite-sociale-o-mere-cherie\/","title":{"rendered":"\u00f4 S\u00e9curit\u00e9 sociale, \u00f4 m\u00e8re ch\u00e9rie!"},"content":{"rendered":"\n<figure class=\"wp-block-image size-full\"><img loading=\"lazy\" decoding=\"async\" width=\"262\" height=\"192\" src=\"https:\/\/droitemoderniste.be\/wp-content\/uploads\/2025\/11\/Etat-providence.jpg\" alt=\"\" class=\"wp-image-2052\"\/><\/figure>\n\n\n\n<p class=\"wp-block-paragraph\">\u00e0 toi nos c\u0153urs, \u00e0 toi nos bras !<\/p>\n\n\n\n<p class=\"wp-block-paragraph\"><strong>La s\u00e9curit\u00e9 sociale est un engagement national.<\/strong><br>Elle est le socle de notre coh\u00e9sion, de notre stabilit\u00e9, de notre dignit\u00e9 collective.<\/p>\n\n\n\n<p class=\"wp-block-paragraph\">Le <mark style=\"background-color:rgba(0, 0, 0, 0);color:#ff6900\" class=\"has-inline-color\">MDM<\/mark> s\u2019engage \u00e0 la pr\u00e9server et \u00e0 la moderniser, avec une ambition claire :<br><strong>garantir la protection de chacun, dans le respect de l\u2019effort de tous.<\/strong><\/p>\n\n\n\n<p class=\"wp-block-paragraph\">Notre mod\u00e8le social doit rester un pilier durable :<\/p>\n\n\n\n<ul class=\"wp-block-list\">\n<li><strong>Une solidarit\u00e9 forte et p\u00e9renne<\/strong>, fond\u00e9e sur la contribution et la responsabilit\u00e9<\/li>\n\n\n\n<li><strong>Un financement \u00e9quitable<\/strong>, assurant la viabilit\u00e9 du syst\u00e8me pour les g\u00e9n\u00e9rations futures<\/li>\n\n\n\n<li><strong>Une lutte rigoureuse contre tous les abus<\/strong>, qu\u2019ils soient sociaux ou \u00e9conomiques<\/li>\n\n\n\n<li><strong>Un soutien renforc\u00e9 aux travailleurs, aux familles, aux personnes fragilis\u00e9es<\/strong><\/li>\n\n\n\n<li><strong>Une priorit\u00e9 donn\u00e9e \u00e0 l\u2019insertion, \u00e0 la formation et \u00e0 l\u2019acc\u00e8s \u00e0 l\u2019emploi<\/strong><\/li>\n<\/ul>\n\n\n\n<p class=\"wp-block-paragraph\">La protection sociale n\u2019est pas une faveur :<br><strong>c\u2019est un droit, appuy\u00e9 sur le devoir de chacun de contribuer selon ses capacit\u00e9s.<\/strong><\/p>\n\n\n\n<p class=\"wp-block-paragraph\">Notre engagement est simple :<br><strong>prot\u00e9ger, moderniser, responsabiliser.<\/strong><\/p>\n\n\n\n<p class=\"wp-block-paragraph\">Pour que la Belgique demeure un pays o\u00f9 chaque citoyen peut vivre, travailler et transmettre \u2014 avec justice, dignit\u00e9 et confiance.<\/p>\n\n\n\n<p class=\"wp-block-paragraph\"><strong><mark style=\"background-color:rgba(0, 0, 0, 0);color:#ff6900\" class=\"has-inline-color\">MDM<\/mark> \u2014 Racines fortes, regard neuf.<\/strong><\/p>\n","protected":false},"excerpt":{"rendered":"<p>\u00e0 toi nos c\u0153urs, \u00e0 toi nos bras ! La s\u00e9curit\u00e9 sociale est un engagement national.Elle est le socle de notre coh\u00e9sion, de notre stabilit\u00e9, de notre dignit\u00e9 collective. Le MDM s\u2019engage \u00e0 la pr\u00e9server et \u00e0 la moderniser, avec une ambition claire :garantir la protection de chacun, dans le respect de l\u2019effort de tous. [&hellip;]<\/p>\n","protected":false},"author":1,"featured_media":0,"comment_status":"open","ping_status":"open","sticky":false,"template":"","format":"standard","meta":{"_monsterinsights_skip_tracking":false,"_uf_show_specific_survey":0,"_uf_disable_surveys":false,"footnotes":""},"categories":[34,10],"tags":[],"class_list":["post-2051","post","type-post","status-publish","format-standard","hentry","category-mouvement-droite-moderniste","category-securite-sociale"],"_links":{"self":[{"href":"https:\/\/droitemoderniste.be\/index.php\/wp-json\/wp\/v2\/posts\/2051","targetHints":{"allow":["GET"]}}],"collection":[{"href":"https:\/\/droitemoderniste.be\/index.php\/wp-json\/wp\/v2\/posts"}],"about":[{"href":"https:\/\/droitemoderniste.be\/index.php\/wp-json\/wp\/v2\/types\/post"}],"author":[{"embeddable":true,"href":"https:\/\/droitemoderniste.be\/index.php\/wp-json\/wp\/v2\/users\/1"}],"replies":[{"embeddable":true,"href":"https:\/\/droitemoderniste.be\/index.php\/wp-json\/wp\/v2\/comments?post=2051"}],"version-history":[{"count":1,"href":"https:\/\/droitemoderniste.be\/index.php\/wp-json\/wp\/v2\/posts\/2051\/revisions"}],"predecessor-version":[{"id":2053,"href":"https:\/\/droitemoderniste.be\/index.php\/wp-json\/wp\/v2\/posts\/2051\/revisions\/2053"}],"wp:attachment":[{"href":"https:\/\/droitemoderniste.be\/index.php\/wp-json\/wp\/v2\/media?parent=2051"}],"wp:term":[{"taxonomy":"category","embeddable":true,"href":"https:\/\/droitemoderniste.be\/index.php\/wp-json\/wp\/v2\/categories?post=2051"},{"taxonomy":"post_tag","embeddable":true,"href":"https:\/\/droitemoderniste.be\/index.php\/wp-json\/wp\/v2\/tags?post=2051"}],"curies":[{"name":"wp","href":"https:\/\/api.w.org\/{rel}","templated":true}]}}