{"id":2048,"date":"2025-11-17T13:53:51","date_gmt":"2025-11-17T12:53:51","guid":{"rendered":"https:\/\/droitemoderniste.be\/?p=2048"},"modified":"2025-11-17T13:53:51","modified_gmt":"2025-11-17T12:53:51","slug":"soutenir-lukraine-oui-diluer-leurope-non","status":"publish","type":"post","link":"https:\/\/droitemoderniste.be\/index.php\/2025\/11\/17\/soutenir-lukraine-oui-diluer-leurope-non\/","title":{"rendered":"Soutenir l&rsquo;Ukraine, oui. Diluer l&rsquo;Europe, non !"},"content":{"rendered":"\n<figure class=\"wp-block-image size-full\"><img loading=\"lazy\" decoding=\"async\" width=\"300\" height=\"168\" src=\"https:\/\/droitemoderniste.be\/wp-content\/uploads\/2025\/11\/Bart-Zel1.jpg\" alt=\"\" class=\"wp-image-2049\"\/><\/figure>\n\n\n\n<h5 class=\"wp-block-heading\"><strong>ARGUMENTS POLITIQUES DU <mark style=\"background-color:rgba(0, 0, 0, 0);color:#ff6900\" class=\"has-inline-color\">MDM<\/mark> CONTRE L\u2019ADH\u00c9SION DE L\u2019UKRAINE \u00c0 L\u2019UNION EUROP\u00c9ENNE<\/strong><\/h5>\n\n\n\n<h6 class=\"wp-block-heading\">1. <strong>L\u2019Ukraine n\u2019est pas pr\u00eate institutionnellement<\/strong><\/h6>\n\n\n\n<p class=\"wp-block-paragraph\">Le <mark style=\"background-color:rgba(0, 0, 0, 0);color:#ff6900\" class=\"has-inline-color\">MDM<\/mark> constate :<\/p>\n\n\n\n<ul class=\"wp-block-list\">\n<li>une corruption encore structurelle,<\/li>\n\n\n\n<li>une faiblesse de l\u2019\u00c9tat de droit,<\/li>\n\n\n\n<li>un syst\u00e8me judiciaire imparfait,<\/li>\n\n\n\n<li>une administration non harmonis\u00e9e avec les standards europ\u00e9ens,<\/li>\n\n\n\n<li>des oligarques encore dominants.<\/li>\n<\/ul>\n\n\n\n<p class=\"wp-block-paragraph\"><strong>Argument <mark style=\"background-color:rgba(0, 0, 0, 0);color:#ff6900\" class=\"has-inline-color\">MDM<\/mark> :<\/strong><br><strong>\u00ab L\u2019Union ne doit pas r\u00e9p\u00e9ter les erreurs du pass\u00e9 : l\u2019adh\u00e9sion doit venir apr\u00e8s la transformation, pas avant. \u00bb<\/strong><\/p>\n\n\n\n<hr class=\"wp-block-separator has-alpha-channel-opacity\"\/>\n\n\n\n<h6 class=\"wp-block-heading\">2. <strong>Une adh\u00e9sion imm\u00e9diate affaiblirait l\u2019Union plut\u00f4t que de la renforcer<\/strong><\/h6>\n\n\n\n<p class=\"wp-block-paragraph\">L\u2019int\u00e9gration d\u2019un pays de grande taille et en reconstruction :<\/p>\n\n\n\n<ul class=\"wp-block-list\">\n<li>d\u00e9stabiliserait les \u00e9quilibres budg\u00e9taires,<\/li>\n\n\n\n<li>absorberait une part disproportionn\u00e9e des fonds europ\u00e9ens,<\/li>\n\n\n\n<li>accentuerait les divergences \u00e9conomiques entre \u00c9tats membres,<\/li>\n\n\n\n<li>d\u00e9placerait le centre de gravit\u00e9 g\u00e9opolitique sans pr\u00e9paration.<\/li>\n<\/ul>\n\n\n\n<p class=\"wp-block-paragraph\"><strong>Argument <mark style=\"background-color:rgba(0, 0, 0, 0);color:#ff6900\" class=\"has-inline-color\">MDM<\/mark> :<\/strong><br><strong>\u00ab L\u2019Europe doit \u00eatre renforc\u00e9e avant de s\u2019\u00e9largir, pas l\u2019inverse. \u00bb<\/strong><\/p>\n\n\n\n<hr class=\"wp-block-separator has-alpha-channel-opacity\"\/>\n\n\n\n<h6 class=\"wp-block-heading\">3. <strong>Probl\u00e8me majeur de s\u00e9curit\u00e9 et de fronti\u00e8res ext\u00e9rieures<\/strong><\/h6>\n\n\n\n<p class=\"wp-block-paragraph\">L\u2019Ukraine est :<\/p>\n\n\n\n<ul class=\"wp-block-list\">\n<li>un pays en guerre,<\/li>\n\n\n\n<li>avec des fronti\u00e8res contest\u00e9es,<\/li>\n\n\n\n<li>en risque direct de confrontation militaire.<\/li>\n<\/ul>\n\n\n\n<p class=\"wp-block-paragraph\">Int\u00e9grer un pays en guerre reviendrait \u00e0 <strong>importer le conflit au c\u0153ur de l\u2019Union<\/strong>.<\/p>\n\n\n\n<p class=\"wp-block-paragraph\"><strong>Argument <mark style=\"background-color:rgba(0, 0, 0, 0);color:#ff6900\" class=\"has-inline-color\">MDM<\/mark> :<\/strong><br><strong>\u00ab L\u2019UE est une union politique, \u00e9conomique et juridique \u2014 pas une alliance militaire. \u00bb<\/strong><\/p>\n\n\n\n<hr class=\"wp-block-separator has-alpha-channel-opacity\"\/>\n\n\n\n<h6 class=\"wp-block-heading\">4. <strong>Impact \u00e9conomique massif et asym\u00e9trique<\/strong><\/h6>\n\n\n\n<p class=\"wp-block-paragraph\">L\u2019adh\u00e9sion ukrainienne n\u00e9cessite :<\/p>\n\n\n\n<ul class=\"wp-block-list\">\n<li>des centaines de milliards en reconstruction,<\/li>\n\n\n\n<li>un r\u00e9alignement agricole,<\/li>\n\n\n\n<li>une redistribution massive de la PAC,<\/li>\n\n\n\n<li>l\u2019ouverture du march\u00e9 europ\u00e9en \u00e0 des secteurs d\u00e9r\u00e9gul\u00e9s.<\/li>\n<\/ul>\n\n\n\n<p class=\"wp-block-paragraph\"><strong>Argument <mark style=\"background-color:rgba(0, 0, 0, 0);color:#ff6900\" class=\"has-inline-color\">MDM<\/mark> :<\/strong><br><strong>\u00ab Une adh\u00e9sion aujourd\u2019hui serait \u00e9conomiquement d\u00e9vastatrice pour les agricultures europ\u00e9ennes et les budgets sociaux. \u00bb<\/strong><\/p>\n\n\n\n<hr class=\"wp-block-separator has-alpha-channel-opacity\"\/>\n\n\n\n<h6 class=\"wp-block-heading\">5. <strong>Le <mark style=\"background-color:rgba(0, 0, 0, 0);color:#ff6900\" class=\"has-inline-color\">MDM<\/mark> peut d\u00e9fendre une alternative : l\u2019int\u00e9gration graduelle<\/strong><\/h6>\n\n\n\n<p class=\"wp-block-paragraph\">Refuser l\u2019adh\u00e9sion ne signifie pas refuser l\u2019Ukraine.<br>Le <mark style=\"background-color:rgba(0, 0, 0, 0);color:#ff6900\" class=\"has-inline-color\">MDM<\/mark> peut pousser une voie <strong>moderne, interm\u00e9diaire et constructive<\/strong> :<\/p>\n\n\n\n<ul class=\"wp-block-list\">\n<li>partenariat \u00e9conomique renforc\u00e9,<\/li>\n\n\n\n<li>acc\u00e8s partiel au march\u00e9 europ\u00e9en,<\/li>\n\n\n\n<li>convergence r\u00e9glementaire progressive,<\/li>\n\n\n\n<li>soutien massif \u00e0 la reconstruction,<\/li>\n\n\n\n<li>coop\u00e9ration s\u00e9curitaire et \u00e9nerg\u00e9tique,<\/li>\n\n\n\n<li>statut \u00ab pr\u00e9-Europ\u00e9en \u00bb conditionn\u00e9 \u00e0 des progr\u00e8s mesurables.<\/li>\n<\/ul>\n\n\n\n<p class=\"wp-block-paragraph\"><strong>Argument <mark style=\"background-color:rgba(0, 0, 0, 0);color:#ff6900\" class=\"has-inline-color\">MDM <\/mark>:<\/strong><br><strong>\u00ab L\u2019alternative moderniste : coop\u00e9ration profonde, oui ; adh\u00e9sion pr\u00e9cipit\u00e9e, non. \u00bb<\/strong><\/p>\n\n\n\n<hr class=\"wp-block-separator has-alpha-channel-opacity\"\/>\n\n\n\n<h6 class=\"wp-block-heading\">6. <strong>Un \u00e9largissement rapide diviserait les \u00c9tats membres<\/strong><\/h6>\n\n\n\n<p class=\"wp-block-paragraph\">De nombreux pays sont r\u00e9ticents \u00e0 une adh\u00e9sion acc\u00e9l\u00e9r\u00e9e, notamment en raison :<\/p>\n\n\n\n<ul class=\"wp-block-list\">\n<li>des cons\u00e9quences budg\u00e9taires,<\/li>\n\n\n\n<li>de la gouvernance europ\u00e9enne,<\/li>\n\n\n\n<li>du poids politique disproportionn\u00e9 que l\u2019Ukraine aurait imm\u00e9diatement.<\/li>\n<\/ul>\n\n\n\n<p class=\"wp-block-paragraph\"><strong>Argument <mark style=\"background-color:rgba(0, 0, 0, 0);color:#ff6900\" class=\"has-inline-color\">MDM<\/mark> :<\/strong><br><strong>\u00ab L\u2019Europe ne peut pas se permettre un \u00e9largissement qui fracture l\u2019Union au lieu de la consolider. \u00bb<\/strong><\/p>\n\n\n\n<hr class=\"wp-block-separator has-alpha-channel-opacity\"\/>\n\n\n\n<h6 class=\"wp-block-heading\">7. <strong>L\u2019UE doit d\u2019abord r\u00e9former sa propre gouvernance<\/strong><\/h6>\n\n\n\n<p class=\"wp-block-paragraph\">Une int\u00e9gration r\u00e9ussie n\u00e9cessite :<\/p>\n\n\n\n<ul class=\"wp-block-list\">\n<li>r\u00e9forme institutionnelle,<\/li>\n\n\n\n<li>simplification d\u00e9cisionnelle,<\/li>\n\n\n\n<li>r\u00e9duction du droit de veto,<\/li>\n\n\n\n<li>refonte de la PAC et des fonds de coh\u00e9sion.<\/li>\n<\/ul>\n\n\n\n<p class=\"wp-block-paragraph\"><strong>Argument <mark style=\"background-color:rgba(0, 0, 0, 0);color:#ff6900\" class=\"has-inline-color\">MDM<\/mark> :<\/strong><br><strong>\u00ab On ne peut pas construire un troisi\u00e8me \u00e9tage alors que le premier est instable. \u00bb<\/strong><\/p>\n\n\n\n<hr class=\"wp-block-separator has-alpha-channel-opacity\"\/>\n\n\n\n<h6 class=\"wp-block-heading\"><strong>Position officielle du <mark style=\"background-color:rgba(0, 0, 0, 0);color:#ff6900\" class=\"has-inline-color\">MDM<\/mark><\/strong><\/h6>\n\n\n\n<p class=\"wp-block-paragraph\">\u00ab Le <mark style=\"background-color:rgba(0, 0, 0, 0);color:#ff6900\" class=\"has-inline-color\">MDM<\/mark> soutient l\u2019Ukraine, mais pas une adh\u00e9sion pr\u00e9cipit\u00e9e. L\u2019Union doit d\u2019abord se renforcer, r\u00e9former sa gouvernance et garantir sa s\u00e9curit\u00e9. Int\u00e9grer un pays en guerre, sous influence oligarchique et en reconstruction massive, serait un acte politique irresponsable. Nous proposons une int\u00e9gration graduelle, r\u00e9aliste et moderniste. \u00bb<\/p>\n\n\n\n<p class=\"wp-block-paragraph\"><\/p>\n","protected":false},"excerpt":{"rendered":"<p>ARGUMENTS POLITIQUES DU MDM CONTRE L\u2019ADH\u00c9SION DE L\u2019UKRAINE \u00c0 L\u2019UNION EUROP\u00c9ENNE 1. L\u2019Ukraine n\u2019est pas pr\u00eate institutionnellement Le MDM constate : Argument MDM :\u00ab L\u2019Union ne doit pas r\u00e9p\u00e9ter les erreurs du pass\u00e9 : l\u2019adh\u00e9sion doit venir apr\u00e8s la transformation, pas avant. \u00bb 2. Une adh\u00e9sion imm\u00e9diate affaiblirait l\u2019Union plut\u00f4t que de la renforcer L\u2019int\u00e9gration [&hellip;]<\/p>\n","protected":false},"author":1,"featured_media":0,"comment_status":"open","ping_status":"open","sticky":false,"template":"","format":"standard","meta":{"_monsterinsights_skip_tracking":false,"_uf_show_specific_survey":0,"_uf_disable_surveys":false,"footnotes":""},"categories":[39],"tags":[],"class_list":["post-2048","post","type-post","status-publish","format-standard","hentry","category-ukraine"],"_links":{"self":[{"href":"https:\/\/droitemoderniste.be\/index.php\/wp-json\/wp\/v2\/posts\/2048","targetHints":{"allow":["GET"]}}],"collection":[{"href":"https:\/\/droitemoderniste.be\/index.php\/wp-json\/wp\/v2\/posts"}],"about":[{"href":"https:\/\/droitemoderniste.be\/index.php\/wp-json\/wp\/v2\/types\/post"}],"author":[{"embeddable":true,"href":"https:\/\/droitemoderniste.be\/index.php\/wp-json\/wp\/v2\/users\/1"}],"replies":[{"embeddable":true,"href":"https:\/\/droitemoderniste.be\/index.php\/wp-json\/wp\/v2\/comments?post=2048"}],"version-history":[{"count":1,"href":"https:\/\/droitemoderniste.be\/index.php\/wp-json\/wp\/v2\/posts\/2048\/revisions"}],"predecessor-version":[{"id":2050,"href":"https:\/\/droitemoderniste.be\/index.php\/wp-json\/wp\/v2\/posts\/2048\/revisions\/2050"}],"wp:attachment":[{"href":"https:\/\/droitemoderniste.be\/index.php\/wp-json\/wp\/v2\/media?parent=2048"}],"wp:term":[{"taxonomy":"category","embeddable":true,"href":"https:\/\/droitemoderniste.be\/index.php\/wp-json\/wp\/v2\/categories?post=2048"},{"taxonomy":"post_tag","embeddable":true,"href":"https:\/\/droitemoderniste.be\/index.php\/wp-json\/wp\/v2\/tags?post=2048"}],"curies":[{"name":"wp","href":"https:\/\/api.w.org\/{rel}","templated":true}]}}