{"id":2045,"date":"2025-11-17T09:59:52","date_gmt":"2025-11-17T08:59:52","guid":{"rendered":"https:\/\/droitemoderniste.be\/?p=2045"},"modified":"2025-11-17T09:59:52","modified_gmt":"2025-11-17T08:59:52","slug":"mdm-est-pret-pour-le-debat","status":"publish","type":"post","link":"https:\/\/droitemoderniste.be\/index.php\/2025\/11\/17\/mdm-est-pret-pour-le-debat\/","title":{"rendered":"MDM est pr\u00eat pour le d\u00e9bat!"},"content":{"rendered":"\n<figure class=\"wp-block-image size-large\"><img loading=\"lazy\" decoding=\"async\" width=\"1024\" height=\"576\" src=\"https:\/\/droitemoderniste.be\/wp-content\/uploads\/2025\/11\/pitch-femmes-1024x576.webp\" alt=\"\" class=\"wp-image-2046\" srcset=\"https:\/\/droitemoderniste.be\/wp-content\/uploads\/2025\/11\/pitch-femmes-1024x576.webp 1024w, https:\/\/droitemoderniste.be\/wp-content\/uploads\/2025\/11\/pitch-femmes-300x169.webp 300w, https:\/\/droitemoderniste.be\/wp-content\/uploads\/2025\/11\/pitch-femmes-768x432.webp 768w, https:\/\/droitemoderniste.be\/wp-content\/uploads\/2025\/11\/pitch-femmes.webp 1280w\" sizes=\"auto, (max-width: 1024px) 100vw, 1024px\" \/><\/figure>\n\n\n\n<p class=\"wp-block-paragraph\"><strong>Journaliste :<\/strong> <em>Votre parti affirme vouloir r\u00e9pondre aux inqui\u00e9tudes des classes populaires. Que pouvez-vous dire aux travailleurs, aux familles qui ont le sentiment de ne plus compter ?<\/em><\/p>\n\n\n\n<p class=\"wp-block-paragraph\"><strong>R\u00e9ponse <mark style=\"background-color:rgba(0, 0, 0, 0);color:#ff6900\" class=\"has-inline-color\">MDM<\/mark> :<\/strong><\/p>\n\n\n\n<p class=\"wp-block-paragraph\">Ce que je veux dire aux travailleurs, aux familles, aux jeunes qui cherchent leur chance, c\u2019est qu\u2019ils ne r\u00eavent pas :<br>oui, beaucoup ont le sentiment d\u2019\u00eatre pass\u00e9s apr\u00e8s tout le monde.<br>Et ce sentiment, nous ne le balayons pas. Nous l\u2019entendons.<\/p>\n\n\n\n<p class=\"wp-block-paragraph\">Notre priorit\u00e9 est simple : <strong>redonner de la dignit\u00e9 \u00e0 ceux qui font tourner le pays<\/strong>.<br>Cela veut dire :<\/p>\n\n\n\n<ul class=\"wp-block-list\">\n<li>mieux r\u00e9mun\u00e9rer le travail,<\/li>\n\n\n\n<li>rendre la vie quotidienne plus stable,<\/li>\n\n\n\n<li>et assurer que notre mod\u00e8le social prot\u00e8ge r\u00e9ellement celles et ceux qui contribuent.<\/li>\n<\/ul>\n\n\n\n<p class=\"wp-block-paragraph\">C\u2019est une vision de justice, pas d\u2019opposition entre les Belges.<\/p>\n\n\n\n<hr class=\"wp-block-separator has-alpha-channel-opacity\"\/>\n\n\n\n<p class=\"wp-block-paragraph\"><strong>Journaliste :<\/strong> <em>Concr\u00e8tement, que proposez-vous ?<\/em><\/p>\n\n\n\n<p class=\"wp-block-paragraph\"><strong>R\u00e9ponse <mark style=\"background-color:rgba(0, 0, 0, 0);color:#ff6900\" class=\"has-inline-color\">MDM<\/mark> :<\/strong><\/p>\n\n\n\n<p class=\"wp-block-paragraph\">Concr\u00e8tement, trois chantiers imm\u00e9diats :<\/p>\n\n\n\n<ol start=\"1\" class=\"wp-block-list\">\n<li><strong>Pouvoir d\u2019achat et travail<\/strong>\n<ul class=\"wp-block-list\">\n<li>Renforcer le salaire net des bas et moyens revenus<\/li>\n\n\n\n<li>All\u00e9ger la pression sur le travail<\/li>\n\n\n\n<li>Investir dans la formation et la reconversion, pour offrir des perspectives r\u00e9elles<\/li>\n<\/ul>\n<\/li>\n\n\n\n<li><strong>Solidarit\u00e9 moderne<\/strong>\n<ul class=\"wp-block-list\">\n<li>Garantir un m\u00e9decin accessible partout<\/li>\n\n\n\n<li>Prot\u00e9ger les pensions et renforcer les services de proximit\u00e9<\/li>\n\n\n\n<li>Mettre fin aux abus qui fragilisent la confiance dans le syst\u00e8me social<\/li>\n<\/ul>\n<\/li>\n\n\n\n<li><strong>Qualit\u00e9 de vie et s\u00e9curit\u00e9<\/strong>\n<ul class=\"wp-block-list\">\n<li>Police de proximit\u00e9, justice plus r\u00e9active<\/li>\n\n\n\n<li>Quartiers propres, transports accessibles, services publics pr\u00e9sents<\/li>\n<\/ul>\n<\/li>\n<\/ol>\n\n\n\n<p class=\"wp-block-paragraph\">Ce sont des mesures concr\u00e8tes, pratiques, r\u00e9alistes.<\/p>\n\n\n\n<hr class=\"wp-block-separator has-alpha-channel-opacity\"\/>\n\n\n\n<p class=\"wp-block-paragraph\"><strong>Journaliste :<\/strong> <em>Vous parlez aussi de souverainet\u00e9 et de migration. Est-ce compatible avec un discours social ?<\/em><\/p>\n\n\n\n<p class=\"wp-block-paragraph\"><strong>R\u00e9ponse <mark style=\"background-color:rgba(0, 0, 0, 0);color:#ff6900\" class=\"has-inline-color\">MDM<\/mark> :<\/strong><\/p>\n\n\n\n<p class=\"wp-block-paragraph\">Totalement.<br>Prot\u00e9ger notre mod\u00e8le social, c\u2019est justement <strong>ma\u00eetriser ce qui peut le fragiliser<\/strong>.<\/p>\n\n\n\n<p class=\"wp-block-paragraph\">Nous voulons une migration <strong>responsable, ma\u00eetris\u00e9e, humaine<\/strong> \u2014 pas subie.<br>C\u2019est du bon sens :<br>accueillir, oui, mais en fonction de notre capacit\u00e9 d\u2019int\u00e9gration, de logement, d\u2019emploi, de coh\u00e9sion.<\/p>\n\n\n\n<p class=\"wp-block-paragraph\">Et surtout, nous voulons relocaliser des activit\u00e9s, r\u00e9industrialiser, prot\u00e9ger notre \u00e9conomie.<br>Parce qu\u2019une solidarit\u00e9 durable exige une \u00e9conomie solide.<\/p>\n\n\n\n<p class=\"wp-block-paragraph\">Souverainet\u00e9 \u00e9conomique + justice sociale = stabilit\u00e9 pour les citoyens.<\/p>\n\n\n\n<hr class=\"wp-block-separator has-alpha-channel-opacity\"\/>\n\n\n\n<p class=\"wp-block-paragraph\"><strong>Journaliste :<\/strong> <em>En r\u00e9sum\u00e9, quelle est votre ligne ?<\/em><\/p>\n\n\n\n<p class=\"wp-block-paragraph\"><strong>R\u00e9ponse <mark style=\"background-color:rgba(0, 0, 0, 0);color:#ff6900\" class=\"has-inline-color\">MDM<\/mark> :<\/strong><\/p>\n\n\n\n<p class=\"wp-block-paragraph\">Notre ligne, c\u2019est une Belgique <strong>juste, moderne, souveraine et solidaire<\/strong>.<\/p>\n\n\n\n<ul class=\"wp-block-list\">\n<li>Une soci\u00e9t\u00e9 qui <strong>valorise l\u2019effort<\/strong><\/li>\n\n\n\n<li>Qui <strong>soutient ceux qui en ont besoin<\/strong><\/li>\n\n\n\n<li>Qui <strong>prot\u00e8ge ses travailleurs<\/strong><\/li>\n\n\n\n<li>Et qui <strong>pr\u00e9pare l\u2019avenir avec lucidit\u00e9 et confiance<\/strong><\/li>\n<\/ul>\n\n\n\n<p class=\"wp-block-paragraph\">Nous ne voulons ni nostalgie, ni brutalit\u00e9.<br>Nous voulons <strong>respect, stabilit\u00e9, dignit\u00e9 et progr\u00e8s partag\u00e9<\/strong>.<\/p>\n\n\n\n<p class=\"wp-block-paragraph\"><strong>Racines fortes, regard neuf.<\/strong><\/p>\n\n\n\n<p class=\"wp-block-paragraph\">C\u2019est \u00e7a, la Droite moderniste :<br><strong>pragmatique dans les solutions, humaine dans l\u2019esprit, ferme dans les principes.<\/strong><\/p>\n","protected":false},"excerpt":{"rendered":"<p>Journaliste : Votre parti affirme vouloir r\u00e9pondre aux inqui\u00e9tudes des classes populaires. Que pouvez-vous dire aux travailleurs, aux familles qui ont le sentiment de ne plus compter ? R\u00e9ponse MDM : Ce que je veux dire aux travailleurs, aux familles, aux jeunes qui cherchent leur chance, c\u2019est qu\u2019ils ne r\u00eavent pas :oui, beaucoup ont le [&hellip;]<\/p>\n","protected":false},"author":1,"featured_media":0,"comment_status":"open","ping_status":"open","sticky":false,"template":"","format":"standard","meta":{"_monsterinsights_skip_tracking":false,"_uf_show_specific_survey":0,"_uf_disable_surveys":false,"footnotes":""},"categories":[18,38,34],"tags":[],"class_list":["post-2045","post","type-post","status-publish","format-standard","hentry","category-droite","category-elections","category-mouvement-droite-moderniste"],"_links":{"self":[{"href":"https:\/\/droitemoderniste.be\/index.php\/wp-json\/wp\/v2\/posts\/2045","targetHints":{"allow":["GET"]}}],"collection":[{"href":"https:\/\/droitemoderniste.be\/index.php\/wp-json\/wp\/v2\/posts"}],"about":[{"href":"https:\/\/droitemoderniste.be\/index.php\/wp-json\/wp\/v2\/types\/post"}],"author":[{"embeddable":true,"href":"https:\/\/droitemoderniste.be\/index.php\/wp-json\/wp\/v2\/users\/1"}],"replies":[{"embeddable":true,"href":"https:\/\/droitemoderniste.be\/index.php\/wp-json\/wp\/v2\/comments?post=2045"}],"version-history":[{"count":1,"href":"https:\/\/droitemoderniste.be\/index.php\/wp-json\/wp\/v2\/posts\/2045\/revisions"}],"predecessor-version":[{"id":2047,"href":"https:\/\/droitemoderniste.be\/index.php\/wp-json\/wp\/v2\/posts\/2045\/revisions\/2047"}],"wp:attachment":[{"href":"https:\/\/droitemoderniste.be\/index.php\/wp-json\/wp\/v2\/media?parent=2045"}],"wp:term":[{"taxonomy":"category","embeddable":true,"href":"https:\/\/droitemoderniste.be\/index.php\/wp-json\/wp\/v2\/categories?post=2045"},{"taxonomy":"post_tag","embeddable":true,"href":"https:\/\/droitemoderniste.be\/index.php\/wp-json\/wp\/v2\/tags?post=2045"}],"curies":[{"name":"wp","href":"https:\/\/api.w.org\/{rel}","templated":true}]}}