{"id":2042,"date":"2025-11-16T14:30:57","date_gmt":"2025-11-16T13:30:57","guid":{"rendered":"https:\/\/droitemoderniste.be\/?p=2042"},"modified":"2025-11-16T14:30:57","modified_gmt":"2025-11-16T13:30:57","slug":"positionnement-du-mdm","status":"publish","type":"post","link":"https:\/\/droitemoderniste.be\/index.php\/2025\/11\/16\/positionnement-du-mdm\/","title":{"rendered":"Positionnement du MDM"},"content":{"rendered":"\n<figure class=\"wp-block-image size-full\"><img loading=\"lazy\" decoding=\"async\" width=\"265\" height=\"199\" src=\"https:\/\/droitemoderniste.be\/wp-content\/uploads\/2025\/11\/always-dreaming-wins-kentucky-derby-on-sloppy-track.jpg\" alt=\"\" class=\"wp-image-2043\"\/><\/figure>\n\n\n\n<h6 class=\"wp-block-heading\"><strong>Parti le plus proche du <mark style=\"background-color:rgba(0, 0, 0, 0);color:#ff6900\" class=\"has-inline-color\">MDM<\/mark> : le MR (Mouvement R\u00e9formateur)<\/strong><\/h6>\n\n\n\n<p class=\"wp-block-paragraph\"><strong>Pourquoi ?<\/strong><br>Le <mark style=\"background-color:rgba(0, 0, 0, 0);color:#ff6900\" class=\"has-inline-color\">MDM<\/mark> combine :<\/p>\n\n\n\n<ul class=\"wp-block-list\">\n<li>patriotisme civique<\/li>\n\n\n\n<li>social-lib\u00e9ralisme<\/li>\n\n\n\n<li>modernisme soci\u00e9tal<\/li>\n\n\n\n<li>approche \u00e9conomique plut\u00f4t lib\u00e9rale mais avec dirigisme mod\u00e9r\u00e9<\/li>\n\n\n\n<li>souverainisme \u00e9clair\u00e9 et europ\u00e9isme<\/li>\n\n\n\n<li>environnementalisme optimiste (pas punitif)<\/li>\n\n\n\n<li>d\u00e9simmigrationnisme rationnel (ligne plus ferme que le centre classique)<\/li>\n<\/ul>\n\n\n\n<p class=\"wp-block-paragraph\">Cela situe le <mark style=\"background-color:rgba(0, 0, 0, 0);color:#ff6900\" class=\"has-inline-color\">MDM<\/mark> dans une <strong>droite mod\u00e9r\u00e9e moderniste<\/strong>, soci\u00e9talement ouverte, \u00e9conomiquement lib\u00e9rale mais non dogmatique \u2014 ce qui rapproche le plus du <strong>MR<\/strong>, surtout de sa frange \u00ab lib\u00e9raux r\u00e9formateurs \u00bb ou \u00ab bleus modernes \u00bb.<\/p>\n\n\n\n<p class=\"wp-block-paragraph\">Cependant le <mark style=\"background-color:rgba(0, 0, 0, 0);color:#ff6900\" class=\"has-inline-color\">MDM<\/mark> est <strong>plus structur\u00e9 id\u00e9ologiquement<\/strong> et plus \u00ab doctrinal \u00bb que le MR actuel, avec :<\/p>\n\n\n\n<ul class=\"wp-block-list\">\n<li>une pens\u00e9e \u00e9conomique plus planificatrice (dirigisme mod\u00e9r\u00e9)<\/li>\n\n\n\n<li>un volet civilisationnel\/souverainiste absent au MR<\/li>\n\n\n\n<li>un volet animaliste et justicialiste unique<\/li>\n\n\n\n<li>un positionnement immigration plus rationnel\/technocratique mais ferme<\/li>\n<\/ul>\n\n\n\n<hr class=\"wp-block-separator has-alpha-channel-opacity\"\/>\n\n\n\n<h6 class=\"wp-block-heading\"><strong>\u00c9colo ?<\/strong><\/h6>\n\n\n\n<p class=\"wp-block-paragraph\">Assez \u00e9loign\u00e9 :<\/p>\n\n\n\n<ul class=\"wp-block-list\">\n<li><mark style=\"background-color:rgba(0, 0, 0, 0);color:#ff6900\" class=\"has-inline-color\">MDM<\/mark> = environnementalisme <strong>optimiste<\/strong>, pro-innovation, non punitif<\/li>\n\n\n\n<li>\u00c9colo = \u00e9cologie r\u00e9glementaire, d\u00e9croissante ou prudente<\/li>\n\n\n\n<li><mark style=\"background-color:rgba(0, 0, 0, 0);color:#ff6900\" class=\"has-inline-color\">MDM<\/mark> = souverainisme \u00e9clair\u00e9 et patriotisme civique<\/li>\n\n\n\n<li>\u00c9colo = approche post-nationale<\/li>\n\n\n\n<li><mark style=\"background-color:rgba(0, 0, 0, 0);color:#ff6900\" class=\"has-inline-color\">MDM<\/mark> = social-lib\u00e9ral<\/li>\n\n\n\n<li>\u00c9colo = plut\u00f4t socio-progressiste et interventionniste<\/li>\n<\/ul>\n\n\n\n<p class=\"wp-block-paragraph\">\u27a1<strong>Distance id\u00e9ologique importante.<\/strong><\/p>\n\n\n\n<hr class=\"wp-block-separator has-alpha-channel-opacity\"\/>\n\n\n\n<h6 class=\"wp-block-heading\"><strong><mark style=\"background-color:rgba(0, 0, 0, 0);color:#000000\" class=\"has-inline-color\">Les Engag\u00e9s ?<\/mark><\/strong><\/h6>\n\n\n\n<p class=\"wp-block-paragraph\">Proximit\u00e9 partielle :<\/p>\n\n\n\n<ul class=\"wp-block-list\">\n<li>aspect humaniste et personnaliste \u2192 <strong>proche du <mark style=\"background-color:rgba(0, 0, 0, 0);color:#ff6900\" class=\"has-inline-color\">MDM<\/mark> (personnalisme \u00e9clair\u00e9)<\/strong><\/li>\n\n\n\n<li>volontarisme en mati\u00e8re de solidarit\u00e9 et justice sociale<\/li>\n\n\n\n<li>sens du bien commun et du r\u00f4le de l\u2019\u00c9tat<\/li>\n<\/ul>\n\n\n\n<p class=\"wp-block-paragraph\">Mais les \u00e9carts restent notables :<\/p>\n\n\n\n<ul class=\"wp-block-list\">\n<li><mark style=\"background-color:rgba(0, 0, 0, 0);color:#ff6900\" class=\"has-inline-color\">MDM<\/mark> = droite moderniste<\/li>\n\n\n\n<li>Engag\u00e9s = centre humaniste plus social<\/li>\n\n\n\n<li><mark style=\"background-color:rgba(0, 0, 0, 0);color:#ff6900\" class=\"has-inline-color\">MDM <\/mark>= souverainisme \u00e9clair\u00e9<\/li>\n\n\n\n<li>Engag\u00e9s = davantage euro-int\u00e9grationnistes sans souverainisme<\/li>\n\n\n\n<li><mark style=\"background-color:rgba(0, 0, 0, 0);color:#ff6900\" class=\"has-inline-color\">MDM<\/mark> = politique migratoire rationnelle mais ferme<\/li>\n\n\n\n<li>Engag\u00e9s = ligne plus mod\u00e9r\u00e9e<\/li>\n<\/ul>\n\n\n\n<p class=\"wp-block-paragraph\">\u27a1<strong>Deuxi\u00e8me parti le plus proche<\/strong>, mais pas le plus.<\/p>\n\n\n\n<hr class=\"wp-block-separator has-alpha-channel-opacity\"\/>\n\n\n\n<h6 class=\"wp-block-heading\"><strong>D\u00e9FI ?<\/strong><\/h6>\n\n\n\n<p class=\"wp-block-paragraph\">Proximit\u00e9 limit\u00e9e :<\/p>\n\n\n\n<ul class=\"wp-block-list\">\n<li><mark style=\"background-color:rgba(0, 0, 0, 0);color:#ff6900\" class=\"has-inline-color\">MDM<\/mark> et D\u00e9FI partagent un go\u00fbt pour la modernit\u00e9, la la\u00efcit\u00e9, le progressisme soci\u00e9tal<\/li>\n\n\n\n<li>Tous deux sont pro-UE<\/li>\n<\/ul>\n\n\n\n<p class=\"wp-block-paragraph\">Mais :<\/p>\n\n\n\n<ul class=\"wp-block-list\">\n<li>D\u00e9FI = gauche lib\u00e9rale \/ centre-gauche sur \u00e9conomie<\/li>\n\n\n\n<li><mark style=\"background-color:rgba(0, 0, 0, 0);color:#ff6900\" class=\"has-inline-color\">MDM<\/mark> = social-lib\u00e9ral mais plus \u00ab droite \u00e9conomique \u00bb<\/li>\n\n\n\n<li>D\u00e9FI = pas de patriotisme civique franc ni souverainisme<\/li>\n\n\n\n<li><mark style=\"background-color:rgba(0, 0, 0, 0);color:#ff6900\" class=\"has-inline-color\">MDM<\/mark> = dimension civilisationnelle, identitaire mod\u00e9r\u00e9e<\/li>\n\n\n\n<li>D\u00e9FI = position migratoire plus ouverte<\/li>\n<\/ul>\n\n\n\n<p class=\"wp-block-paragraph\">\u27a1<strong>Proximit\u00e9 sur le soci\u00e9tal, distance sur le reste.<\/strong><\/p>\n\n\n\n<hr class=\"wp-block-separator has-alpha-channel-opacity\"\/>\n\n\n\n<h5 class=\"wp-block-heading\"><strong>Verdict global<\/strong><\/h5>\n\n\n\n<h6 class=\"wp-block-heading\"><strong>Le <mark style=\"background-color:rgba(0, 0, 0, 0);color:#ff6900\" class=\"has-inline-color\">MDM<\/mark> est programmatiquement le plus proche du MR<\/strong><\/h6>\n\n\n\n<p class=\"wp-block-paragraph\">\u2026mais en version plus :<\/p>\n\n\n\n<ul class=\"wp-block-list\">\n<li>structur\u00e9e id\u00e9ologiquement<\/li>\n\n\n\n<li>souverainiste et civique<\/li>\n\n\n\n<li>\u00e9cologiquement technologue<\/li>\n\n\n\n<li>socialement \u00e9thique et animaliste<\/li>\n\n\n\n<li>lib\u00e9rale mais coordonn\u00e9e (dirigisme mod\u00e9r\u00e9)<\/li>\n<\/ul>\n\n\n\n<p class=\"wp-block-paragraph\">Si l\u2019on devait placer le <mark style=\"background-color:rgba(0, 0, 0, 0);color:#ff6900\" class=\"has-inline-color\">MDM<\/mark> sur la carte politique :<br><strong>une droite moderniste, civique, lib\u00e9rale-r\u00e9formiste, souverainiste soft, \u00e9thique et pro-innovation.<\/strong><\/p>\n\n\n\n<p class=\"wp-block-paragraph\"><\/p>\n","protected":false},"excerpt":{"rendered":"<p>Parti le plus proche du MDM : le MR (Mouvement R\u00e9formateur) Pourquoi ?Le MDM combine : Cela situe le MDM dans une droite mod\u00e9r\u00e9e moderniste, soci\u00e9talement ouverte, \u00e9conomiquement lib\u00e9rale mais non dogmatique \u2014 ce qui rapproche le plus du MR, surtout de sa frange \u00ab lib\u00e9raux r\u00e9formateurs \u00bb ou \u00ab bleus modernes \u00bb. Cependant le [&hellip;]<\/p>\n","protected":false},"author":1,"featured_media":0,"comment_status":"open","ping_status":"open","sticky":false,"template":"","format":"standard","meta":{"_monsterinsights_skip_tracking":false,"_uf_show_specific_survey":0,"_uf_disable_surveys":false,"footnotes":""},"categories":[34],"tags":[],"class_list":["post-2042","post","type-post","status-publish","format-standard","hentry","category-mouvement-droite-moderniste"],"_links":{"self":[{"href":"https:\/\/droitemoderniste.be\/index.php\/wp-json\/wp\/v2\/posts\/2042","targetHints":{"allow":["GET"]}}],"collection":[{"href":"https:\/\/droitemoderniste.be\/index.php\/wp-json\/wp\/v2\/posts"}],"about":[{"href":"https:\/\/droitemoderniste.be\/index.php\/wp-json\/wp\/v2\/types\/post"}],"author":[{"embeddable":true,"href":"https:\/\/droitemoderniste.be\/index.php\/wp-json\/wp\/v2\/users\/1"}],"replies":[{"embeddable":true,"href":"https:\/\/droitemoderniste.be\/index.php\/wp-json\/wp\/v2\/comments?post=2042"}],"version-history":[{"count":1,"href":"https:\/\/droitemoderniste.be\/index.php\/wp-json\/wp\/v2\/posts\/2042\/revisions"}],"predecessor-version":[{"id":2044,"href":"https:\/\/droitemoderniste.be\/index.php\/wp-json\/wp\/v2\/posts\/2042\/revisions\/2044"}],"wp:attachment":[{"href":"https:\/\/droitemoderniste.be\/index.php\/wp-json\/wp\/v2\/media?parent=2042"}],"wp:term":[{"taxonomy":"category","embeddable":true,"href":"https:\/\/droitemoderniste.be\/index.php\/wp-json\/wp\/v2\/categories?post=2042"},{"taxonomy":"post_tag","embeddable":true,"href":"https:\/\/droitemoderniste.be\/index.php\/wp-json\/wp\/v2\/tags?post=2042"}],"curies":[{"name":"wp","href":"https:\/\/api.w.org\/{rel}","templated":true}]}}