{"id":2039,"date":"2025-11-16T10:57:33","date_gmt":"2025-11-16T09:57:33","guid":{"rendered":"https:\/\/droitemoderniste.be\/?p=2039"},"modified":"2025-11-16T10:57:33","modified_gmt":"2025-11-16T09:57:33","slug":"respect-dignite-avenir","status":"publish","type":"post","link":"https:\/\/droitemoderniste.be\/index.php\/2025\/11\/16\/respect-dignite-avenir\/","title":{"rendered":"\u00ab\u00a0Respect, dignit\u00e9, avenir\u00a0\u00bb"},"content":{"rendered":"\n<figure class=\"wp-block-image size-full\"><img loading=\"lazy\" decoding=\"async\" width=\"300\" height=\"168\" src=\"https:\/\/droitemoderniste.be\/wp-content\/uploads\/2025\/11\/population.jpg\" alt=\"\" class=\"wp-image-2040\"\/><\/figure>\n\n\n\n<p class=\"wp-block-paragraph\">Ch\u00e8res citoyennes, chers citoyens,<br>Chers travailleurs, parents, jeunes, retrait\u00e9s,<br>Vous qui faites vivre notre pays chaque jour,<\/p>\n\n\n\n<p class=\"wp-block-paragraph\">Nous savons que beaucoup d\u2019entre vous se sentent oubli\u00e9s.<br>Vous faites votre part, vous contribuez, vous soutenez votre famille, votre quartier, votre pays\u2026<br>et pourtant, trop souvent, <strong>vos efforts ne sont ni vus, ni reconnus<\/strong>.<\/p>\n\n\n\n<p class=\"wp-block-paragraph\">Aujourd\u2019hui, nous voulons vous dire simplement :<br><strong>vous m\u00e9ritez mieux.<\/strong><\/p>\n\n\n\n<hr class=\"wp-block-separator has-alpha-channel-opacity\"\/>\n\n\n\n<h5 class=\"wp-block-heading\"><em>Une soci\u00e9t\u00e9 qui respecte ceux qui la construisent<\/em><\/h5>\n\n\n\n<p class=\"wp-block-paragraph\">Le <mark style=\"background-color:rgba(0, 0, 0, 0);color:#ff6900\" class=\"has-inline-color\">Mouvement Droite Moderniste<\/mark> porte une conviction claire :<br>la Belgique tient gr\u00e2ce aux femmes et aux hommes qui se l\u00e8vent t\u00f4t, qui travaillent, qui cherchent leur place, qui ne renoncent pas.<\/p>\n\n\n\n<p class=\"wp-block-paragraph\">Nous voulons une soci\u00e9t\u00e9 qui <strong>valorise l\u2019effort<\/strong>, qui <strong>soutient le m\u00e9rite<\/strong>, qui <strong>ne laisse personne sur le c\u00f4t\u00e9<\/strong>.<\/p>\n\n\n\n<ul class=\"wp-block-list\">\n<li>Revalorisation du travail et du salaire net<\/li>\n\n\n\n<li>Formation et reconversion facilit\u00e9es<\/li>\n\n\n\n<li>Relance industrielle et locale<\/li>\n<\/ul>\n\n\n\n<p class=\"wp-block-paragraph\">Parce que chacun doit pouvoir <strong>vivre dignement de son travail<\/strong>, ici, en Belgique.<\/p>\n\n\n\n<hr class=\"wp-block-separator has-alpha-channel-opacity\"\/>\n\n\n\n<h5 class=\"wp-block-heading\"><em>Une solidarit\u00e9 moderne, juste et humaine<\/em><\/h5>\n\n\n\n<p class=\"wp-block-paragraph\">Notre mod\u00e8le social est pr\u00e9cieux.<br>Il prot\u00e8ge les plus fragiles, il unit notre pays, il fait notre fiert\u00e9.<\/p>\n\n\n\n<p class=\"wp-block-paragraph\">Nous nous engageons \u00e0 le renforcer, en le rendant plus juste et plus efficace.<\/p>\n\n\n\n<ul class=\"wp-block-list\">\n<li>Acc\u00e8s aux soins garanti partout<\/li>\n\n\n\n<li>Pensions dignes pour celles et ceux qui ont servi la nation<\/li>\n\n\n\n<li>Lutte contre les abus, pour prot\u00e9ger ceux qui respectent les r\u00e8gles<\/li>\n<\/ul>\n\n\n\n<p class=\"wp-block-paragraph\">La solidarit\u00e9 n\u2019est pas un slogan : <strong>c\u2019est un pacte de confiance entre Belges<\/strong>.<\/p>\n\n\n\n<hr class=\"wp-block-separator has-alpha-channel-opacity\"\/>\n\n\n\n<h5 class=\"wp-block-heading\"><em>Des quartiers s\u00fbrs, vivants, respect\u00e9s<\/em><\/h5>\n\n\n\n<p class=\"wp-block-paragraph\">La tranquillit\u00e9 est un droit.<br>La s\u00e9curit\u00e9 n\u2019est pas une faveur, c\u2019est la base de la libert\u00e9.<\/p>\n\n\n\n<ul class=\"wp-block-list\">\n<li>Police de proximit\u00e9, pr\u00e9sente et respect\u00e9e<\/li>\n\n\n\n<li>Pr\u00e9vention, soutien aux associations locales, espaces publics vivants<\/li>\n\n\n\n<li>Justice accessible et efficace<\/li>\n<\/ul>\n\n\n\n<p class=\"wp-block-paragraph\">Nous voulons des quartiers <strong>propres, paisibles, solidaires<\/strong> \u2014 o\u00f9 il fait bon vivre, grandir, et se projeter.<\/p>\n\n\n\n<hr class=\"wp-block-separator has-alpha-channel-opacity\"\/>\n\n\n\n<h5 class=\"wp-block-heading\"><em>Une Belgique souveraine, moderne et confiante<\/em><\/h5>\n\n\n\n<p class=\"wp-block-paragraph\">Nous voulons une Belgique qui choisit son avenir,<br>qui prot\u00e8ge son \u00e9conomie, ses emplois, ses valeurs, son mod\u00e8le social.<\/p>\n\n\n\n<ul class=\"wp-block-list\">\n<li>Relocalisation strat\u00e9gique<\/li>\n\n\n\n<li>Ma\u00eetrise des flux migratoires avec humanit\u00e9 et responsabilit\u00e9<\/li>\n\n\n\n<li>D\u00e9fense de l\u2019int\u00e9r\u00eat g\u00e9n\u00e9ral, de la coh\u00e9sion, du long terme<\/li>\n<\/ul>\n\n\n\n<p class=\"wp-block-paragraph\">L\u2019ouverture n\u2019exclut pas la lucidit\u00e9.<br>La modernit\u00e9 n\u2019exige pas l\u2019oubli de nos racines.<\/p>\n\n\n\n<hr class=\"wp-block-separator has-alpha-channel-opacity\"\/>\n\n\n\n<h5 class=\"wp-block-heading\"><em>Un avenir \u00e0 construire ensemble<\/em><\/h5>\n\n\n\n<p class=\"wp-block-paragraph\">Notre ambition est simple :<br>une Belgique <strong>juste, s\u00fbre, prosp\u00e8re, humaine<\/strong>.<\/p>\n\n\n\n<p class=\"wp-block-paragraph\">Un pays o\u00f9 chacun a sa place,<br>o\u00f9 l\u2019effort est encourag\u00e9,<br>o\u00f9 la solidarit\u00e9 est un honneur,<br>o\u00f9 la dignit\u00e9 est non n\u00e9gociable.<\/p>\n\n\n\n<p class=\"wp-block-paragraph\"><strong>Racines fortes, regard neuf.<\/strong><\/p>\n\n\n\n<p class=\"wp-block-paragraph\">Nous ne promettons ni miracles ni divisions.<br>Nous proposons <strong>un chemin commun, exigeant, mais possible<\/strong>.<\/p>\n\n\n\n<p class=\"wp-block-paragraph\">Et nous vous invitons \u00e0 le tracer avec nous,<br>pour nous, pour nos familles,<br>et pour les g\u00e9n\u00e9rations qui viennent.<\/p>\n\n\n\n<p class=\"wp-block-paragraph\">Merci.<\/p>\n","protected":false},"excerpt":{"rendered":"<p>Ch\u00e8res citoyennes, chers citoyens,Chers travailleurs, parents, jeunes, retrait\u00e9s,Vous qui faites vivre notre pays chaque jour, Nous savons que beaucoup d\u2019entre vous se sentent oubli\u00e9s.Vous faites votre part, vous contribuez, vous soutenez votre famille, votre quartier, votre pays\u2026et pourtant, trop souvent, vos efforts ne sont ni vus, ni reconnus. Aujourd\u2019hui, nous voulons vous dire simplement :vous [&hellip;]<\/p>\n","protected":false},"author":1,"featured_media":0,"comment_status":"open","ping_status":"open","sticky":false,"template":"","format":"standard","meta":{"_monsterinsights_skip_tracking":false,"_uf_show_specific_survey":0,"_uf_disable_surveys":false,"footnotes":""},"categories":[24,34,10],"tags":[],"class_list":["post-2039","post","type-post","status-publish","format-standard","hentry","category-justice-sociale","category-mouvement-droite-moderniste","category-securite-sociale"],"_links":{"self":[{"href":"https:\/\/droitemoderniste.be\/index.php\/wp-json\/wp\/v2\/posts\/2039","targetHints":{"allow":["GET"]}}],"collection":[{"href":"https:\/\/droitemoderniste.be\/index.php\/wp-json\/wp\/v2\/posts"}],"about":[{"href":"https:\/\/droitemoderniste.be\/index.php\/wp-json\/wp\/v2\/types\/post"}],"author":[{"embeddable":true,"href":"https:\/\/droitemoderniste.be\/index.php\/wp-json\/wp\/v2\/users\/1"}],"replies":[{"embeddable":true,"href":"https:\/\/droitemoderniste.be\/index.php\/wp-json\/wp\/v2\/comments?post=2039"}],"version-history":[{"count":1,"href":"https:\/\/droitemoderniste.be\/index.php\/wp-json\/wp\/v2\/posts\/2039\/revisions"}],"predecessor-version":[{"id":2041,"href":"https:\/\/droitemoderniste.be\/index.php\/wp-json\/wp\/v2\/posts\/2039\/revisions\/2041"}],"wp:attachment":[{"href":"https:\/\/droitemoderniste.be\/index.php\/wp-json\/wp\/v2\/media?parent=2039"}],"wp:term":[{"taxonomy":"category","embeddable":true,"href":"https:\/\/droitemoderniste.be\/index.php\/wp-json\/wp\/v2\/categories?post=2039"},{"taxonomy":"post_tag","embeddable":true,"href":"https:\/\/droitemoderniste.be\/index.php\/wp-json\/wp\/v2\/tags?post=2039"}],"curies":[{"name":"wp","href":"https:\/\/api.w.org\/{rel}","templated":true}]}}