{"id":2035,"date":"2025-11-15T14:31:23","date_gmt":"2025-11-15T13:31:23","guid":{"rendered":"https:\/\/droitemoderniste.be\/?p=2035"},"modified":"2025-11-15T14:31:23","modified_gmt":"2025-11-15T13:31:23","slug":"mdm-la-difference-belge","status":"publish","type":"post","link":"https:\/\/droitemoderniste.be\/index.php\/2025\/11\/15\/mdm-la-difference-belge\/","title":{"rendered":"MDM, La diff\u00e9rence belge"},"content":{"rendered":"\n<figure class=\"wp-block-image size-full\"><img loading=\"lazy\" decoding=\"async\" width=\"318\" height=\"159\" src=\"https:\/\/droitemoderniste.be\/wp-content\/uploads\/2025\/11\/originalite-belge5.jpg\" alt=\"\" class=\"wp-image-2037\" srcset=\"https:\/\/droitemoderniste.be\/wp-content\/uploads\/2025\/11\/originalite-belge5.jpg 318w, https:\/\/droitemoderniste.be\/wp-content\/uploads\/2025\/11\/originalite-belge5-300x150.jpg 300w\" sizes=\"auto, (max-width: 318px) 100vw, 318px\" \/><\/figure>\n\n\n\n<p class=\"wp-block-paragraph\">Le <mark style=\"background-color:rgba(0, 0, 0, 0);color:#ff6900\" class=\"has-inline-color\"><strong>Mouvement Droite Moderniste (MDM)<\/strong> <\/mark>n\u2019est pas un parti comme les autres. Il est <strong>la voix d\u2019une droite nouvelle<\/strong>, audacieuse, lucide et inspir\u00e9e. Une droite qui refuse le repli, mais qui ne renie rien de ses racines. Une droite qui croit \u00e0 la puissance de l\u2019esprit, \u00e0 la fiert\u00e9 nationale et \u00e0 la modernit\u00e9 \u00e9clair\u00e9e.<\/p>\n\n\n\n<p class=\"wp-block-paragraph\">Face \u00e0 la r\u00e9signation, le <mark style=\"background-color:rgba(0, 0, 0, 0);color:#ff6900\" class=\"has-inline-color\">MDM <\/mark>choisit <strong>le courage d\u2019inventer<\/strong>. Face aux extr\u00eames, il trace <strong>la voie de l\u2019\u00e9quilibre<\/strong>. Face \u00e0 la confusion id\u00e9ologique, il offre <strong>une vision claire<\/strong> : celle d\u2019un peuple souverain, d\u2019un \u00c9tat strat\u00e8ge, d\u2019une \u00e9conomie vivante et d\u2019une soci\u00e9t\u00e9 r\u00e9concili\u00e9e.<\/p>\n\n\n\n<p class=\"wp-block-paragraph\">Le <mark style=\"background-color:rgba(0, 0, 0, 0);color:#ff6900\" class=\"has-inline-color\">MDM<\/mark> puise sa force dans ses <strong>valeurs fondatrices<\/strong> : le <em>dirigisme mod\u00e9r\u00e9<\/em> pour l\u2019efficacit\u00e9, le <em>personnalisme \u00e9clair\u00e9<\/em> pour la dignit\u00e9 humaine, le <em>protectionnisme raisonn\u00e9<\/em> pour la prosp\u00e9rit\u00e9 nationale et le <em>souverainisme \u00e9clair\u00e9<\/em> pour l\u2019ind\u00e9pendance politique. Ces principes ne s\u2019opposent pas au progr\u00e8s : ils en sont <strong>le socle durable et r\u00e9fl\u00e9chi<\/strong>.<\/p>\n\n\n\n<p class=\"wp-block-paragraph\">\u00catre moderniste, c\u2019est refuser le cynisme. C\u2019est croire que l\u2019intelligence, la culture, l\u2019\u00e9cologie et la foi dans l\u2019homme peuvent marcher ensemble. C\u2019est d\u00e9fendre une <strong>Belgique forte, belle et libre<\/strong>, enracin\u00e9e dans son histoire mais r\u00e9solument tourn\u00e9e vers l\u2019avenir.<\/p>\n\n\n\n<p class=\"wp-block-paragraph\">Le <mark style=\"background-color:rgba(0, 0, 0, 0);color:#ff6900\" class=\"has-inline-color\">MDM<\/mark>, c\u2019est <strong>l\u2019audace d\u2019une droite moderne<\/strong>.<\/p>\n","protected":false},"excerpt":{"rendered":"<p>Le Mouvement Droite Moderniste (MDM) n\u2019est pas un parti comme les autres. Il est la voix d\u2019une droite nouvelle, audacieuse, lucide et inspir\u00e9e. Une droite qui refuse le repli, mais qui ne renie rien de ses racines. Une droite qui croit \u00e0 la puissance de l\u2019esprit, \u00e0 la fiert\u00e9 nationale et \u00e0 la modernit\u00e9 \u00e9clair\u00e9e. [&hellip;]<\/p>\n","protected":false},"author":1,"featured_media":0,"comment_status":"open","ping_status":"open","sticky":false,"template":"","format":"standard","meta":{"_monsterinsights_skip_tracking":false,"_uf_show_specific_survey":0,"_uf_disable_surveys":false,"footnotes":""},"categories":[33,22,34],"tags":[],"class_list":["post-2035","post","type-post","status-publish","format-standard","hentry","category-belgitude","category-democratie","category-mouvement-droite-moderniste"],"_links":{"self":[{"href":"https:\/\/droitemoderniste.be\/index.php\/wp-json\/wp\/v2\/posts\/2035","targetHints":{"allow":["GET"]}}],"collection":[{"href":"https:\/\/droitemoderniste.be\/index.php\/wp-json\/wp\/v2\/posts"}],"about":[{"href":"https:\/\/droitemoderniste.be\/index.php\/wp-json\/wp\/v2\/types\/post"}],"author":[{"embeddable":true,"href":"https:\/\/droitemoderniste.be\/index.php\/wp-json\/wp\/v2\/users\/1"}],"replies":[{"embeddable":true,"href":"https:\/\/droitemoderniste.be\/index.php\/wp-json\/wp\/v2\/comments?post=2035"}],"version-history":[{"count":1,"href":"https:\/\/droitemoderniste.be\/index.php\/wp-json\/wp\/v2\/posts\/2035\/revisions"}],"predecessor-version":[{"id":2038,"href":"https:\/\/droitemoderniste.be\/index.php\/wp-json\/wp\/v2\/posts\/2035\/revisions\/2038"}],"wp:attachment":[{"href":"https:\/\/droitemoderniste.be\/index.php\/wp-json\/wp\/v2\/media?parent=2035"}],"wp:term":[{"taxonomy":"category","embeddable":true,"href":"https:\/\/droitemoderniste.be\/index.php\/wp-json\/wp\/v2\/categories?post=2035"},{"taxonomy":"post_tag","embeddable":true,"href":"https:\/\/droitemoderniste.be\/index.php\/wp-json\/wp\/v2\/tags?post=2035"}],"curies":[{"name":"wp","href":"https:\/\/api.w.org\/{rel}","templated":true}]}}