{"id":2032,"date":"2025-11-15T11:07:16","date_gmt":"2025-11-15T10:07:16","guid":{"rendered":"https:\/\/droitemoderniste.be\/?p=2032"},"modified":"2025-11-15T11:07:16","modified_gmt":"2025-11-15T10:07:16","slug":"liberalisme-social-progressiste-defiou-social-liberalisme-moderniste-mdm","status":"publish","type":"post","link":"https:\/\/droitemoderniste.be\/index.php\/2025\/11\/15\/liberalisme-social-progressiste-defiou-social-liberalisme-moderniste-mdm\/","title":{"rendered":"Lib\u00e9ralisme social progressiste (D\u00e9FI)ou social-lib\u00e9ralisme moderniste (MDM) ?"},"content":{"rendered":"\n<figure class=\"wp-block-image size-full\"><img loading=\"lazy\" decoding=\"async\" width=\"302\" height=\"167\" src=\"https:\/\/droitemoderniste.be\/wp-content\/uploads\/2025\/11\/pauvres2.jpg\" alt=\"\" class=\"wp-image-2033\" srcset=\"https:\/\/droitemoderniste.be\/wp-content\/uploads\/2025\/11\/pauvres2.jpg 302w, https:\/\/droitemoderniste.be\/wp-content\/uploads\/2025\/11\/pauvres2-300x166.jpg 300w\" sizes=\"auto, (max-width: 302px) 100vw, 302px\" \/><\/figure>\n\n\n\n<p class=\"wp-block-paragraph\">Le lib\u00e9ralisme social progressiste pr\u00f4n\u00e9 par D\u00e9FI et le social-lib\u00e9ralisme moderniste port\u00e9 par le <mark style=\"background-color:rgba(0, 0, 0, 0);color:#ff6900\" class=\"has-inline-color\">MDM<\/mark> partagent des racines dans la tradition lib\u00e9rale, mais ils se distinguent par leur approche, leur emphase et leur vision politique.<\/p>\n\n\n\n<p class=\"wp-block-paragraph\"><strong>Lib\u00e9ralisme social progressiste de D\u00e9FI<\/strong><\/p>\n\n\n\n<p class=\"wp-block-paragraph\">D\u00e9FI se d\u00e9finit comme un parti de lib\u00e9ralisme social ancr\u00e9 au centre de l\u2019\u00e9chiquier politique, avec une posture clairement progressiste sur les valeurs. Ce lib\u00e9ralisme social conjugue l\u2019\u00e9conomie de march\u00e9 avec un objectif fort de justice sociale, transition \u00e9cologique et \u00e9mancipation. Le parti consid\u00e8re que l\u2019\u00c9tat doit jouer un r\u00f4le dans la r\u00e9gulation de l\u2019\u00e9conomie afin d\u2019assurer une redistribution juste des richesses et prot\u00e9ger les plus vuln\u00e9rables, tout en garantissant les libert\u00e9s individuelles. Leur approche est centr\u00e9e sur une soci\u00e9t\u00e9 inclusive, la la\u00efcit\u00e9, la solidarit\u00e9, et un \u00c9tat fort f\u00e9d\u00e9raliste pour prot\u00e9ger les minorit\u00e9s et assurer la coh\u00e9sion sociale. La r\u00e9ussite \u00e9conomique doit \u00eatre compatible avec l\u2019\u00e9quit\u00e9 sociale et la responsabilit\u00e9 environnementale.<\/p>\n\n\n\n<p class=\"wp-block-paragraph\">\u200b<\/p>\n\n\n\n<p class=\"wp-block-paragraph\"><strong>Social-lib\u00e9ralisme moderniste du <mark style=\"background-color:rgba(0, 0, 0, 0);color:#ff6900\" class=\"has-inline-color\">MDM<\/mark><\/strong><\/p>\n\n\n\n<p class=\"wp-block-paragraph\">Le <mark style=\"background-color:rgba(0, 0, 0, 0);color:#ff6900\" class=\"has-inline-color\">MDM<\/mark> promeut un social-lib\u00e9ralisme qu\u2019on pourrait qualifier de moderniste, combinant solidarit\u00e9 sociale et responsabilisation individuelle. Il se veut une droite sociale pragmatique et innovante, qui cherche \u00e0 r\u00e9concilier les valeurs traditionnelles avec les d\u00e9fis contemporains. Le social-lib\u00e9ralisme du <mark style=\"background-color:rgba(0, 0, 0, 0);color:#ff6900\" class=\"has-inline-color\">MDM<\/mark> met l\u2019accent sur des r\u00e9formes sociales modernisatrices, un \u00c9tat-providence adapt\u00e9 et efficace, et la lutte contre les abus sociaux (fraude, assistanat). Le <mark style=\"background-color:rgba(0, 0, 0, 0);color:#ff6900\" class=\"has-inline-color\">MDM<\/mark> valorise la libert\u00e9 d\u2019entreprendre mais associe cette libert\u00e9 \u00e0 une exigence de responsabilit\u00e9 et \u00e0 une r\u00e9forme des institutions publiques pour plus de dynamisme social et \u00e9conomique. L&rsquo;approche est marqu\u00e9e par un \u00e9quilibre entre soutien aux plus fragiles et exigences envers les b\u00e9n\u00e9ficiaires des aides.<\/p>\n\n\n\n<p class=\"wp-block-paragraph\">\u200b<\/p>\n\n\n\n<p class=\"wp-block-paragraph\"><strong>Diff\u00e9rences cl\u00e9s<\/strong><\/p>\n\n\n\n<ul class=\"wp-block-list\">\n<li>Le lib\u00e9ralisme social progressiste de D\u00e9FI est plus centr\u00e9 sur une vision inclusive, progressiste et r\u00e9gulatrice de l\u2019\u00e9conomie, avec une forte insistance sur l\u2019\u00c9tat comme garant de la justice sociale, \u00e9cologique et du vivre-ensemble.<\/li>\n\n\n\n<li>Le social-lib\u00e9ralisme moderniste du <mark style=\"background-color:rgba(0, 0, 0, 0);color:#ff6900\" class=\"has-inline-color\">MDM<\/mark> insiste davantage sur la modernisation des institutions, la responsabilisation des citoyens, et un \u00e9quilibre pragmatique entre soutien social et incitation \u00e0 l\u2019effort individuel, dans une perspective de droite sociale renouvel\u00e9e.<\/li>\n<\/ul>\n\n\n\n<p class=\"wp-block-paragraph\">En conclusion, alors que D\u00e9FI incarne un lib\u00e9ralisme social progressiste centr\u00e9 sur la justice sociale et la r\u00e9gulation forte avec une tonalit\u00e9 de centre-gauche, le <mark style=\"background-color:rgba(0, 0, 0, 0);color:#ff6900\" class=\"has-inline-color\">MDM<\/mark> d\u00e9fend un social-lib\u00e9ralisme moderniste, \u00e0 droite, cherchant \u00e0 concilier solidarit\u00e9 et exigence, tradition et r\u00e9forme, dans une vision pragmatique et renouvel\u00e9e de la droite sociale.<\/p>\n\n\n\n<p class=\"wp-block-paragraph\"><\/p>\n","protected":false},"excerpt":{"rendered":"<p>Le lib\u00e9ralisme social progressiste pr\u00f4n\u00e9 par D\u00e9FI et le social-lib\u00e9ralisme moderniste port\u00e9 par le MDM partagent des racines dans la tradition lib\u00e9rale, mais ils se distinguent par leur approche, leur emphase et leur vision politique. Lib\u00e9ralisme social progressiste de D\u00e9FI D\u00e9FI se d\u00e9finit comme un parti de lib\u00e9ralisme social ancr\u00e9 au centre de l\u2019\u00e9chiquier politique, [&hellip;]<\/p>\n","protected":false},"author":1,"featured_media":0,"comment_status":"open","ping_status":"open","sticky":false,"template":"","format":"standard","meta":{"_monsterinsights_skip_tracking":false,"_uf_show_specific_survey":0,"_uf_disable_surveys":false,"footnotes":""},"categories":[24,34,10],"tags":[],"class_list":["post-2032","post","type-post","status-publish","format-standard","hentry","category-justice-sociale","category-mouvement-droite-moderniste","category-securite-sociale"],"_links":{"self":[{"href":"https:\/\/droitemoderniste.be\/index.php\/wp-json\/wp\/v2\/posts\/2032","targetHints":{"allow":["GET"]}}],"collection":[{"href":"https:\/\/droitemoderniste.be\/index.php\/wp-json\/wp\/v2\/posts"}],"about":[{"href":"https:\/\/droitemoderniste.be\/index.php\/wp-json\/wp\/v2\/types\/post"}],"author":[{"embeddable":true,"href":"https:\/\/droitemoderniste.be\/index.php\/wp-json\/wp\/v2\/users\/1"}],"replies":[{"embeddable":true,"href":"https:\/\/droitemoderniste.be\/index.php\/wp-json\/wp\/v2\/comments?post=2032"}],"version-history":[{"count":1,"href":"https:\/\/droitemoderniste.be\/index.php\/wp-json\/wp\/v2\/posts\/2032\/revisions"}],"predecessor-version":[{"id":2034,"href":"https:\/\/droitemoderniste.be\/index.php\/wp-json\/wp\/v2\/posts\/2032\/revisions\/2034"}],"wp:attachment":[{"href":"https:\/\/droitemoderniste.be\/index.php\/wp-json\/wp\/v2\/media?parent=2032"}],"wp:term":[{"taxonomy":"category","embeddable":true,"href":"https:\/\/droitemoderniste.be\/index.php\/wp-json\/wp\/v2\/categories?post=2032"},{"taxonomy":"post_tag","embeddable":true,"href":"https:\/\/droitemoderniste.be\/index.php\/wp-json\/wp\/v2\/tags?post=2032"}],"curies":[{"name":"wp","href":"https:\/\/api.w.org\/{rel}","templated":true}]}}