{"id":2029,"date":"2025-11-15T10:45:00","date_gmt":"2025-11-15T09:45:00","guid":{"rendered":"https:\/\/droitemoderniste.be\/?p=2029"},"modified":"2025-11-15T10:45:00","modified_gmt":"2025-11-15T09:45:00","slug":"mdm-et-defi-ont-des-programmes-sociaux-distincts","status":"publish","type":"post","link":"https:\/\/droitemoderniste.be\/index.php\/2025\/11\/15\/mdm-et-defi-ont-des-programmes-sociaux-distincts\/","title":{"rendered":"MDM et D\u00e9FI ont des programmes sociaux distincts"},"content":{"rendered":"\n<figure class=\"wp-block-image size-full\"><img loading=\"lazy\" decoding=\"async\" width=\"313\" height=\"161\" src=\"https:\/\/droitemoderniste.be\/wp-content\/uploads\/2025\/11\/pauvres1.jpg\" alt=\"\" class=\"wp-image-2030\" srcset=\"https:\/\/droitemoderniste.be\/wp-content\/uploads\/2025\/11\/pauvres1.jpg 313w, https:\/\/droitemoderniste.be\/wp-content\/uploads\/2025\/11\/pauvres1-300x154.jpg 300w\" sizes=\"auto, (max-width: 313px) 100vw, 313px\" \/><\/figure>\n\n\n\n<p class=\"wp-block-paragraph\"><mark style=\"background-color:rgba(0, 0, 0, 0);color:#ff6900\" class=\"has-inline-color\">MDM<\/mark> et D\u00e9FI partagent effectivement des priorit\u00e9s sociales communes, notamment la justice sociale et la lutte contre la pauvret\u00e9, mais leurs programmes sociaux pr\u00e9sentent des diff\u00e9rences notables.<\/p>\n\n\n\n<p class=\"wp-block-paragraph\"><strong>Programme social de D\u00e9FI<\/strong><\/p>\n\n\n\n<p class=\"wp-block-paragraph\">D\u00e9FI met l&rsquo;accent sur la justice sociale, climatique et fiscale, avec une volont\u00e9 de moderniser l&rsquo;\u00c9tat pour plus d&rsquo;efficacit\u00e9 et d&rsquo;\u00e9quit\u00e9. Le parti d\u00e9fend les droits des francophones et se concentre sur des mesures progressistes en mati\u00e8re de politique sociale, avec une attention particuli\u00e8re \u00e0 l&rsquo;inclusion sociale, la solidarit\u00e9, et le soutien aux plus vuln\u00e9rables. Le programme social de D\u00e9FI est articul\u00e9 autour d\u2019une approche centr\u00e9e sur la protection sociale renforc\u00e9e, les services publics, la fiscalit\u00e9 juste, et l&rsquo;adaptation aux d\u00e9fis climatiques.<\/p>\n\n\n\n<p class=\"wp-block-paragraph\">\u200b<\/p>\n\n\n\n<p class=\"wp-block-paragraph\"><strong>Programme social du <mark style=\"background-color:rgba(0, 0, 0, 0);color:#ff6900\" class=\"has-inline-color\">MDM<\/mark><\/strong><\/p>\n\n\n\n<p class=\"wp-block-paragraph\">Le <mark style=\"background-color:rgba(0, 0, 0, 0);color:#ff6900\" class=\"has-inline-color\">MDM<\/mark> maintient \u00e9galement un engagement fort pour les acquis sociaux, en particulier pour les plus d\u00e9munis. Cependant, il combine g\u00e9n\u00e9rosit\u00e9 sociale et s\u00e9v\u00e9rit\u00e9 contre les abus (fraudes aux allocations, etc.). Le <mark style=\"background-color:rgba(0, 0, 0, 0);color:#ff6900\" class=\"has-inline-color\">MDM<\/mark> pr\u00f4ne un syst\u00e8me o\u00f9 les ch\u00f4meurs doivent suivre des formations ou accepter des emplois jug\u00e9s convenables pour conserver leurs droits, avec des mesures d&rsquo;incitation \u00e0 l&#8217;emploi et \u00e0 la responsabilit\u00e9 individuelle. Le <mark style=\"background-color:rgba(0, 0, 0, 0);color:#ff6900\" class=\"has-inline-color\">MDM<\/mark> propose aussi une modernisation des pensions, un soutien cibl\u00e9 renforc\u00e9 aux m\u00e9nages vuln\u00e9rables et des aides pour la transition \u00e9cologique. Il valorise la diversification des revenus, l&rsquo;all\u00e8gement des cotisations sociales, et simplifie les d\u00e9marches administratives via des outils num\u00e9riques innovants.<\/p>\n\n\n\n<p class=\"wp-block-paragraph\">\u200b<\/p>\n\n\n\n<p class=\"wp-block-paragraph\"><strong>Distinction des programmes<\/strong><\/p>\n\n\n\n<ul class=\"wp-block-list\">\n<li>D\u00e9FI est plus ax\u00e9 sur la d\u00e9fense collective et renforc\u00e9e des droits sociaux avec une approche inclusive et progressiste.<\/li>\n\n\n\n<li>Le <mark style=\"background-color:rgba(0, 0, 0, 0);color:#ff6900\" class=\"has-inline-color\">MDM<\/mark> associe cette ambition sociale \u00e0 une logique de responsabilisation, de modernisation et de contr\u00f4le, avec un accent sur l&rsquo;efficacit\u00e9 et la lutte contre les abus, plus proche d&rsquo;une droite sociale moderne.<\/li>\n<\/ul>\n\n\n\n<p class=\"wp-block-paragraph\">En r\u00e9sum\u00e9, bien que les deux partagent des objectifs sociaux, D\u00e9FI adopte un programme social plus traditionnel et progressiste tandis que le <mark style=\"background-color:rgba(0, 0, 0, 0);color:#ff6900\" class=\"has-inline-color\">MDM<\/mark> propose une r\u00e9forme sociale moderniste m\u00ealant soutien et obligation, avec une vision plus pragmatique et responsabilisante.<\/p>\n\n\n\n<p class=\"wp-block-paragraph\"><\/p>\n","protected":false},"excerpt":{"rendered":"<p>MDM et D\u00e9FI partagent effectivement des priorit\u00e9s sociales communes, notamment la justice sociale et la lutte contre la pauvret\u00e9, mais leurs programmes sociaux pr\u00e9sentent des diff\u00e9rences notables. Programme social de D\u00e9FI D\u00e9FI met l&rsquo;accent sur la justice sociale, climatique et fiscale, avec une volont\u00e9 de moderniser l&rsquo;\u00c9tat pour plus d&rsquo;efficacit\u00e9 et d&rsquo;\u00e9quit\u00e9. Le parti d\u00e9fend [&hellip;]<\/p>\n","protected":false},"author":1,"featured_media":0,"comment_status":"open","ping_status":"open","sticky":false,"template":"","format":"standard","meta":{"_monsterinsights_skip_tracking":false,"_uf_show_specific_survey":0,"_uf_disable_surveys":false,"footnotes":""},"categories":[34,10],"tags":[],"class_list":["post-2029","post","type-post","status-publish","format-standard","hentry","category-mouvement-droite-moderniste","category-securite-sociale"],"_links":{"self":[{"href":"https:\/\/droitemoderniste.be\/index.php\/wp-json\/wp\/v2\/posts\/2029","targetHints":{"allow":["GET"]}}],"collection":[{"href":"https:\/\/droitemoderniste.be\/index.php\/wp-json\/wp\/v2\/posts"}],"about":[{"href":"https:\/\/droitemoderniste.be\/index.php\/wp-json\/wp\/v2\/types\/post"}],"author":[{"embeddable":true,"href":"https:\/\/droitemoderniste.be\/index.php\/wp-json\/wp\/v2\/users\/1"}],"replies":[{"embeddable":true,"href":"https:\/\/droitemoderniste.be\/index.php\/wp-json\/wp\/v2\/comments?post=2029"}],"version-history":[{"count":1,"href":"https:\/\/droitemoderniste.be\/index.php\/wp-json\/wp\/v2\/posts\/2029\/revisions"}],"predecessor-version":[{"id":2031,"href":"https:\/\/droitemoderniste.be\/index.php\/wp-json\/wp\/v2\/posts\/2029\/revisions\/2031"}],"wp:attachment":[{"href":"https:\/\/droitemoderniste.be\/index.php\/wp-json\/wp\/v2\/media?parent=2029"}],"wp:term":[{"taxonomy":"category","embeddable":true,"href":"https:\/\/droitemoderniste.be\/index.php\/wp-json\/wp\/v2\/categories?post=2029"},{"taxonomy":"post_tag","embeddable":true,"href":"https:\/\/droitemoderniste.be\/index.php\/wp-json\/wp\/v2\/tags?post=2029"}],"curies":[{"name":"wp","href":"https:\/\/api.w.org\/{rel}","templated":true}]}}