{"id":2026,"date":"2025-11-14T10:09:49","date_gmt":"2025-11-14T09:09:49","guid":{"rendered":"https:\/\/droitemoderniste.be\/?p=2026"},"modified":"2025-11-14T10:09:49","modified_gmt":"2025-11-14T09:09:49","slug":"nous-nous-adressons-aux-orphelins-politiques","status":"publish","type":"post","link":"https:\/\/droitemoderniste.be\/index.php\/2025\/11\/14\/nous-nous-adressons-aux-orphelins-politiques\/","title":{"rendered":"Nous nous adressons aux orphelins politiques"},"content":{"rendered":"\n<figure class=\"wp-block-image size-full\"><img loading=\"lazy\" decoding=\"async\" width=\"275\" height=\"183\" src=\"https:\/\/droitemoderniste.be\/wp-content\/uploads\/2025\/11\/peupleb2.jpg\" alt=\"\" class=\"wp-image-2027\"\/><\/figure>\n\n\n\n<p class=\"wp-block-paragraph\">Les \u00ab\u00a0<strong>abstentionnistes<\/strong>\u00a0\u00bb constituent en r\u00e9alit\u00e9 <strong>l\u2019un des c\u0153urs de cible naturels du <mark style=\"background-color:rgba(0, 0, 0, 0);color:#ff6900\" class=\"has-inline-color\">Mouvement Droite Moderniste (MDM)<\/mark><\/strong>, pour plusieurs raisons :<\/p>\n\n\n\n<hr class=\"wp-block-separator has-alpha-channel-opacity\"\/>\n\n\n\n<h6 class=\"wp-block-heading\">1. <strong>Un \u00e9lectorat d\u00e9sabus\u00e9, en qu\u00eate de sens<\/strong><\/h6>\n\n\n\n<p class=\"wp-block-paragraph\">Beaucoup d\u2019abstentionnistes ne sont pas apolitiques : ils sont <strong>d\u00e9\u00e7us<\/strong> ou <strong>fatigu\u00e9s<\/strong> des partis traditionnels.<br>Leur abstention est souvent une <strong>forme de protestation silencieuse<\/strong>, non contre la d\u00e9mocratie, mais contre une offre politique jug\u00e9e <strong>vieillissante, cliv\u00e9e ou d\u00e9connect\u00e9e<\/strong>.<br>Le <mark style=\"background-color:rgba(0, 0, 0, 0);color:#ff6900\" class=\"has-inline-color\">MDM<\/mark>, avec sa promesse de <strong>modernisme, d\u2019\u00e9thique et de r\u00e9alisme<\/strong>, peut <strong>r\u00e9enchanter l\u2019engagement civique<\/strong> en redonnant du sens au vote.<\/p>\n\n\n\n<hr class=\"wp-block-separator has-alpha-channel-opacity\"\/>\n\n\n\n<h6 class=\"wp-block-heading\">2. <strong>Une r\u00e9ponse \u00e0 la fracture entre le peuple et la politique<\/strong><\/h6>\n\n\n\n<p class=\"wp-block-paragraph\">Le <mark style=\"background-color:rgba(0, 0, 0, 0);color:#ff6900\" class=\"has-inline-color\">MDM<\/mark>, en assumant une <strong>droite humaniste et moderne<\/strong>, se positionne comme un <strong>pont<\/strong> entre les citoyens et la politique.<br>Son discours centr\u00e9 sur la <strong>responsabilit\u00e9 individuelle<\/strong>, la <strong>justice sociale<\/strong>, la <strong>protection du vivant<\/strong> et le <strong>souverainisme \u00e9clair\u00e9<\/strong> peut s\u00e9duire ceux qui rejettent :<\/p>\n\n\n\n<ul class=\"wp-block-list\">\n<li>le populisme,<\/li>\n\n\n\n<li>le cynisme technocratique,<\/li>\n\n\n\n<li>ou la moralisation condescendante du d\u00e9bat public.<\/li>\n<\/ul>\n\n\n\n<hr class=\"wp-block-separator has-alpha-channel-opacity\"\/>\n\n\n\n<h6 class=\"wp-block-heading\">3. <strong>Une offre politique nouvelle et apais\u00e9e<\/strong><\/h6>\n\n\n\n<p class=\"wp-block-paragraph\">Le <mark style=\"background-color:rgba(0, 0, 0, 0);color:#ff6900\" class=\"has-inline-color\">MDM<\/mark> ne cherche pas \u00e0 \u201cr\u00e9activer\u201d les abstentionnistes par la peur ou la col\u00e8re, mais par une <strong>offre apais\u00e9e, constructive et tourn\u00e9e vers l\u2019avenir<\/strong>.<br>C\u2019est une strat\u00e9gie qui peut <strong>mobiliser les citoyens pragmatiques<\/strong>, ceux qui se sentent <strong>orphelins politiquement<\/strong>.<\/p>\n\n\n\n<hr class=\"wp-block-separator has-alpha-channel-opacity\"\/>\n\n\n\n<h6 class=\"wp-block-heading\">4. <strong>Un potentiel \u00e9lectoral majeur<\/strong><\/h6>\n\n\n\n<p class=\"wp-block-paragraph\">En Belgique, <strong>l\u2019abstentionnisme cro\u00eet lentement<\/strong> (malgr\u00e9 le vote obligatoire), notamment chez :<\/p>\n\n\n\n<ul class=\"wp-block-list\">\n<li>les jeunes,<\/li>\n\n\n\n<li>les classes moyennes,<\/li>\n\n\n\n<li>et les \u00e9lecteurs urbains d\u00e9senchant\u00e9s.<\/li>\n<\/ul>\n\n\n\n<p class=\"wp-block-paragraph\">C\u2019est <strong>un vivier \u00e9lectoral<\/strong> (1,4 million d&rsquo;\u00e9lecteurs potentiels) pour un mouvement qui parle d\u2019avenir, de progr\u00e8s \u00e9thique et de fiert\u00e9 nationale sans repli.<\/p>\n\n\n\n<hr class=\"wp-block-separator has-alpha-channel-opacity\"\/>\n\n\n\n<h6 class=\"wp-block-heading\">En r\u00e9sum\u00e9 :<\/h6>\n\n\n\n<p class=\"wp-block-paragraph\">Le <mark style=\"background-color:rgba(0, 0, 0, 0);color:#ff6900\" class=\"has-inline-color\">MDM<\/mark> peut et doit se positionner comme <strong>le mouvement du retour au vote utile et r\u00e9fl\u00e9chi<\/strong>, celui qui redonne <strong>envie de croire \u00e0 la politique<\/strong>.<\/p>\n\n\n\n<p class=\"wp-block-paragraph\"><\/p>\n","protected":false},"excerpt":{"rendered":"<p>Les \u00ab\u00a0abstentionnistes\u00a0\u00bb constituent en r\u00e9alit\u00e9 l\u2019un des c\u0153urs de cible naturels du Mouvement Droite Moderniste (MDM), pour plusieurs raisons : 1. Un \u00e9lectorat d\u00e9sabus\u00e9, en qu\u00eate de sens Beaucoup d\u2019abstentionnistes ne sont pas apolitiques : ils sont d\u00e9\u00e7us ou fatigu\u00e9s des partis traditionnels.Leur abstention est souvent une forme de protestation silencieuse, non contre la d\u00e9mocratie, [&hellip;]<\/p>\n","protected":false},"author":1,"featured_media":0,"comment_status":"open","ping_status":"open","sticky":false,"template":"","format":"standard","meta":{"_monsterinsights_skip_tracking":false,"_uf_show_specific_survey":0,"_uf_disable_surveys":false,"footnotes":""},"categories":[38,34],"tags":[],"class_list":["post-2026","post","type-post","status-publish","format-standard","hentry","category-elections","category-mouvement-droite-moderniste"],"_links":{"self":[{"href":"https:\/\/droitemoderniste.be\/index.php\/wp-json\/wp\/v2\/posts\/2026","targetHints":{"allow":["GET"]}}],"collection":[{"href":"https:\/\/droitemoderniste.be\/index.php\/wp-json\/wp\/v2\/posts"}],"about":[{"href":"https:\/\/droitemoderniste.be\/index.php\/wp-json\/wp\/v2\/types\/post"}],"author":[{"embeddable":true,"href":"https:\/\/droitemoderniste.be\/index.php\/wp-json\/wp\/v2\/users\/1"}],"replies":[{"embeddable":true,"href":"https:\/\/droitemoderniste.be\/index.php\/wp-json\/wp\/v2\/comments?post=2026"}],"version-history":[{"count":1,"href":"https:\/\/droitemoderniste.be\/index.php\/wp-json\/wp\/v2\/posts\/2026\/revisions"}],"predecessor-version":[{"id":2028,"href":"https:\/\/droitemoderniste.be\/index.php\/wp-json\/wp\/v2\/posts\/2026\/revisions\/2028"}],"wp:attachment":[{"href":"https:\/\/droitemoderniste.be\/index.php\/wp-json\/wp\/v2\/media?parent=2026"}],"wp:term":[{"taxonomy":"category","embeddable":true,"href":"https:\/\/droitemoderniste.be\/index.php\/wp-json\/wp\/v2\/categories?post=2026"},{"taxonomy":"post_tag","embeddable":true,"href":"https:\/\/droitemoderniste.be\/index.php\/wp-json\/wp\/v2\/tags?post=2026"}],"curies":[{"name":"wp","href":"https:\/\/api.w.org\/{rel}","templated":true}]}}