{"id":2023,"date":"2025-11-13T09:54:15","date_gmt":"2025-11-13T08:54:15","guid":{"rendered":"https:\/\/droitemoderniste.be\/?p=2023"},"modified":"2025-11-13T09:54:15","modified_gmt":"2025-11-13T08:54:15","slug":"nous-ne-serons-plus-les-oublies","status":"publish","type":"post","link":"https:\/\/droitemoderniste.be\/index.php\/2025\/11\/13\/nous-ne-serons-plus-les-oublies\/","title":{"rendered":"\u00ab\u00a0Nous ne serons plus les oubli\u00e9s\u00a0\u00bb"},"content":{"rendered":"\n<figure class=\"wp-block-image size-full\"><img loading=\"lazy\" decoding=\"async\" width=\"768\" height=\"512\" src=\"https:\/\/droitemoderniste.be\/wp-content\/uploads\/2025\/11\/colere2.jpg\" alt=\"\" class=\"wp-image-2024\" srcset=\"https:\/\/droitemoderniste.be\/wp-content\/uploads\/2025\/11\/colere2.jpg 768w, https:\/\/droitemoderniste.be\/wp-content\/uploads\/2025\/11\/colere2-300x200.jpg 300w\" sizes=\"auto, (max-width: 768px) 100vw, 768px\" \/><\/figure>\n\n\n\n<p class=\"wp-block-paragraph\">Belgique,<br>Peuple de travailleurs, de m\u00e8res courage, de p\u00e8res debout,<br>de jeunes qui veulent une chance,<br>de retrait\u00e9s qui ont donn\u00e9 leur vie au pays \u2014<\/p>\n\n\n\n<p class=\"wp-block-paragraph\">Assez.<br><strong>Assez d\u2019\u00eatre les oubli\u00e9s.<\/strong><\/p>\n\n\n\n<p class=\"wp-block-paragraph\">Pendant que certains donnent des le\u00e7ons,<br>c\u2019est vous qui tenez ce pays debout.<br>Pendant que les \u00e9lites parlent,<br>c\u2019est vous qui produisez, qui soignez, qui transportez, qui r\u00e9parez, qui \u00e9duquez.<\/p>\n\n\n\n<p class=\"wp-block-paragraph\">Et pourtant, qui pense vraiment \u00e0 vous ?<br>Qui vous \u00e9coute ?<br>Qui vous prot\u00e8ge ?<\/p>\n\n\n\n<p class=\"wp-block-paragraph\">Nous, <mark style=\"background-color:rgba(0, 0, 0, 0);color:#ff6900\" class=\"has-inline-color\">Mouvement Droite Moderniste<\/mark>, nous disons :<br><strong>le temps de la r\u00e9signation est termin\u00e9.<\/strong><\/p>\n\n\n\n<hr class=\"wp-block-separator has-alpha-channel-opacity\"\/>\n\n\n\n<h6 class=\"wp-block-heading\"><em>Respect pour ceux qui se l\u00e8vent t\u00f4t<\/em><\/h6>\n\n\n\n<p class=\"wp-block-paragraph\">Le travail doit payer. Point final.<\/p>\n\n\n\n<ul class=\"wp-block-list\">\n<li>Augmentation du salaire net des travailleurs<\/li>\n\n\n\n<li>Charges all\u00e9g\u00e9es sur les petits et moyens salaires<\/li>\n\n\n\n<li>Prime moderniste pour celles et ceux qui bossent<\/li>\n\n\n\n<li>Relocalisation d\u2019emplois ici, pas \u00e0 l\u2019autre bout du monde<\/li>\n<\/ul>\n\n\n\n<p class=\"wp-block-paragraph\">On ne veut pas d\u00e9pendre des autres.<br>On veut vivre de notre travail, <strong>chez nous<\/strong>.<\/p>\n\n\n\n<hr class=\"wp-block-separator has-alpha-channel-opacity\"\/>\n\n\n\n<h6 class=\"wp-block-heading\"><em>Solidarit\u00e9 pour les n\u00f4tres \u2014 pas pour les profiteurs<\/em><\/h6>\n\n\n\n<p class=\"wp-block-paragraph\">Solidarit\u00e9, oui.<br>Pigeon, non.<\/p>\n\n\n\n<ul class=\"wp-block-list\">\n<li>S\u00e9curit\u00e9 sociale renforc\u00e9e pour ceux qui cotisent<\/li>\n\n\n\n<li>Contr\u00f4le strict contre fraude et abus<\/li>\n\n\n\n<li>Priorit\u00e9 d\u2019acc\u00e8s au logement et aux aides pour les citoyens qui ont contribu\u00e9<\/li>\n\n\n\n<li>Pensions dignes pour nos anciens<\/li>\n<\/ul>\n\n\n\n<p class=\"wp-block-paragraph\">On prot\u00e8ge <strong>les n\u00f4tres d\u2019abord<\/strong>, ceux qui donnent, qui paient, qui participent.<\/p>\n\n\n\n<hr class=\"wp-block-separator has-alpha-channel-opacity\"\/>\n\n\n\n<h6 class=\"wp-block-heading\"><em>S\u00e9curit\u00e9, ordre, respect<\/em><\/h6>\n\n\n\n<p class=\"wp-block-paragraph\">Les quartiers populaires ont \u00e9t\u00e9 trop longtemps abandonn\u00e9s.<\/p>\n\n\n\n<ul class=\"wp-block-list\">\n<li>Police sur le terrain, pas dans les bureaux<\/li>\n\n\n\n<li>Tol\u00e9rance z\u00e9ro pour les dealers, gangs, violences<\/li>\n\n\n\n<li>Pas de zones de non-droit en Belgique<\/li>\n\n\n\n<li>Justice rapide, sanctions r\u00e9elles<\/li>\n<\/ul>\n\n\n\n<p class=\"wp-block-paragraph\"><strong>La libert\u00e9 commence par la s\u00e9curit\u00e9.<\/strong><br>Ceux qui terrorisent nos rues n\u2019auront plus d\u2019excuses. Ni d\u2019impunit\u00e9.<\/p>\n\n\n\n<hr class=\"wp-block-separator has-alpha-channel-opacity\"\/>\n\n\n\n<h6 class=\"wp-block-heading\"><em>Ma\u00eetriser nos fronti\u00e8res, nos choix, notre avenir<\/em><\/h6>\n\n\n\n<p class=\"wp-block-paragraph\">La Belgique doit rester <strong>ma\u00eetresse chez elle<\/strong>.<\/p>\n\n\n\n<ul class=\"wp-block-list\">\n<li>Migration choisie, limit\u00e9e, ma\u00eetris\u00e9e<\/li>\n\n\n\n<li>Fin du laxisme bureaucratique<\/li>\n\n\n\n<li>Pr\u00e9f\u00e9rence nationale dans les march\u00e9s publics et les logements sociaux<\/li>\n\n\n\n<li>Production belge r\u00e9industrialis\u00e9e<\/li>\n<\/ul>\n\n\n\n<p class=\"wp-block-paragraph\">Ce n\u2019est pas \u00eatre contre les autres.<br>C\u2019est \u00eatre <strong>pour nous-m\u00eames<\/strong>, enfin.<\/p>\n\n\n\n<hr class=\"wp-block-separator has-alpha-channel-opacity\"\/>\n\n\n\n<h6 class=\"wp-block-heading\"><em>Pour les familles. Pour les travailleurs. Pour le peuple.<\/em><\/h6>\n\n\n\n<p class=\"wp-block-paragraph\">Nous sommes le mouvement de ceux qui bossent, qui se battent,<br>qui veulent juste vivre dignement.<\/p>\n\n\n\n<p class=\"wp-block-paragraph\">Nous ne demandons pas des privil\u00e8ges.<br>Nous exigeons <strong>justice, respect, dignit\u00e9<\/strong>.<\/p>\n\n\n\n<p class=\"wp-block-paragraph\">Ceux qui ont tenu ce pays pendant les crises,<br>ceux qui n\u2019ont jamais l\u00e2ch\u00e9 \u2014<br><strong>ce sont vous.<\/strong><\/p>\n\n\n\n<p class=\"wp-block-paragraph\"><strong><mark style=\"background-color:rgba(0, 0, 0, 0);color:#ff6900\" class=\"has-inline-color\">Racines fortes, regard neuf.<\/mark><\/strong><\/p>\n\n\n\n<p class=\"wp-block-paragraph\">La Belgique n&rsquo;appartient pas aux technocrates.<br>Elle appartient \u00e0 son peuple.<\/p>\n\n\n\n<p class=\"wp-block-paragraph\"><strong>Et nous allons la reprendre ensemble.<\/strong><\/p>\n\n\n\n<p class=\"wp-block-paragraph\"><\/p>\n","protected":false},"excerpt":{"rendered":"<p>Belgique,Peuple de travailleurs, de m\u00e8res courage, de p\u00e8res debout,de jeunes qui veulent une chance,de retrait\u00e9s qui ont donn\u00e9 leur vie au pays \u2014 Assez.Assez d\u2019\u00eatre les oubli\u00e9s. Pendant que certains donnent des le\u00e7ons,c\u2019est vous qui tenez ce pays debout.Pendant que les \u00e9lites parlent,c\u2019est vous qui produisez, qui soignez, qui transportez, qui r\u00e9parez, qui \u00e9duquez. Et [&hellip;]<\/p>\n","protected":false},"author":1,"featured_media":0,"comment_status":"open","ping_status":"open","sticky":false,"template":"","format":"standard","meta":{"_monsterinsights_skip_tracking":false,"_uf_show_specific_survey":0,"_uf_disable_surveys":false,"footnotes":""},"categories":[34,10],"tags":[],"class_list":["post-2023","post","type-post","status-publish","format-standard","hentry","category-mouvement-droite-moderniste","category-securite-sociale"],"_links":{"self":[{"href":"https:\/\/droitemoderniste.be\/index.php\/wp-json\/wp\/v2\/posts\/2023","targetHints":{"allow":["GET"]}}],"collection":[{"href":"https:\/\/droitemoderniste.be\/index.php\/wp-json\/wp\/v2\/posts"}],"about":[{"href":"https:\/\/droitemoderniste.be\/index.php\/wp-json\/wp\/v2\/types\/post"}],"author":[{"embeddable":true,"href":"https:\/\/droitemoderniste.be\/index.php\/wp-json\/wp\/v2\/users\/1"}],"replies":[{"embeddable":true,"href":"https:\/\/droitemoderniste.be\/index.php\/wp-json\/wp\/v2\/comments?post=2023"}],"version-history":[{"count":1,"href":"https:\/\/droitemoderniste.be\/index.php\/wp-json\/wp\/v2\/posts\/2023\/revisions"}],"predecessor-version":[{"id":2025,"href":"https:\/\/droitemoderniste.be\/index.php\/wp-json\/wp\/v2\/posts\/2023\/revisions\/2025"}],"wp:attachment":[{"href":"https:\/\/droitemoderniste.be\/index.php\/wp-json\/wp\/v2\/media?parent=2023"}],"wp:term":[{"taxonomy":"category","embeddable":true,"href":"https:\/\/droitemoderniste.be\/index.php\/wp-json\/wp\/v2\/categories?post=2023"},{"taxonomy":"post_tag","embeddable":true,"href":"https:\/\/droitemoderniste.be\/index.php\/wp-json\/wp\/v2\/tags?post=2023"}],"curies":[{"name":"wp","href":"https:\/\/api.w.org\/{rel}","templated":true}]}}