{"id":2020,"date":"2025-11-11T10:44:14","date_gmt":"2025-11-11T09:44:14","guid":{"rendered":"https:\/\/droitemoderniste.be\/?p=2020"},"modified":"2025-11-11T10:44:14","modified_gmt":"2025-11-11T09:44:14","slug":"immigration-ecole-et-cohesion-nationale","status":"publish","type":"post","link":"https:\/\/droitemoderniste.be\/index.php\/2025\/11\/11\/immigration-ecole-et-cohesion-nationale\/","title":{"rendered":"Immigration, \u00e9cole et coh\u00e9sion nationale"},"content":{"rendered":"\n<figure class=\"wp-block-image size-full\"><img loading=\"lazy\" decoding=\"async\" width=\"300\" height=\"168\" src=\"https:\/\/droitemoderniste.be\/wp-content\/uploads\/2025\/11\/ecole1.jpg\" alt=\"\" class=\"wp-image-2021\"\/><\/figure>\n\n\n\n<h6 class=\"wp-block-heading\"><strong>\u00ab Une \u00e9cole, une nation \u00bb<\/strong><\/h6>\n\n\n\n<h6 class=\"wp-block-heading\">Vision du <mark style=\"background-color:rgba(0, 0, 0, 0);color:#ff6900\" class=\"has-inline-color\">MDM<\/mark><\/h6>\n\n\n\n<p class=\"wp-block-paragraph\">Le <mark style=\"background-color:rgba(0, 0, 0, 0);color:#ff6900\" class=\"has-inline-color\">Mouvement Droite Moderniste<\/mark> affirme que <strong>l\u2019\u00e9cole est la colonne vert\u00e9brale de la nation<\/strong>.<br>Quand l\u2019\u00e9cole vacille, c\u2019est tout le corps social qui s\u2019affaiblit.<br>Face \u00e0 la baisse continue du niveau scolaire en Belgique, il est temps de dire la v\u00e9rit\u00e9 : <strong>le probl\u00e8me n\u2019est pas l\u2019\u00e9l\u00e8ve, mais le syst\u00e8me<\/strong>.<br>Une immigration non ma\u00eetris\u00e9e, une int\u00e9gration linguistique d\u00e9faillante et un laxisme \u00e9ducatif g\u00e9n\u00e9ralis\u00e9 ont conduit \u00e0 un <strong>affaiblissement du niveau d\u2019exigence<\/strong>, au d\u00e9triment de tous les enfants.<\/p>\n\n\n\n<p class=\"wp-block-paragraph\">L\u2019\u00e9cole doit redevenir <strong>le lieu de l\u2019unit\u00e9 nationale<\/strong> : un espace o\u00f9 chaque enfant, qu\u2019il soit d\u2019origine belge ou non, apprend \u00e0 aimer, comprendre et servir le pays qui l\u2019accueille.<\/p>\n\n\n\n<hr class=\"wp-block-separator has-alpha-channel-opacity\"\/>\n\n\n\n<h6 class=\"wp-block-heading\">Les principes modernistes du <mark style=\"background-color:rgba(0, 0, 0, 0);color:#ff6900\" class=\"has-inline-color\">MDM<\/mark> pour l\u2019\u00e9cole<\/h6>\n\n\n\n<ul class=\"wp-block-list\">\n<li><strong>Ma\u00eetrise linguistique obligatoire<\/strong> avant l\u2019entr\u00e9e en primaire.<\/li>\n\n\n\n<li><strong>Contrat d\u2019int\u00e9gration civique<\/strong> pour les familles nouvellement install\u00e9es.<\/li>\n\n\n\n<li><strong>Mixit\u00e9 sociale encadr\u00e9e<\/strong> : fin des ghettos scolaires.<\/li>\n\n\n\n<li><strong>Restauration du m\u00e9rite, de l\u2019effort et de la discipline.<\/strong><\/li>\n\n\n\n<li><strong>\u00c9cole souveraine<\/strong> : adaptation des politiques migratoires \u00e0 la capacit\u00e9 d\u2019int\u00e9gration \u00e9ducative.<\/li>\n<\/ul>\n\n\n\n<hr class=\"wp-block-separator has-alpha-channel-opacity\"\/>\n\n\n\n<h6 class=\"wp-block-heading\"><strong>Encadr\u00e9 chiffr\u00e9 \u2013 L\u2019\u00e9cole belge face \u00e0 la r\u00e9alit\u00e9<\/strong><\/h6>\n\n\n\n<figure class=\"wp-block-table\"><table class=\"has-fixed-layout\"><thead><tr><th>Indicateur<\/th><th>Situation actuelle<\/th><th>Source<\/th><\/tr><\/thead><tbody><tr><td><strong>Classement PISA (lecture)<\/strong><\/td><td>32\u1d49 sur 81 pays<\/td><td>OCDE, 2022<\/td><\/tr><tr><td><strong>\u00c9l\u00e8ves issus de l\u2019immigration \u00e0 Bruxelles<\/strong><\/td><td>+55 %<\/td><td>Statbel, 2023<\/td><\/tr><tr><td><strong>Taux d\u2019\u00e9l\u00e8ves ma\u00eetrisant mal le fran\u00e7ais en 1\u02b3\u1d49 primaire \u00e0 Bruxelles<\/strong><\/td><td>Environ 40 %<\/td><td>FWB, 2023<\/td><\/tr><tr><td><strong>\u00c9cart moyen de performance entre \u00e9l\u00e8ves belges et d\u2019origine \u00e9trang\u00e8re<\/strong><\/td><td>-85 points PISA (\u2248 2 ann\u00e9es scolaires)<\/td><td>OCDE, 2022<\/td><\/tr><tr><td><strong>P\u00e9nurie d\u2019enseignants<\/strong><\/td><td>Plus de 8 000 postes vacants en 2024<\/td><td>FWB, 2024<\/td><\/tr><\/tbody><\/table><\/figure>\n","protected":false},"excerpt":{"rendered":"<p>\u00ab Une \u00e9cole, une nation \u00bb Vision du MDM Le Mouvement Droite Moderniste affirme que l\u2019\u00e9cole est la colonne vert\u00e9brale de la nation.Quand l\u2019\u00e9cole vacille, c\u2019est tout le corps social qui s\u2019affaiblit.Face \u00e0 la baisse continue du niveau scolaire en Belgique, il est temps de dire la v\u00e9rit\u00e9 : le probl\u00e8me n\u2019est pas l\u2019\u00e9l\u00e8ve, mais [&hellip;]<\/p>\n","protected":false},"author":1,"featured_media":0,"comment_status":"open","ping_status":"open","sticky":false,"template":"","format":"standard","meta":{"_monsterinsights_skip_tracking":false,"_uf_show_specific_survey":0,"_uf_disable_surveys":false,"footnotes":""},"categories":[37,1,34],"tags":[],"class_list":["post-2020","post","type-post","status-publish","format-standard","hentry","category-ecole","category-immigration","category-mouvement-droite-moderniste"],"_links":{"self":[{"href":"https:\/\/droitemoderniste.be\/index.php\/wp-json\/wp\/v2\/posts\/2020","targetHints":{"allow":["GET"]}}],"collection":[{"href":"https:\/\/droitemoderniste.be\/index.php\/wp-json\/wp\/v2\/posts"}],"about":[{"href":"https:\/\/droitemoderniste.be\/index.php\/wp-json\/wp\/v2\/types\/post"}],"author":[{"embeddable":true,"href":"https:\/\/droitemoderniste.be\/index.php\/wp-json\/wp\/v2\/users\/1"}],"replies":[{"embeddable":true,"href":"https:\/\/droitemoderniste.be\/index.php\/wp-json\/wp\/v2\/comments?post=2020"}],"version-history":[{"count":1,"href":"https:\/\/droitemoderniste.be\/index.php\/wp-json\/wp\/v2\/posts\/2020\/revisions"}],"predecessor-version":[{"id":2022,"href":"https:\/\/droitemoderniste.be\/index.php\/wp-json\/wp\/v2\/posts\/2020\/revisions\/2022"}],"wp:attachment":[{"href":"https:\/\/droitemoderniste.be\/index.php\/wp-json\/wp\/v2\/media?parent=2020"}],"wp:term":[{"taxonomy":"category","embeddable":true,"href":"https:\/\/droitemoderniste.be\/index.php\/wp-json\/wp\/v2\/categories?post=2020"},{"taxonomy":"post_tag","embeddable":true,"href":"https:\/\/droitemoderniste.be\/index.php\/wp-json\/wp\/v2\/tags?post=2020"}],"curies":[{"name":"wp","href":"https:\/\/api.w.org\/{rel}","templated":true}]}}