{"id":2016,"date":"2025-11-11T10:32:31","date_gmt":"2025-11-11T09:32:31","guid":{"rendered":"https:\/\/droitemoderniste.be\/?p=2016"},"modified":"2025-11-11T10:32:31","modified_gmt":"2025-11-11T09:32:31","slug":"limmigration-ce-tabou-dans-leffondrement-du-niveau-scolaire-en-belgique","status":"publish","type":"post","link":"https:\/\/droitemoderniste.be\/index.php\/2025\/11\/11\/limmigration-ce-tabou-dans-leffondrement-du-niveau-scolaire-en-belgique\/","title":{"rendered":"L&rsquo;immigration, ce tabou dans l&rsquo;effondrement du niveau scolaire en Belgique"},"content":{"rendered":"\n<figure class=\"wp-block-image size-full\"><img loading=\"lazy\" decoding=\"async\" width=\"302\" height=\"170\" src=\"https:\/\/droitemoderniste.be\/wp-content\/uploads\/2025\/11\/ecole-classe.jpg\" alt=\"\" class=\"wp-image-2018\" srcset=\"https:\/\/droitemoderniste.be\/wp-content\/uploads\/2025\/11\/ecole-classe.jpg 302w, https:\/\/droitemoderniste.be\/wp-content\/uploads\/2025\/11\/ecole-classe-300x169.jpg 300w\" sizes=\"auto, (max-width: 302px) 100vw, 302px\" \/><\/figure>\n\n\n\n<h5 class=\"wp-block-heading\">Analyse <mark style=\"background-color:rgba(0, 0, 0, 0);color:#ff6900\" class=\"has-inline-color\">MDM<\/mark> : Immigration et effondrement du niveau scolaire<\/h5>\n\n\n\n<h6 class=\"wp-block-heading\">1. <strong>Constat lucide : le syst\u00e8me scolaire belge en d\u00e9clin<\/strong><\/h6>\n\n\n\n<p class=\"wp-block-paragraph\">Le <mark style=\"background-color:rgba(0, 0, 0, 0);color:#ff6900\" class=\"has-inline-color\">Mouvement Droite Moderniste<\/mark> reconna\u00eet sans d\u00e9tour que <strong>le niveau scolaire belge s\u2019est affaibli<\/strong>.<br>Ce d\u00e9clin n\u2019est pas seulement une question de p\u00e9dagogie : il traduit <strong>une perte de rep\u00e8res<\/strong>, <strong>un affaiblissement de la culture de l\u2019effort<\/strong>, et <strong>une surcharge du syst\u00e8me \u00e9ducatif<\/strong>.<br>Les \u00e9valuations internationales (PISA, PIRLS, TIMSS) montrent une chute continue des comp\u00e9tences fondamentales \u2014 surtout dans les zones urbaines \u00e0 forte densit\u00e9 migratoire.<\/p>\n\n\n\n<hr class=\"wp-block-separator has-alpha-channel-opacity\"\/>\n\n\n\n<h6 class=\"wp-block-heading\">2. <strong>L\u2019immigration de masse comme facteur de d\u00e9s\u00e9quilibre, non comme cause unique<\/strong><\/h6>\n\n\n\n<p class=\"wp-block-paragraph\">Le <mark style=\"background-color:rgba(0, 0, 0, 0);color:#ff6900\" class=\"has-inline-color\">MDM<\/mark> distingue deux r\u00e9alit\u00e9s :<\/p>\n\n\n\n<ul class=\"wp-block-list\">\n<li>Une <strong>immigration raisonn\u00e9e<\/strong>, compatible avec l\u2019int\u00e9gration et les capacit\u00e9s \u00e9ducatives du pays.<\/li>\n\n\n\n<li>Une <strong>immigration massive et d\u00e9sordonn\u00e9e<\/strong>, qui exerce une pression disproportionn\u00e9e sur les \u00e9coles, les enseignants et les structures d\u2019accueil.<\/li>\n<\/ul>\n\n\n\n<p class=\"wp-block-paragraph\">Les \u00e9coles bruxelloises ou li\u00e9geoises, par exemple, doivent souvent <strong>enseigner \u00e0 des classes o\u00f9 plus de 30 nationalit\u00e9s coexistent<\/strong> et o\u00f9 <strong>le fran\u00e7ais n\u2019est pas ma\u00eetris\u00e9<\/strong> par une part importante des \u00e9l\u00e8ves.<br>Cette situation rend <strong>l\u2019enseignement homog\u00e8ne impossible<\/strong> et <strong>tire m\u00e9caniquement les r\u00e9sultats vers le bas<\/strong>, non par rejet des \u00e9l\u00e8ves \u00e9trangers, mais par <strong>saturation du syst\u00e8me d\u2019int\u00e9gration linguistique et culturelle<\/strong>.<\/p>\n\n\n\n<hr class=\"wp-block-separator has-alpha-channel-opacity\"\/>\n\n\n\n<h6 class=\"wp-block-heading\">3. <strong>L\u2019\u00e9chec n\u2019est pas celui des enfants, mais de la politique d\u2019int\u00e9gration<\/strong><\/h6>\n\n\n\n<p class=\"wp-block-paragraph\">Le <mark style=\"background-color:rgba(0, 0, 0, 0);color:#ff6900\" class=\"has-inline-color\">MDM<\/mark> refuse toute stigmatisation des \u00e9l\u00e8ves issus de l\u2019immigration.<br>Le v\u00e9ritable \u00e9chec est celui d\u2019un <strong>\u00c9tat laxiste et d\u00e9sorganis\u00e9<\/strong>, qui :<\/p>\n\n\n\n<ul class=\"wp-block-list\">\n<li>A laiss\u00e9 se d\u00e9velopper des <strong>flux migratoires sup\u00e9rieurs \u00e0 la capacit\u00e9 d\u2019int\u00e9gration r\u00e9elle<\/strong> des communes et des \u00e9coles.<\/li>\n\n\n\n<li>N\u2019a pas assur\u00e9 une <strong>ma\u00eetrise linguistique obligatoire avant l\u2019entr\u00e9e en primaire<\/strong>.<\/li>\n\n\n\n<li>A <strong>abandonn\u00e9 la mission d\u2019assimilation culturelle<\/strong> au profit d\u2019un relativisme qui fragmente la nation.<\/li>\n<\/ul>\n\n\n\n<p class=\"wp-block-paragraph\">Ainsi, <strong>ce n\u2019est pas l\u2019enfant immigr\u00e9 qui affaiblit l\u2019\u00e9cole<\/strong>, mais <strong>l\u2019\u00c9tat d\u00e9sarm\u00e9 qui affaiblit la nation \u00e9ducative<\/strong>.<\/p>\n\n\n\n<hr class=\"wp-block-separator has-alpha-channel-opacity\"\/>\n\n\n\n<h6 class=\"wp-block-heading\">4. <strong>La r\u00e9ponse moderniste : int\u00e9gration ferme et m\u00e9ritocratie<\/strong><\/h6>\n\n\n\n<p class=\"wp-block-paragraph\">Pour le <mark style=\"background-color:rgba(0, 0, 0, 0);color:#ff6900\" class=\"has-inline-color\">MDM<\/mark>, une droite moderne ne se contente pas de d\u00e9noncer : elle <strong>r\u00e9pare<\/strong>.<br>La solution n\u2019est ni l\u2019exclusion ni l\u2019ang\u00e9lisme, mais une <strong>int\u00e9gration exigeante<\/strong>, fond\u00e9e sur trois principes :<\/p>\n\n\n\n<ol class=\"wp-block-list\">\n<li><strong>Ma\u00eetrise linguistique pr\u00e9alable<\/strong> : tout \u00e9l\u00e8ve doit conna\u00eetre la langue d\u2019enseignement avant son int\u00e9gration scolaire.<\/li>\n\n\n\n<li><strong>Contrat d\u2019int\u00e9gration civique<\/strong> : les familles doivent adh\u00e9rer \u00e0 un socle de valeurs communes (la\u00efcit\u00e9, \u00e9galit\u00e9 hommes-femmes, respect de la loi, attachement \u00e0 la Belgique).<\/li>\n\n\n\n<li><strong>M\u00e9ritocratie restaur\u00e9e<\/strong> : retour de l\u2019effort, du m\u00e9rite, de la discipline et de l\u2019excellence acad\u00e9mique \u2014 valeurs que le <mark style=\"background-color:rgba(0, 0, 0, 0);color:#ff6900\" class=\"has-inline-color\">MDM<\/mark> consid\u00e8re comme le ciment d\u2019une soci\u00e9t\u00e9 juste et moderne.<\/li>\n<\/ol>\n\n\n\n<hr class=\"wp-block-separator has-alpha-channel-opacity\"\/>\n\n\n\n<h6 class=\"wp-block-heading\">5. <strong>R\u00e9affirmer la souverainet\u00e9 \u00e9ducative<\/strong><\/h6>\n\n\n\n<p class=\"wp-block-paragraph\">Le <mark style=\"background-color:rgba(0, 0, 0, 0);color:#ff6900\" class=\"has-inline-color\">MDM<\/mark> propose de replacer <strong>l\u2019\u00e9cole au c\u0153ur de la souverainet\u00e9 nationale<\/strong>.<br>Cela signifie :<\/p>\n\n\n\n<ul class=\"wp-block-list\">\n<li>Pouvoir <strong>fixer des quotas migratoires selon la capacit\u00e9 d\u2019int\u00e9gration \u00e9ducative<\/strong>.<\/li>\n\n\n\n<li>Redonner \u00e0 l\u2019\u00e9cole <strong>un r\u00f4le d\u2019assimilation civique<\/strong> : transmettre l\u2019histoire, la langue et la culture belge communes.<\/li>\n\n\n\n<li>Lutter contre le communautarisme qui fragmente la R\u00e9publique scolaire.<\/li>\n<\/ul>\n\n\n\n<p class=\"wp-block-paragraph\">L\u2019\u00e9cole doit redevenir <strong>le lieu de l\u2019unit\u00e9 nationale<\/strong>, non le miroir de la fragmentation sociale.<\/p>\n\n\n\n<hr class=\"wp-block-separator has-alpha-channel-opacity\"\/>\n\n\n\n<h6 class=\"wp-block-heading\"><mark style=\"background-color:rgba(0, 0, 0, 0);color:#000000\" class=\"has-inline-color\">6. <strong>En synth\u00e8se \u2013 Position <\/strong><\/mark><strong><mark style=\"background-color:rgba(0, 0, 0, 0);color:#ff6900\" class=\"has-inline-color\">MDM<\/mark><\/strong><\/h6>\n\n\n\n<figure class=\"wp-block-table\"><table class=\"has-fixed-layout\"><thead><tr><th>Dimension<\/th><th>Position du <mark style=\"background-color:rgba(0, 0, 0, 0);color:#ff6900\" class=\"has-inline-color\">MDM<\/mark><\/th><\/tr><\/thead><tbody><tr><td><strong>Constat<\/strong><\/td><td>Le niveau scolaire s\u2019effondre, notamment dans les zones \u00e0 forte immigration.<\/td><\/tr><tr><td><strong>Analyse<\/strong><\/td><td>Corr\u00e9lation r\u00e9elle, mais due \u00e0 la surcharge du syst\u00e8me, non \u00e0 une fatalit\u00e9 culturelle.<\/td><\/tr><tr><td><strong>Responsable<\/strong><\/td><td>L\u2019\u00c9tat laxiste et la politique migratoire d\u00e9sordonn\u00e9e, pas les enfants.<\/td><\/tr><tr><td><strong>Solution<\/strong><\/td><td>Int\u00e9gration ferme, ma\u00eetrise linguistique, exigence m\u00e9ritocratique et souverainet\u00e9 \u00e9ducative.<\/td><\/tr><tr><td><strong>Vision<\/strong><\/td><td>Une \u00e9cole forte, unie et moderne, au service d\u2019une Belgique s\u00fbre de son identit\u00e9.<\/td><\/tr><\/tbody><\/table><\/figure>\n","protected":false},"excerpt":{"rendered":"<p>Analyse MDM : Immigration et effondrement du niveau scolaire 1. Constat lucide : le syst\u00e8me scolaire belge en d\u00e9clin Le Mouvement Droite Moderniste reconna\u00eet sans d\u00e9tour que le niveau scolaire belge s\u2019est affaibli.Ce d\u00e9clin n\u2019est pas seulement une question de p\u00e9dagogie : il traduit une perte de rep\u00e8res, un affaiblissement de la culture de l\u2019effort, [&hellip;]<\/p>\n","protected":false},"author":1,"featured_media":0,"comment_status":"open","ping_status":"open","sticky":false,"template":"","format":"standard","meta":{"_monsterinsights_skip_tracking":false,"_uf_show_specific_survey":0,"_uf_disable_surveys":false,"footnotes":""},"categories":[37,1,16],"tags":[],"class_list":["post-2016","post","type-post","status-publish","format-standard","hentry","category-ecole","category-immigration","category-jeunes"],"_links":{"self":[{"href":"https:\/\/droitemoderniste.be\/index.php\/wp-json\/wp\/v2\/posts\/2016","targetHints":{"allow":["GET"]}}],"collection":[{"href":"https:\/\/droitemoderniste.be\/index.php\/wp-json\/wp\/v2\/posts"}],"about":[{"href":"https:\/\/droitemoderniste.be\/index.php\/wp-json\/wp\/v2\/types\/post"}],"author":[{"embeddable":true,"href":"https:\/\/droitemoderniste.be\/index.php\/wp-json\/wp\/v2\/users\/1"}],"replies":[{"embeddable":true,"href":"https:\/\/droitemoderniste.be\/index.php\/wp-json\/wp\/v2\/comments?post=2016"}],"version-history":[{"count":1,"href":"https:\/\/droitemoderniste.be\/index.php\/wp-json\/wp\/v2\/posts\/2016\/revisions"}],"predecessor-version":[{"id":2019,"href":"https:\/\/droitemoderniste.be\/index.php\/wp-json\/wp\/v2\/posts\/2016\/revisions\/2019"}],"wp:attachment":[{"href":"https:\/\/droitemoderniste.be\/index.php\/wp-json\/wp\/v2\/media?parent=2016"}],"wp:term":[{"taxonomy":"category","embeddable":true,"href":"https:\/\/droitemoderniste.be\/index.php\/wp-json\/wp\/v2\/categories?post=2016"},{"taxonomy":"post_tag","embeddable":true,"href":"https:\/\/droitemoderniste.be\/index.php\/wp-json\/wp\/v2\/tags?post=2016"}],"curies":[{"name":"wp","href":"https:\/\/api.w.org\/{rel}","templated":true}]}}