{"id":2013,"date":"2025-11-10T14:31:16","date_gmt":"2025-11-10T13:31:16","guid":{"rendered":"https:\/\/droitemoderniste.be\/?p=2013"},"modified":"2025-11-10T14:31:16","modified_gmt":"2025-11-10T13:31:16","slug":"lelectorat-le-plus-receptif-du-mdm","status":"publish","type":"post","link":"https:\/\/droitemoderniste.be\/index.php\/2025\/11\/10\/lelectorat-le-plus-receptif-du-mdm\/","title":{"rendered":"L&rsquo;\u00e9lectorat le plus r\u00e9ceptif du MDM"},"content":{"rendered":"\n<figure class=\"wp-block-image size-full\"><img loading=\"lazy\" decoding=\"async\" width=\"500\" height=\"316\" src=\"https:\/\/droitemoderniste.be\/wp-content\/uploads\/2025\/11\/muppets.png\" alt=\"\" class=\"wp-image-2014\" srcset=\"https:\/\/droitemoderniste.be\/wp-content\/uploads\/2025\/11\/muppets.png 500w, https:\/\/droitemoderniste.be\/wp-content\/uploads\/2025\/11\/muppets-300x190.png 300w\" sizes=\"auto, (max-width: 500px) 100vw, 500px\" \/><\/figure>\n\n\n\n<p class=\"wp-block-paragraph\">En tenant compte des positions du <strong><mark style=\"background-color:rgba(0, 0, 0, 0);color:#ff6900\" class=\"has-inline-color\">Mouvement Droite Moderniste (MDM)<\/mark><\/strong> \u2014 \u00e0 la fois <strong>anti-particrate<\/strong>, <strong>socialement protecteur<\/strong>, <strong>\u00e9conomiquement r\u00e9aliste<\/strong>, <strong>patriote civique<\/strong>, <strong>moderniste et d\u00e9mocrate<\/strong> \u2014, l\u2019\u00e9lectorat le plus r\u00e9ceptif peut \u00eatre d\u00e9fini comme un <strong>\u00e9lectorat de classe moyenne et populaire d\u00e9sabus\u00e9 du syst\u00e8me actuel<\/strong>, en qu\u00eate d\u2019une alternative cr\u00e9dible entre les partis traditionnels et les extr\u00eames.<\/p>\n\n\n\n<p class=\"wp-block-paragraph\">Voici une analyse d\u00e9taill\u00e9e par profil sociologique et psychologique :<\/p>\n\n\n\n<hr class=\"wp-block-separator has-alpha-channel-opacity\"\/>\n\n\n\n<h5 class=\"wp-block-heading\">1. <strong>Le c\u0153ur de cible : la classe moyenne inf\u00e9rieure et les classes populaires \u201cmod\u00e9r\u00e9es\u201d<\/strong><\/h5>\n\n\n\n<p class=\"wp-block-paragraph\"><strong>Profil type :<\/strong><\/p>\n\n\n\n<ul class=\"wp-block-list\">\n<li>Employ\u00e9s, ouvriers, ind\u00e9pendants modestes, agents de terrain du secteur public (policiers, infirmiers, enseignants, techniciens\u2026).<\/li>\n\n\n\n<li>Souvent entre 30 et 60 ans, actifs, avec une conscience civique forte mais une d\u00e9fiance envers la politique.<\/li>\n\n\n\n<li>Estiment que les grands partis les ont \u201coubli\u00e9s\u201d et que les extr\u00eames ne proposent que de la col\u00e8re sans solutions r\u00e9alistes.<\/li>\n<\/ul>\n\n\n\n<p class=\"wp-block-paragraph\"><strong>Motivations :<\/strong><\/p>\n\n\n\n<ul class=\"wp-block-list\">\n<li>Prot\u00e9ger leur niveau de vie et leur emploi.<\/li>\n\n\n\n<li>Retrouver une <strong>justice sociale non id\u00e9ologique<\/strong>.<\/li>\n\n\n\n<li>Avoir un \u00c9tat qui prot\u00e8ge <strong>sans infantiliser<\/strong>.<\/li>\n\n\n\n<li>Rejeter le sentiment d\u2019\u00eatre m\u00e9pris\u00e9s par \u201cl\u2019\u00e9lite politico-m\u00e9diatique\u201d.<\/li>\n<\/ul>\n\n\n\n<p class=\"wp-block-paragraph\"><strong>Pourquoi ils peuvent voter <mark style=\"background-color:rgba(0, 0, 0, 0);color:#ff6900\" class=\"has-inline-color\">MDM<\/mark> :<\/strong><\/p>\n\n\n\n<ul class=\"wp-block-list\">\n<li>Le <mark style=\"background-color:rgba(0, 0, 0, 0);color:#ff6900\" class=\"has-inline-color\">MDM<\/mark> parle de <strong>pouvoir d\u2019achat<\/strong>, <strong>emploi stable<\/strong>, <strong>solidarit\u00e9 nationale<\/strong>.<\/li>\n\n\n\n<li>Il critique la <strong>particratie<\/strong> sans tomber dans l\u2019anti-syst\u00e8me anarchique.<\/li>\n\n\n\n<li>Il propose une <strong>droite sociale, humaniste et souveraine<\/strong>, ce qui les rassure sans effrayer.<\/li>\n<\/ul>\n\n\n\n<hr class=\"wp-block-separator has-alpha-channel-opacity\"\/>\n\n\n\n<h5 class=\"wp-block-heading\">2. <strong>Les \u00e9lecteurs du centre droit et du centre d\u00e9senchant\u00e9s<\/strong><\/h5>\n\n\n\n<p class=\"wp-block-paragraph\"><strong>Profil type :<\/strong><\/p>\n\n\n\n<ul class=\"wp-block-list\">\n<li>Anciens \u00e9lecteurs du MR, du cdH (ou Les Engag\u00e9s), voire du PS r\u00e9formiste.<\/li>\n\n\n\n<li>Classes moyennes, dipl\u00f4m\u00e9es, vivant souvent en p\u00e9riph\u00e9rie urbaine.<\/li>\n\n\n\n<li>Sensibles \u00e0 la <strong>m\u00e9ritocratie<\/strong>, \u00e0 la <strong>gestion responsable<\/strong>, mais aussi \u00e0 la <strong>justice sociale<\/strong>.<\/li>\n<\/ul>\n\n\n\n<p class=\"wp-block-paragraph\"><strong>Motivations :<\/strong><\/p>\n\n\n\n<ul class=\"wp-block-list\">\n<li>En ont assez du lib\u00e9ralisme d\u00e9connect\u00e9 et de la politique politicienne.<\/li>\n\n\n\n<li>Cherchent un <strong>projet de soci\u00e9t\u00e9 coh\u00e9rent et moderne<\/strong>, pas un marketing \u00e9lectoral.<\/li>\n\n\n\n<li>Veulent un <strong>r\u00e9\u00e9quilibrage entre efficacit\u00e9 \u00e9conomique et solidarit\u00e9 r\u00e9elle<\/strong>.<\/li>\n<\/ul>\n\n\n\n<p class=\"wp-block-paragraph\"><strong>Pourquoi ils peuvent voter <mark style=\"background-color:rgba(0, 0, 0, 0);color:#ff6900\" class=\"has-inline-color\">MDM<\/mark> :<\/strong><\/p>\n\n\n\n<ul class=\"wp-block-list\">\n<li>Le <mark style=\"background-color:rgba(0, 0, 0, 0);color:#ff6900\" class=\"has-inline-color\">MDM<\/mark> incarne un <strong>centre-droit r\u00e9nov\u00e9<\/strong>, pas fig\u00e9 dans le n\u00e9olib\u00e9ralisme.<\/li>\n\n\n\n<li>Son discours <strong>moderniste, souverainiste et civique<\/strong> r\u00e9pond \u00e0 leur besoin de renouveau et de stabilit\u00e9.<\/li>\n<\/ul>\n\n\n\n<hr class=\"wp-block-separator has-alpha-channel-opacity\"\/>\n\n\n\n<h5 class=\"wp-block-heading\">3. <strong>Les patriotes civiques, europ\u00e9ens lucides et souverainistes mod\u00e9r\u00e9s<\/strong><\/h5>\n\n\n\n<p class=\"wp-block-paragraph\"><strong>Profil type :<\/strong><\/p>\n\n\n\n<ul class=\"wp-block-list\">\n<li>\u00c9lecteurs souvent sensibles \u00e0 la d\u00e9fense des int\u00e9r\u00eats belges et europ\u00e9ens, sans tomber dans le repli.<\/li>\n\n\n\n<li>Issus de toutes classes sociales.<\/li>\n\n\n\n<li>Attach\u00e9s \u00e0 la <strong>souverainet\u00e9 populaire<\/strong>, \u00e0 la <strong>d\u00e9mocratie directe<\/strong>, et \u00e0 la <strong>s\u00e9curit\u00e9 culturelle<\/strong>.<\/li>\n<\/ul>\n\n\n\n<p class=\"wp-block-paragraph\"><strong>Motivations :<\/strong><\/p>\n\n\n\n<ul class=\"wp-block-list\">\n<li>Refus du suivisme vis-\u00e0-vis de Bruxelles (UE), mais adh\u00e9sion \u00e0 une Europe des nations.<\/li>\n\n\n\n<li>Souhait de <strong>r\u00e9concilier identit\u00e9 nationale et ouverture raisonn\u00e9e<\/strong>.<\/li>\n\n\n\n<li>Soutien \u00e0 une <strong>d\u00e9mocratie r\u00e9nov\u00e9e<\/strong> : fin des partis ferm\u00e9s, des listes verrouill\u00e9es, des politiciens de carri\u00e8re.<\/li>\n<\/ul>\n\n\n\n<p class=\"wp-block-paragraph\"><strong>Pourquoi ils peuvent voter <mark style=\"background-color:rgba(0, 0, 0, 0);color:#ff6900\" class=\"has-inline-color\">MDM<\/mark> :<\/strong><\/p>\n\n\n\n<ul class=\"wp-block-list\">\n<li>Le <mark style=\"background-color:rgba(0, 0, 0, 0);color:#ff6900\" class=\"has-inline-color\">MDM<\/mark> parle de <strong>souverainisme \u00e9clair\u00e9<\/strong>, de <strong>r\u00e9forme institutionnelle<\/strong> et d\u2019un <strong>nouvel humanisme belge et europ\u00e9en<\/strong>.<\/li>\n\n\n\n<li>Ce discours s\u00e9duit ceux qui veulent <strong>changer sans casser<\/strong>.<\/li>\n<\/ul>\n\n\n\n<hr class=\"wp-block-separator has-alpha-channel-opacity\"\/>\n\n\n\n<h5 class=\"wp-block-heading\">4. <strong>Les jeunes adultes pragmatiques (25\u201335 ans)<\/strong><\/h5>\n\n\n\n<p class=\"wp-block-paragraph\"><strong>Profil type :<\/strong><\/p>\n\n\n\n<ul class=\"wp-block-list\">\n<li>Souvent d\u00e9politis\u00e9s mais pr\u00e9occup\u00e9s par le co\u00fbt de la vie, le logement, l\u2019environnement, et le sens du travail.<\/li>\n\n\n\n<li>Vivent entre villes et zones p\u00e9riurbaines.<\/li>\n<\/ul>\n\n\n\n<p class=\"wp-block-paragraph\"><strong>Motivations :<\/strong><\/p>\n\n\n\n<ul class=\"wp-block-list\">\n<li>En qu\u00eate de <strong>sens, de m\u00e9rite et de stabilit\u00e9<\/strong>.<\/li>\n\n\n\n<li>Veulent un discours politique <strong>non clivant<\/strong>, ax\u00e9 sur les <strong>solutions<\/strong>.<\/li>\n<\/ul>\n\n\n\n<p class=\"wp-block-paragraph\"><strong>Pourquoi ils peuvent voter <mark style=\"background-color:rgba(0, 0, 0, 0);color:#ff6900\" class=\"has-inline-color\">MDM<\/mark> :<\/strong><\/p>\n\n\n\n<ul class=\"wp-block-list\">\n<li>Le <mark style=\"background-color:rgba(0, 0, 0, 0);color:#ff6900\" class=\"has-inline-color\">MDM<\/mark> parle <strong>d\u2019innovation sociale et \u00e9conomique<\/strong>, de <strong>mobilit\u00e9<\/strong>, d\u2019<strong>\u00e9cologie optimiste<\/strong>.<\/li>\n\n\n\n<li>Il ne diabolise ni l\u2019entreprise ni le service public.<\/li>\n\n\n\n<li>Son modernisme soci\u00e9tal peut les s\u00e9duire s\u2019il est formul\u00e9 de mani\u00e8re concr\u00e8te (ex : logement, mobilit\u00e9, num\u00e9rique, \u00e9cologie r\u00e9aliste).<\/li>\n<\/ul>\n\n\n\n<hr class=\"wp-block-separator has-alpha-channel-opacity\"\/>\n\n\n\n<p class=\"wp-block-paragraph\">En r\u00e9sum\u00e9 : le socle \u00e9lectoral naturel du <mark style=\"background-color:rgba(0, 0, 0, 0);color:#ff6900\" class=\"has-inline-color\">MDM<\/mark><\/p>\n\n\n\n<figure class=\"wp-block-table\"><table class=\"has-fixed-layout\"><thead><tr><td><strong>Segment<\/strong><strong><\/strong><\/td><td><strong>Description<\/strong><strong><\/strong><\/td><td><strong>Poids potentiel<\/strong><strong><\/strong><\/td><\/tr><\/thead><tbody><tr><td>Classes populaires mod\u00e9r\u00e9es<\/td><td>Ouvriers, employ\u00e9s, agents de terrain d\u00e9sabus\u00e9s du PS et des extr\u00eames<\/td><td><strong>\u00c9lev\u00e9 (25\u201330%)<\/strong><\/td><\/tr><tr><td>Classes moyennes d\u00e9\u00e7ues du MR \/ cdH<\/td><td>Professions lib\u00e9rales, ind\u00e9pendants, enseignants, fonctionnaires<\/td><td><strong>Moyen (20\u201325%)<\/strong><\/td><\/tr><tr><td>Patriotes civiques et souverainistes mod\u00e9r\u00e9s<\/td><td>Citoyens sensibles \u00e0 la souverainet\u00e9 et la d\u00e9mocratie r\u00e9nov\u00e9e<\/td><td><strong>Moyen (15\u201320%)<\/strong><\/td><\/tr><tr><td>Jeunes actifs pragmatiques<\/td><td>25\u201335 ans, d\u00e9politis\u00e9s mais sensibles \u00e0 la modernit\u00e9 sociale<\/td><td><strong>Faible \u00e0 moyen (10\u201315%)<\/strong><\/td><\/tr><\/tbody><\/table><\/figure>\n\n\n\n<p class=\"wp-block-paragraph\"><\/p>\n","protected":false},"excerpt":{"rendered":"<p>En tenant compte des positions du Mouvement Droite Moderniste (MDM) \u2014 \u00e0 la fois anti-particrate, socialement protecteur, \u00e9conomiquement r\u00e9aliste, patriote civique, moderniste et d\u00e9mocrate \u2014, l\u2019\u00e9lectorat le plus r\u00e9ceptif peut \u00eatre d\u00e9fini comme un \u00e9lectorat de classe moyenne et populaire d\u00e9sabus\u00e9 du syst\u00e8me actuel, en qu\u00eate d\u2019une alternative cr\u00e9dible entre les partis traditionnels et les [&hellip;]<\/p>\n","protected":false},"author":1,"featured_media":0,"comment_status":"open","ping_status":"open","sticky":false,"template":"","format":"standard","meta":{"_monsterinsights_skip_tracking":false,"_uf_show_specific_survey":0,"_uf_disable_surveys":false,"footnotes":""},"categories":[34],"tags":[],"class_list":["post-2013","post","type-post","status-publish","format-standard","hentry","category-mouvement-droite-moderniste"],"_links":{"self":[{"href":"https:\/\/droitemoderniste.be\/index.php\/wp-json\/wp\/v2\/posts\/2013","targetHints":{"allow":["GET"]}}],"collection":[{"href":"https:\/\/droitemoderniste.be\/index.php\/wp-json\/wp\/v2\/posts"}],"about":[{"href":"https:\/\/droitemoderniste.be\/index.php\/wp-json\/wp\/v2\/types\/post"}],"author":[{"embeddable":true,"href":"https:\/\/droitemoderniste.be\/index.php\/wp-json\/wp\/v2\/users\/1"}],"replies":[{"embeddable":true,"href":"https:\/\/droitemoderniste.be\/index.php\/wp-json\/wp\/v2\/comments?post=2013"}],"version-history":[{"count":1,"href":"https:\/\/droitemoderniste.be\/index.php\/wp-json\/wp\/v2\/posts\/2013\/revisions"}],"predecessor-version":[{"id":2015,"href":"https:\/\/droitemoderniste.be\/index.php\/wp-json\/wp\/v2\/posts\/2013\/revisions\/2015"}],"wp:attachment":[{"href":"https:\/\/droitemoderniste.be\/index.php\/wp-json\/wp\/v2\/media?parent=2013"}],"wp:term":[{"taxonomy":"category","embeddable":true,"href":"https:\/\/droitemoderniste.be\/index.php\/wp-json\/wp\/v2\/categories?post=2013"},{"taxonomy":"post_tag","embeddable":true,"href":"https:\/\/droitemoderniste.be\/index.php\/wp-json\/wp\/v2\/tags?post=2013"}],"curies":[{"name":"wp","href":"https:\/\/api.w.org\/{rel}","templated":true}]}}