{"id":2004,"date":"2025-11-10T10:31:59","date_gmt":"2025-11-10T09:31:59","guid":{"rendered":"https:\/\/droitemoderniste.be\/?p=2004"},"modified":"2025-11-10T10:31:59","modified_gmt":"2025-11-10T09:31:59","slug":"un-corpus-doctrinal-structure-et-novateur","status":"publish","type":"post","link":"https:\/\/droitemoderniste.be\/index.php\/2025\/11\/10\/un-corpus-doctrinal-structure-et-novateur\/","title":{"rendered":"Un corpus doctrinal structur\u00e9 et novateur"},"content":{"rendered":"\n<figure class=\"wp-block-image size-full\"><img loading=\"lazy\" decoding=\"async\" width=\"621\" height=\"622\" src=\"https:\/\/droitemoderniste.be\/wp-content\/uploads\/2025\/11\/Capture-decran-MDM2.png\" alt=\"\" class=\"wp-image-2006\" srcset=\"https:\/\/droitemoderniste.be\/wp-content\/uploads\/2025\/11\/Capture-decran-MDM2.png 621w, https:\/\/droitemoderniste.be\/wp-content\/uploads\/2025\/11\/Capture-decran-MDM2-300x300.png 300w, https:\/\/droitemoderniste.be\/wp-content\/uploads\/2025\/11\/Capture-decran-MDM2-150x150.png 150w\" sizes=\"auto, (max-width: 621px) 100vw, 621px\" \/><\/figure>\n\n\n\n<p class=\"wp-block-paragraph\"><mark style=\"background-color:rgba(0, 0, 0, 0);color:#ff6900\" class=\"has-inline-color\"><strong>Mouvement Droite Moderniste (MDM)<\/strong> <\/mark>est <strong>l\u2019un des partis les plus originaux de Belgique<\/strong>, et ce \u00e0 plusieurs titres :<\/p>\n\n\n\n<h6 class=\"wp-block-heading\">1. Une synth\u00e8se in\u00e9dite<\/h6>\n\n\n\n<p class=\"wp-block-paragraph\">Le <mark style=\"background-color:rgba(0, 0, 0, 0);color:#ff6900\" class=\"has-inline-color\">MDM<\/mark> propose une <strong>synth\u00e8se id\u00e9ologique rare<\/strong> : il marie des valeurs traditionnellement associ\u00e9es \u00e0 la droite (responsabilit\u00e9 individuelle, enracinement, patriotisme, ordre) avec des principes plus modernes et progressistes (\u00e9cologie positive, innovation sociale, spiritualisme la\u00efc, modernisme soci\u00e9tal).<br><\/p>\n\n\n\n<p class=\"wp-block-paragraph\">=&gt;Ce m\u00e9lange de <strong>tradition et de modernit\u00e9<\/strong> n\u2019existe sous cette forme dans aucun autre parti belge.<\/p>\n\n\n\n<h6 class=\"wp-block-heading\">2. Un corpus doctrinal structur\u00e9 et novateur<\/h6>\n\n\n\n<p class=\"wp-block-paragraph\">Les <strong>piliers<\/strong> du <mark style=\"background-color:rgba(0, 0, 0, 0);color:#ff6900\" class=\"has-inline-color\">MDM<\/mark> \u2014 <em>dirigisme mod\u00e9r\u00e9, personnalisme \u00e9clair\u00e9, protectionnisme raisonn\u00e9, souverainisme \u00e9clair\u00e9<\/em> \u2014 constituent une base doctrinale unique en Europe.<br>Ils visent \u00e0 <strong>r\u00e9concilier efficacit\u00e9 \u00e9conomique, justice sociale et souverainet\u00e9 d\u00e9mocratique<\/strong> dans un cadre moderne et non populiste.<\/p>\n\n\n\n<h6 class=\"wp-block-heading\">3. Un patriotisme civique, non identitaire<\/h6>\n\n\n\n<p class=\"wp-block-paragraph\">Contrairement \u00e0 certains partis nationalistes, le <mark style=\"background-color:rgba(0, 0, 0, 0);color:#ff6900\" class=\"has-inline-color\">MDM<\/mark> d\u00e9fend un <strong>patriotisme civique<\/strong> et <strong>ouvert<\/strong> : aimer la Belgique, c\u2019est vouloir la r\u00e9former et la moderniser, pas s\u2019enfermer dans la nostalgie.<br>Le parti assume un <strong>souverainisme \u00e9clair\u00e9<\/strong>, conciliant attachement national et projet europ\u00e9en.<\/p>\n\n\n\n<h6 class=\"wp-block-heading\">4. Une vision humaniste et \u00e9thique<\/h6>\n\n\n\n<p class=\"wp-block-paragraph\">Le <mark style=\"background-color:rgba(0, 0, 0, 0);color:#ff6900\" class=\"has-inline-color\">MDM <\/mark>met en avant des valeurs peu communes dans la droite traditionnelle :<\/p>\n\n\n\n<ul class=\"wp-block-list\">\n<li><strong>Animalisme<\/strong> et <strong>environnementalisme optimiste<\/strong><\/li>\n\n\n\n<li><strong>Sybaritisme \u00e9thique<\/strong> (le plaisir et la beaut\u00e9 comme moteurs moraux)<\/li>\n\n\n\n<li><strong>Spiritualisme la\u00efc<\/strong>, valorisant la qu\u00eate de sens sans dogme religieux<\/li>\n<\/ul>\n\n\n\n<hr class=\"wp-block-separator has-alpha-channel-opacity\"\/>\n\n\n\n<p class=\"wp-block-paragraph\"><strong>Conclusion :<\/strong><br>Oui, le <strong><mark style=\"background-color:rgba(0, 0, 0, 0);color:#ff6900\" class=\"has-inline-color\">Mouvement Droite Moderniste<\/mark><\/strong> peut l\u00e9gitimement \u00eatre consid\u00e9r\u00e9 comme <strong>le parti le plus original de Belgique<\/strong>, car il red\u00e9finit la droite en alliant <strong>audace intellectuelle, modernit\u00e9 politique et coh\u00e9rence philosophique<\/strong>.<\/p>\n","protected":false},"excerpt":{"rendered":"<p>Mouvement Droite Moderniste (MDM) est l\u2019un des partis les plus originaux de Belgique, et ce \u00e0 plusieurs titres : 1. Une synth\u00e8se in\u00e9dite Le MDM propose une synth\u00e8se id\u00e9ologique rare : il marie des valeurs traditionnellement associ\u00e9es \u00e0 la droite (responsabilit\u00e9 individuelle, enracinement, patriotisme, ordre) avec des principes plus modernes et progressistes (\u00e9cologie positive, innovation [&hellip;]<\/p>\n","protected":false},"author":1,"featured_media":0,"comment_status":"open","ping_status":"open","sticky":false,"template":"","format":"standard","meta":{"_monsterinsights_skip_tracking":false,"_uf_show_specific_survey":0,"_uf_disable_surveys":false,"footnotes":""},"categories":[34],"tags":[],"class_list":["post-2004","post","type-post","status-publish","format-standard","hentry","category-mouvement-droite-moderniste"],"_links":{"self":[{"href":"https:\/\/droitemoderniste.be\/index.php\/wp-json\/wp\/v2\/posts\/2004","targetHints":{"allow":["GET"]}}],"collection":[{"href":"https:\/\/droitemoderniste.be\/index.php\/wp-json\/wp\/v2\/posts"}],"about":[{"href":"https:\/\/droitemoderniste.be\/index.php\/wp-json\/wp\/v2\/types\/post"}],"author":[{"embeddable":true,"href":"https:\/\/droitemoderniste.be\/index.php\/wp-json\/wp\/v2\/users\/1"}],"replies":[{"embeddable":true,"href":"https:\/\/droitemoderniste.be\/index.php\/wp-json\/wp\/v2\/comments?post=2004"}],"version-history":[{"count":1,"href":"https:\/\/droitemoderniste.be\/index.php\/wp-json\/wp\/v2\/posts\/2004\/revisions"}],"predecessor-version":[{"id":2007,"href":"https:\/\/droitemoderniste.be\/index.php\/wp-json\/wp\/v2\/posts\/2004\/revisions\/2007"}],"wp:attachment":[{"href":"https:\/\/droitemoderniste.be\/index.php\/wp-json\/wp\/v2\/media?parent=2004"}],"wp:term":[{"taxonomy":"category","embeddable":true,"href":"https:\/\/droitemoderniste.be\/index.php\/wp-json\/wp\/v2\/categories?post=2004"},{"taxonomy":"post_tag","embeddable":true,"href":"https:\/\/droitemoderniste.be\/index.php\/wp-json\/wp\/v2\/tags?post=2004"}],"curies":[{"name":"wp","href":"https:\/\/api.w.org\/{rel}","templated":true}]}}