{"id":1996,"date":"2025-11-08T14:12:07","date_gmt":"2025-11-08T13:12:07","guid":{"rendered":"https:\/\/droitemoderniste.be\/?p=1996"},"modified":"2025-11-08T14:12:07","modified_gmt":"2025-11-08T13:12:07","slug":"les-electeurs-des-classes-populaires-sont-eux-aussi-permeables-au-mdm","status":"publish","type":"post","link":"https:\/\/droitemoderniste.be\/index.php\/2025\/11\/08\/les-electeurs-des-classes-populaires-sont-eux-aussi-permeables-au-mdm\/","title":{"rendered":"Les \u00e9lecteurs des classes populaires sont eux aussi perm\u00e9ables au MDM"},"content":{"rendered":"\n<figure class=\"wp-block-image size-full\"><img loading=\"lazy\" decoding=\"async\" width=\"864\" height=\"486\" src=\"https:\/\/droitemoderniste.be\/wp-content\/uploads\/2025\/11\/colere-populaire.jpg\" alt=\"\" class=\"wp-image-1997\" srcset=\"https:\/\/droitemoderniste.be\/wp-content\/uploads\/2025\/11\/colere-populaire.jpg 864w, https:\/\/droitemoderniste.be\/wp-content\/uploads\/2025\/11\/colere-populaire-300x169.jpg 300w, https:\/\/droitemoderniste.be\/wp-content\/uploads\/2025\/11\/colere-populaire-768x432.jpg 768w\" sizes=\"auto, (max-width: 864px) 100vw, 864px\" \/><\/figure>\n\n\n\n<p class=\"wp-block-paragraph\">7 Points attractifs du programme social du <mark style=\"background-color:rgba(0, 0, 0, 0);color:#ff6900\" class=\"has-inline-color\">MDM <\/mark>:<\/p>\n\n\n\n<ul class=\"wp-block-list\">\n<li><strong>Des mesures de maintien d\u2019un \u00c9tat-providence fort<\/strong>,<\/li>\n\n\n\n<li><strong>Fiscalit\u00e9 sp\u00e9cifique pour financer la protection sociale<\/strong>,<\/li>\n\n\n\n<li><strong>Renforcement du syst\u00e8me de s\u00e9curit\u00e9 sociale<\/strong>,<\/li>\n\n\n\n<li><strong>Des mesures tangibles sur le pouvoir d\u2019achat<\/strong>,<\/li>\n\n\n\n<li><strong>Des garanties sur l\u2019acc\u00e8s aux services publics<\/strong>,<\/li>\n\n\n\n<li><strong>Des mesures fortes sur l\u2019emploi et la protection des travailleurs<\/strong>,<\/li>\n\n\n\n<li><strong>Une r\u00e9ponse claire \u00e0 l\u2019inqui\u00e9tude sur la concurrence sociale et migratoire<\/strong>.<\/li>\n<\/ul>\n\n\n\n<p class=\"wp-block-paragraph\">Ces 7 \u00e9l\u00e9ments parlent aux classes populaires\u2026<\/p>\n","protected":false},"excerpt":{"rendered":"<p>7 Points attractifs du programme social du MDM : Ces 7 \u00e9l\u00e9ments parlent aux classes populaires\u2026<\/p>\n","protected":false},"author":1,"featured_media":0,"comment_status":"open","ping_status":"open","sticky":false,"template":"","format":"standard","meta":{"_monsterinsights_skip_tracking":false,"_uf_show_specific_survey":0,"_uf_disable_surveys":false,"footnotes":""},"categories":[22,34],"tags":[],"class_list":["post-1996","post","type-post","status-publish","format-standard","hentry","category-democratie","category-mouvement-droite-moderniste"],"_links":{"self":[{"href":"https:\/\/droitemoderniste.be\/index.php\/wp-json\/wp\/v2\/posts\/1996","targetHints":{"allow":["GET"]}}],"collection":[{"href":"https:\/\/droitemoderniste.be\/index.php\/wp-json\/wp\/v2\/posts"}],"about":[{"href":"https:\/\/droitemoderniste.be\/index.php\/wp-json\/wp\/v2\/types\/post"}],"author":[{"embeddable":true,"href":"https:\/\/droitemoderniste.be\/index.php\/wp-json\/wp\/v2\/users\/1"}],"replies":[{"embeddable":true,"href":"https:\/\/droitemoderniste.be\/index.php\/wp-json\/wp\/v2\/comments?post=1996"}],"version-history":[{"count":1,"href":"https:\/\/droitemoderniste.be\/index.php\/wp-json\/wp\/v2\/posts\/1996\/revisions"}],"predecessor-version":[{"id":1998,"href":"https:\/\/droitemoderniste.be\/index.php\/wp-json\/wp\/v2\/posts\/1996\/revisions\/1998"}],"wp:attachment":[{"href":"https:\/\/droitemoderniste.be\/index.php\/wp-json\/wp\/v2\/media?parent=1996"}],"wp:term":[{"taxonomy":"category","embeddable":true,"href":"https:\/\/droitemoderniste.be\/index.php\/wp-json\/wp\/v2\/categories?post=1996"},{"taxonomy":"post_tag","embeddable":true,"href":"https:\/\/droitemoderniste.be\/index.php\/wp-json\/wp\/v2\/tags?post=1996"}],"curies":[{"name":"wp","href":"https:\/\/api.w.org\/{rel}","templated":true}]}}