{"id":1982,"date":"2025-11-07T10:45:46","date_gmt":"2025-11-07T09:45:46","guid":{"rendered":"https:\/\/droitemoderniste.be\/?p=1982"},"modified":"2025-11-07T10:45:46","modified_gmt":"2025-11-07T09:45:46","slug":"le-mdm-a-un-programme-novateur-et-transversal-avec-des-mesures-veritablement-inedites","status":"publish","type":"post","link":"https:\/\/droitemoderniste.be\/index.php\/2025\/11\/07\/le-mdm-a-un-programme-novateur-et-transversal-avec-des-mesures-veritablement-inedites\/","title":{"rendered":"Le MDM a un programme novateur et transversal avec des mesures v\u00e9ritablement in\u00e9dites"},"content":{"rendered":"\n<figure class=\"wp-block-image size-full\"><img loading=\"lazy\" decoding=\"async\" width=\"318\" height=\"159\" src=\"https:\/\/droitemoderniste.be\/wp-content\/uploads\/2025\/11\/charlize1.jpg\" alt=\"\" class=\"wp-image-1983\" srcset=\"https:\/\/droitemoderniste.be\/wp-content\/uploads\/2025\/11\/charlize1.jpg 318w, https:\/\/droitemoderniste.be\/wp-content\/uploads\/2025\/11\/charlize1-300x150.jpg 300w\" sizes=\"auto, (max-width: 318px) 100vw, 318px\" \/><\/figure>\n\n\n\n<p class=\"wp-block-paragraph\">Plusieurs mesures du programme du <mark style=\"background-color:rgba(0, 0, 0, 0);color:#ff6900\" class=\"has-inline-color\">Mouvement Droite Moderniste (MDM)<\/mark> sont consid\u00e9r\u00e9es comme in\u00e9dites dans le paysage politique belge. Elles se distinguent par une synth\u00e8se de valeurs rarement r\u00e9unies, des outils de transformation originaux et des approches nouvelles pour relever les d\u00e9fis contemporains.<\/p>\n\n\n\n<p class=\"wp-block-paragraph\">\u200b<\/p>\n\n\n\n<p class=\"wp-block-paragraph\"><strong>Mesures v\u00e9ritablement in\u00e9dites du <mark style=\"background-color:rgba(0, 0, 0, 0);color:#ff6900\" class=\"has-inline-color\">MDM<\/mark><\/strong><\/p>\n\n\n\n<ul class=\"wp-block-list\">\n<li><strong>Refondation fiscale m\u00e9ritocratique et productive<\/strong> : Une fiscalit\u00e9 fond\u00e9e sur la justice, le m\u00e9rite, la productivit\u00e9 et la clart\u00e9, qui s\u2019\u00e9loigne du discours de punition de la r\u00e9ussite ou de l\u2019assistanat.<\/li>\n\n\n\n<li>\u00a0<strong>Synth\u00e8se id\u00e9ologique transversale<\/strong> : L\u2019alliance in\u00e9dite d\u2019un lib\u00e9ralisme \u00e9conomique pragmatique avec un interventionnisme cibl\u00e9, tout en int\u00e9grant justice sociale, responsabilit\u00e9 nationale et traditions europ\u00e9ennes. Cette transversalit\u00e9 rompt avec tous les clivages habituels droite\/gauche, productivisme\/\u00e9cologisme, et nationalisme\/europ\u00e9anisme.<\/li>\n\n\n\n<li><strong>Environnementalisme optimiste<\/strong> : Un programme environnemental bas\u00e9 sur l\u2019innovation, le r\u00e9alisme et l\u2019optimisme technologique, \u00e0 rebours des approches parfois culpabilisantes, avec des solutions concr\u00e8tes et des investissements cibl\u00e9s pour la croissance verte.<\/li>\n\n\n\n<li><strong>Animalisme humaniste<\/strong> : L\u2019int\u00e9gration de la protection animale non pas comme un chapitre s\u00e9par\u00e9, mais comme un pilier \u00e9thique transversal \u00e0 l\u2019ensemble du programme.<\/li>\n\n\n\n<li><strong>Participation civique accrue<\/strong> : L\u2019introduction de nouveaux m\u00e9canismes d\u2019innovation d\u00e9mocratique, comme des budgets participatifs, la d\u00e9mocratie de proximit\u00e9, et une plus grande implication directe des citoyens dans l\u2019\u00e9laboration et le suivi des politiques publiques.<\/li>\n\n\n\n<li><strong>Humanisme civique et spiritualit\u00e9 la\u00efque<\/strong> : L\u2019attachement d\u00e9clar\u00e9 \u00e0 la pluralit\u00e9, l\u2019ouverture aux spiritualit\u00e9s non dogmatiques et une vision \u00ab civile \u00bb de la citoyennet\u00e9, refusant le la\u00efcisme rigide comme le religieux institutionnalis\u00e9.<\/li>\n\n\n\n<li><strong>R\u00e9invention souveraine et locale de l\u2019\u00e9conomie<\/strong> : Soutien sp\u00e9cifique \u00e0 l\u2019industrie locale, circuits-courts, relocalisation productive, mais sans protectionnisme ferm\u00e9.<\/li>\n\n\n\n<li><strong>Privil\u00e9gier comp\u00e9tence et responsabilit\u00e9<\/strong> : Refus du technocratisme pur comme du populisme, le <mark style=\"background-color:rgba(0, 0, 0, 0);color:#ff6900\" class=\"has-inline-color\">MDM<\/mark> affirme une culture politique ax\u00e9e sur la comp\u00e9tence, la responsabilit\u00e9 individuelle et collective, et la rigueur, hors des r\u00e9cits simplistes ou antisyst\u00e8mes.<\/li>\n<\/ul>\n\n\n\n<p class=\"wp-block-paragraph\">Chaque point est une rupture, soit par la coh\u00e9rence transversale des id\u00e9es, soit par la nature m\u00eame des mesures propos\u00e9es, rarement voire jamais articul\u00e9es ainsi dans un programme politique belge existant.<\/p>\n\n\n\n<p class=\"wp-block-paragraph\"><strong>Atouts \u00e9lectoraux<\/strong><\/p>\n\n\n\n<ul class=\"wp-block-list\">\n<li>Le caract\u00e8re novateur et transversal du programme attire un \u00e9lectorat en qu\u00eate de renouveau politique, notamment des citoyens d\u00e9sabus\u00e9s par les partis traditionnels et les clivages classiques.<\/li>\n\n\n\n<li>Les propositions concr\u00e8tes dans la participation citoyenne mobilisent des jeunes et des profils engag\u00e9s, lass\u00e9s des formes classiques de d\u00e9mocratie repr\u00e9sentative.<\/li>\n\n\n\n<li>La refondation fiscale m\u00e9ritocratique et la d\u00e9fense d\u2019un environnementalisme optimiste ouvrent une base \u00e9lectorale plus large, comprenant \u00e0 la fois classes moyennes, entrepreneurs et \u00e9lecteurs soucieux d\u2019environnement pragmatique.<\/li>\n\n\n\n<li>La coh\u00e9rence id\u00e9ologique et l\u2019image d\u2019un parti responsable et comp\u00e9tent s\u00e9duisent un \u00e9lectorat mod\u00e9r\u00e9 cherchant un discours factuel et lucide.<\/li>\n<\/ul>\n\n\n\n<p class=\"wp-block-paragraph\"><\/p>\n","protected":false},"excerpt":{"rendered":"<p>Plusieurs mesures du programme du Mouvement Droite Moderniste (MDM) sont consid\u00e9r\u00e9es comme in\u00e9dites dans le paysage politique belge. Elles se distinguent par une synth\u00e8se de valeurs rarement r\u00e9unies, des outils de transformation originaux et des approches nouvelles pour relever les d\u00e9fis contemporains. \u200b Mesures v\u00e9ritablement in\u00e9dites du MDM Chaque point est une rupture, soit par [&hellip;]<\/p>\n","protected":false},"author":1,"featured_media":0,"comment_status":"open","ping_status":"open","sticky":false,"template":"","format":"standard","meta":{"_monsterinsights_skip_tracking":false,"_uf_show_specific_survey":0,"_uf_disable_surveys":false,"footnotes":""},"categories":[34,8],"tags":[],"class_list":["post-1982","post","type-post","status-publish","format-standard","hentry","category-mouvement-droite-moderniste","category-positionnement"],"_links":{"self":[{"href":"https:\/\/droitemoderniste.be\/index.php\/wp-json\/wp\/v2\/posts\/1982","targetHints":{"allow":["GET"]}}],"collection":[{"href":"https:\/\/droitemoderniste.be\/index.php\/wp-json\/wp\/v2\/posts"}],"about":[{"href":"https:\/\/droitemoderniste.be\/index.php\/wp-json\/wp\/v2\/types\/post"}],"author":[{"embeddable":true,"href":"https:\/\/droitemoderniste.be\/index.php\/wp-json\/wp\/v2\/users\/1"}],"replies":[{"embeddable":true,"href":"https:\/\/droitemoderniste.be\/index.php\/wp-json\/wp\/v2\/comments?post=1982"}],"version-history":[{"count":1,"href":"https:\/\/droitemoderniste.be\/index.php\/wp-json\/wp\/v2\/posts\/1982\/revisions"}],"predecessor-version":[{"id":1984,"href":"https:\/\/droitemoderniste.be\/index.php\/wp-json\/wp\/v2\/posts\/1982\/revisions\/1984"}],"wp:attachment":[{"href":"https:\/\/droitemoderniste.be\/index.php\/wp-json\/wp\/v2\/media?parent=1982"}],"wp:term":[{"taxonomy":"category","embeddable":true,"href":"https:\/\/droitemoderniste.be\/index.php\/wp-json\/wp\/v2\/categories?post=1982"},{"taxonomy":"post_tag","embeddable":true,"href":"https:\/\/droitemoderniste.be\/index.php\/wp-json\/wp\/v2\/tags?post=1982"}],"curies":[{"name":"wp","href":"https:\/\/api.w.org\/{rel}","templated":true}]}}