{"id":1979,"date":"2025-11-06T14:37:26","date_gmt":"2025-11-06T13:37:26","guid":{"rendered":"https:\/\/droitemoderniste.be\/?p=1979"},"modified":"2025-11-06T14:37:26","modified_gmt":"2025-11-06T13:37:26","slug":"le-symbole-dune-belgique-qui-protege","status":"publish","type":"post","link":"https:\/\/droitemoderniste.be\/index.php\/2025\/11\/06\/le-symbole-dune-belgique-qui-protege\/","title":{"rendered":"Le symbole d&rsquo;une Belgique qui prot\u00e8ge"},"content":{"rendered":"\n<figure class=\"wp-block-image size-full\"><img loading=\"lazy\" decoding=\"async\" width=\"299\" height=\"169\" src=\"https:\/\/droitemoderniste.be\/wp-content\/uploads\/2025\/11\/citoyens-b.jpg\" alt=\"\" class=\"wp-image-1980\"\/><\/figure>\n\n\n\n<p class=\"wp-block-paragraph\"><strong>Mesdames et Messieurs les d\u00e9put\u00e9s,<\/strong><\/p>\n\n\n\n<p class=\"wp-block-paragraph\">La s\u00e9curit\u00e9 sociale n\u2019est pas un simple m\u00e9canisme administratif.<br>Elle est l\u2019expression la plus aboutie de notre pacte national,<br>le symbole d\u2019une Belgique qui prot\u00e8ge, qui soutient, et qui n\u2019abandonne personne.<\/p>\n\n\n\n<p class=\"wp-block-paragraph\">Aujourd\u2019hui, nous affirmons avec force :<br><strong>notre mod\u00e8le social est un acquis national \u2014 et il ne sera pas affaibli.<\/strong><\/p>\n\n\n\n<p class=\"wp-block-paragraph\">Mais pr\u00e9server ne suffit pas.<br>Nous devons aussi moderniser, responsabiliser, garantir sa p\u00e9rennit\u00e9.<\/p>\n\n\n\n<p class=\"wp-block-paragraph\">Notre vision est claire :<\/p>\n\n\n\n<ul class=\"wp-block-list\">\n<li><strong>Une solidarit\u00e9 forte<\/strong>, au service des travailleurs, des familles, des personnes fragilis\u00e9es.<\/li>\n\n\n\n<li><strong>Un financement juste<\/strong>, proportionnel, transparent, garant de la viabilit\u00e9 du syst\u00e8me pour les g\u00e9n\u00e9rations futures.<\/li>\n\n\n\n<li><strong>Une protection sociale exigeante<\/strong>, fond\u00e9e sur la contribution et le respect du m\u00e9rite.<\/li>\n\n\n\n<li><strong>Une action ferme contre les abus<\/strong>, qu&rsquo;ils viennent de la fraude sociale ou patronale, car la confiance repose sur l\u2019\u00e9quit\u00e9.<\/li>\n\n\n\n<li><strong>Un investissement massif dans l&#8217;emploi, la formation, l\u2019insertion<\/strong>, afin que chacun puisse trouver sa place dans l&rsquo;\u00e9conomie du XXI\u1d49 si\u00e8cle.<\/li>\n<\/ul>\n\n\n\n<p class=\"wp-block-paragraph\">Mesdames et Messieurs,<br>la solidarit\u00e9 n\u2019est pas un slogan.<br>La solidarit\u00e9, c\u2019est un engagement r\u00e9ciproque.<br><strong>Des droits, mais aussi des devoirs.<\/strong><\/p>\n\n\n\n<p class=\"wp-block-paragraph\">Nous rejetons l\u2019assistanat permanent, tout comme l\u2019abandon de ceux qui travaillent dur mais n\u2019arrivent plus \u00e0 suivre.<br>Nous refusons l\u2019id\u00e9ologie du retrait de l\u2019\u00c9tat comme celle de la d\u00e9pendance \u00e0 l\u2019\u00c9tat.<\/p>\n\n\n\n<p class=\"wp-block-paragraph\">Nous choisissons une voie exigeante, responsable, moderne :<br>celle d\u2019un <strong>\u00c9tat-providence solide, juste, m\u00e9ritocratique et durable.<\/strong><\/p>\n\n\n\n<p class=\"wp-block-paragraph\">Parce que notre devoir, ici, n\u2019est pas de flatter les \u00e9motions du moment,<br>mais de <strong>prot\u00e9ger la nation, son \u00e9quilibre social, et l\u2019avenir de ses enfants<\/strong>.<\/p>\n\n\n\n<p class=\"wp-block-paragraph\">La Belgique a \u00e9t\u00e9 forte quand elle a su unir le progr\u00e8s social et la responsabilit\u00e9.<br>Elle le restera si nous avons le courage de continuer dans cette voie.<\/p>\n\n\n\n<p class=\"wp-block-paragraph\"><strong>Racines fortes, regard neuf.<br>Telle est notre ambition pour le pays.<\/strong><\/p>\n\n\n\n<p class=\"wp-block-paragraph\">Je vous remercie.<\/p>\n","protected":false},"excerpt":{"rendered":"<p>Mesdames et Messieurs les d\u00e9put\u00e9s, La s\u00e9curit\u00e9 sociale n\u2019est pas un simple m\u00e9canisme administratif.Elle est l\u2019expression la plus aboutie de notre pacte national,le symbole d\u2019une Belgique qui prot\u00e8ge, qui soutient, et qui n\u2019abandonne personne. Aujourd\u2019hui, nous affirmons avec force :notre mod\u00e8le social est un acquis national \u2014 et il ne sera pas affaibli. Mais pr\u00e9server [&hellip;]<\/p>\n","protected":false},"author":1,"featured_media":0,"comment_status":"open","ping_status":"open","sticky":false,"template":"","format":"standard","meta":{"_monsterinsights_skip_tracking":false,"_uf_show_specific_survey":0,"_uf_disable_surveys":false,"footnotes":""},"categories":[10],"tags":[],"class_list":["post-1979","post","type-post","status-publish","format-standard","hentry","category-securite-sociale"],"_links":{"self":[{"href":"https:\/\/droitemoderniste.be\/index.php\/wp-json\/wp\/v2\/posts\/1979","targetHints":{"allow":["GET"]}}],"collection":[{"href":"https:\/\/droitemoderniste.be\/index.php\/wp-json\/wp\/v2\/posts"}],"about":[{"href":"https:\/\/droitemoderniste.be\/index.php\/wp-json\/wp\/v2\/types\/post"}],"author":[{"embeddable":true,"href":"https:\/\/droitemoderniste.be\/index.php\/wp-json\/wp\/v2\/users\/1"}],"replies":[{"embeddable":true,"href":"https:\/\/droitemoderniste.be\/index.php\/wp-json\/wp\/v2\/comments?post=1979"}],"version-history":[{"count":1,"href":"https:\/\/droitemoderniste.be\/index.php\/wp-json\/wp\/v2\/posts\/1979\/revisions"}],"predecessor-version":[{"id":1981,"href":"https:\/\/droitemoderniste.be\/index.php\/wp-json\/wp\/v2\/posts\/1979\/revisions\/1981"}],"wp:attachment":[{"href":"https:\/\/droitemoderniste.be\/index.php\/wp-json\/wp\/v2\/media?parent=1979"}],"wp:term":[{"taxonomy":"category","embeddable":true,"href":"https:\/\/droitemoderniste.be\/index.php\/wp-json\/wp\/v2\/categories?post=1979"},{"taxonomy":"post_tag","embeddable":true,"href":"https:\/\/droitemoderniste.be\/index.php\/wp-json\/wp\/v2\/tags?post=1979"}],"curies":[{"name":"wp","href":"https:\/\/api.w.org\/{rel}","templated":true}]}}