{"id":1973,"date":"2025-11-05T13:55:34","date_gmt":"2025-11-05T12:55:34","guid":{"rendered":"https:\/\/droitemoderniste.be\/?p=1973"},"modified":"2025-11-05T13:55:34","modified_gmt":"2025-11-05T12:55:34","slug":"pour-une-securite-sociale-solide-responsable-et-digne-des-generations-futures","status":"publish","type":"post","link":"https:\/\/droitemoderniste.be\/index.php\/2025\/11\/05\/pour-une-securite-sociale-solide-responsable-et-digne-des-generations-futures\/","title":{"rendered":"Pour une s\u00e9curit\u00e9 sociale solide, responsable et digne des g\u00e9n\u00e9rations futures"},"content":{"rendered":"\n<figure class=\"wp-block-image size-full\"><img loading=\"lazy\" decoding=\"async\" width=\"275\" height=\"183\" src=\"https:\/\/droitemoderniste.be\/wp-content\/uploads\/2025\/11\/classe-ecole1.jpg\" alt=\"\" class=\"wp-image-1974\"\/><\/figure>\n\n\n\n<p class=\"wp-block-paragraph\"><strong>Notre s\u00e9curit\u00e9 sociale est un pilier de notre pays.<\/strong><br>C\u2019est ce qui permet \u00e0 chaque citoyen \u2014 travailleur, famille, retrait\u00e9 \u2014 de vivre dignement, quels que soient les al\u00e9as de la vie.<\/p>\n\n\n\n<p class=\"wp-block-paragraph\">Au <mark style=\"background-color:rgba(0, 0, 0, 0);color:#ff6900\" class=\"has-inline-color\">Mouvement Droite Moderniste<\/mark>, nous le disons clairement :<br><strong>nous d\u00e9fendrons cet acquis national.<\/strong><br>Mais nous devons aussi le moderniser pour qu\u2019il reste fort demain.<\/p>\n\n\n\n<p class=\"wp-block-paragraph\">Notre vision est simple :<\/p>\n\n\n\n<ul class=\"wp-block-list\">\n<li><strong>Prot\u00e9ger ceux qui travaillent et contribuent<\/strong><\/li>\n\n\n\n<li><strong>Garantir une solidarit\u00e9 durable<\/strong> pour les plus vuln\u00e9rables<\/li>\n\n\n\n<li><strong>Lutter sans faiblesse contre les abus<\/strong>, qu\u2019ils soient sociaux ou patronaux<\/li>\n\n\n\n<li><strong>Assurer un financement \u00e9quitable<\/strong>, transparent, soutenable<\/li>\n\n\n\n<li><strong>Investir dans l\u2019emploi, la formation, l\u2019insertion<\/strong><\/li>\n<\/ul>\n\n\n\n<p class=\"wp-block-paragraph\">Parce qu\u2019un syst\u00e8me social n\u2019est solide que si chacun <strong>peut y entrer, y contribuer et y avoir sa place<\/strong>.<\/p>\n\n\n\n<p class=\"wp-block-paragraph\">Nous refusons deux impasses :<br>\u2716\ufe0f la pr\u00e9carit\u00e9 et l\u2019abandon de ceux qui travaillent<br>\u2716\ufe0f l\u2019assistanat permanent qui fragilise notre mod\u00e8le<\/p>\n\n\n\n<p class=\"wp-block-paragraph\"><strong>Des droits, oui. Des devoirs, aussi.<\/strong><br>C\u2019est cela, une solidarit\u00e9 juste et moderne.<\/p>\n\n\n\n<p class=\"wp-block-paragraph\">Ce que nous d\u00e9fendons, c\u2019est une Belgique qui prot\u00e8ge ses citoyens, valorise l\u2019effort, et pr\u00e9pare l\u2019avenir plut\u00f4t que le subir.<\/p>\n\n\n\n<p class=\"wp-block-paragraph\"><strong><mark style=\"background-color:rgba(0, 0, 0, 0);color:#ff6900\" class=\"has-inline-color\">Racines fortes, regard neuf.<\/mark><\/strong><br>C\u2019est notre engagement, pour une s\u00e9curit\u00e9 sociale solide, responsable, et digne des g\u00e9n\u00e9rations futures.<\/p>\n","protected":false},"excerpt":{"rendered":"<p>Notre s\u00e9curit\u00e9 sociale est un pilier de notre pays.C\u2019est ce qui permet \u00e0 chaque citoyen \u2014 travailleur, famille, retrait\u00e9 \u2014 de vivre dignement, quels que soient les al\u00e9as de la vie. Au Mouvement Droite Moderniste, nous le disons clairement :nous d\u00e9fendrons cet acquis national.Mais nous devons aussi le moderniser pour qu\u2019il reste fort demain. Notre [&hellip;]<\/p>\n","protected":false},"author":1,"featured_media":0,"comment_status":"open","ping_status":"open","sticky":false,"template":"","format":"standard","meta":{"_monsterinsights_skip_tracking":false,"_uf_show_specific_survey":0,"_uf_disable_surveys":false,"footnotes":""},"categories":[34,10],"tags":[],"class_list":["post-1973","post","type-post","status-publish","format-standard","hentry","category-mouvement-droite-moderniste","category-securite-sociale"],"_links":{"self":[{"href":"https:\/\/droitemoderniste.be\/index.php\/wp-json\/wp\/v2\/posts\/1973","targetHints":{"allow":["GET"]}}],"collection":[{"href":"https:\/\/droitemoderniste.be\/index.php\/wp-json\/wp\/v2\/posts"}],"about":[{"href":"https:\/\/droitemoderniste.be\/index.php\/wp-json\/wp\/v2\/types\/post"}],"author":[{"embeddable":true,"href":"https:\/\/droitemoderniste.be\/index.php\/wp-json\/wp\/v2\/users\/1"}],"replies":[{"embeddable":true,"href":"https:\/\/droitemoderniste.be\/index.php\/wp-json\/wp\/v2\/comments?post=1973"}],"version-history":[{"count":1,"href":"https:\/\/droitemoderniste.be\/index.php\/wp-json\/wp\/v2\/posts\/1973\/revisions"}],"predecessor-version":[{"id":1975,"href":"https:\/\/droitemoderniste.be\/index.php\/wp-json\/wp\/v2\/posts\/1973\/revisions\/1975"}],"wp:attachment":[{"href":"https:\/\/droitemoderniste.be\/index.php\/wp-json\/wp\/v2\/media?parent=1973"}],"wp:term":[{"taxonomy":"category","embeddable":true,"href":"https:\/\/droitemoderniste.be\/index.php\/wp-json\/wp\/v2\/categories?post=1973"},{"taxonomy":"post_tag","embeddable":true,"href":"https:\/\/droitemoderniste.be\/index.php\/wp-json\/wp\/v2\/tags?post=1973"}],"curies":[{"name":"wp","href":"https:\/\/api.w.org\/{rel}","templated":true}]}}