{"id":1970,"date":"2025-11-05T10:01:39","date_gmt":"2025-11-05T09:01:39","guid":{"rendered":"https:\/\/droitemoderniste.be\/?p=1970"},"modified":"2025-11-05T10:01:39","modified_gmt":"2025-11-05T09:01:39","slug":"mdm-incarne-une-troisieme-voie-dans-leconomie-belge-contemporaine","status":"publish","type":"post","link":"https:\/\/droitemoderniste.be\/index.php\/2025\/11\/05\/mdm-incarne-une-troisieme-voie-dans-leconomie-belge-contemporaine\/","title":{"rendered":"MDM incarne une troisi\u00e8me voie dans l&rsquo;\u00e9conomie belge contemporaine"},"content":{"rendered":"\n<figure class=\"wp-block-image size-full\"><img loading=\"lazy\" decoding=\"async\" width=\"839\" height=\"420\" src=\"https:\/\/droitemoderniste.be\/wp-content\/uploads\/2025\/11\/27-vintage-photos-that-show-the-glamorous-143-year-history-of-the-kentucky-derby.jpg\" alt=\"\" class=\"wp-image-1971\" srcset=\"https:\/\/droitemoderniste.be\/wp-content\/uploads\/2025\/11\/27-vintage-photos-that-show-the-glamorous-143-year-history-of-the-kentucky-derby.jpg 839w, https:\/\/droitemoderniste.be\/wp-content\/uploads\/2025\/11\/27-vintage-photos-that-show-the-glamorous-143-year-history-of-the-kentucky-derby-300x150.jpg 300w, https:\/\/droitemoderniste.be\/wp-content\/uploads\/2025\/11\/27-vintage-photos-that-show-the-glamorous-143-year-history-of-the-kentucky-derby-768x384.jpg 768w\" sizes=\"auto, (max-width: 839px) 100vw, 839px\" \/><\/figure>\n\n\n\n<p class=\"wp-block-paragraph\">Le <mark style=\"background-color:rgba(0, 0, 0, 0);color:#ff6900\" class=\"has-inline-color\">Mouvement Droite Moderniste (MDM)<\/mark> incarne une troisi\u00e8me voie \u00e9conomique en Belgique par une synth\u00e8se originale, combinant lib\u00e9ralisme, interventionnisme pragmatique, et souverainet\u00e9 locale visant \u00e0 d\u00e9passer les clivages traditionnels du paysage politico-\u00e9conomique belge.<\/p>\n\n\n\n<p class=\"wp-block-paragraph\">\u200b<\/p>\n\n\n\n<p class=\"wp-block-paragraph\"><strong>Approche synth\u00e9tique et novatrice<\/strong><\/p>\n\n\n\n<p class=\"wp-block-paragraph\">Le <mark style=\"background-color:rgba(0, 0, 0, 0);color:#ff6900\" class=\"has-inline-color\">MDM <\/mark>se distingue par un refus des mod\u00e8les classiques de droite conservatrice (MR, Les Engag\u00e9s) et de la gauche sociale-d\u00e9mocrate (PS, \u00c9colo).<\/p>\n\n\n\n<p class=\"wp-block-paragraph\">Son programme \u00e9conomique repose sur une synth\u00e8se in\u00e9dite entre d\u00e9fense du m\u00e9rite, initiative personnelle, justice sociale et responsabilit\u00e9 nationale.<\/p>\n\n\n\n<p class=\"wp-block-paragraph\">Contrairement au lib\u00e9ralisme pur qui privil\u00e9gie la d\u00e9r\u00e9gulation et la r\u00e9duction \u00e9tatique, ou au social-r\u00e9formisme centr\u00e9 sur la redistribution, le <mark style=\"background-color:rgba(0, 0, 0, 0);color:#ff6900\" class=\"has-inline-color\">MDM<\/mark> combine les deux avec un pragmatisme mesur\u00e9 : il valorise l\u2019investissement productif, encourage la transmission interg\u00e9n\u00e9rationnelle des richesses, mais refuse la d\u00e9pendance assist\u00e9e ou la \u00ab punition \u00bb de la r\u00e9ussite.<\/p>\n\n\n\n<p class=\"wp-block-paragraph\">\u200b<\/p>\n\n\n\n<p class=\"wp-block-paragraph\"><strong>Rupture avec les partis traditionnels<\/strong><\/p>\n\n\n\n<p class=\"wp-block-paragraph\">Alors que le MR d\u00e9fend un lib\u00e9ralisme \u00e9conomique plus classique et souvent per\u00e7u comme favorable aux grandes entreprises, et que le PS ainsi qu\u2019\u00c9colo s\u2019appuient sur une fiscalit\u00e9 redistributive et une forte intervention publique, le <mark style=\"background-color:rgba(0, 0, 0, 0);color:#ff6900\" class=\"has-inline-color\">MDM<\/mark> propose :<\/p>\n\n\n\n<ul class=\"wp-block-list\">\n<li>Une fiscalit\u00e9 au service du m\u00e9rite et de la clart\u00e9, tout en simplifiant et en all\u00e9geant l\u2019imp\u00f4t pour favoriser l\u2019investissement et la transmission.<\/li>\n\n\n\n<li>Un interventionnisme cibl\u00e9 qui vise \u00e0 rationaliser le f\u00e9d\u00e9ralisme, optimiser les d\u00e9penses publiques sans accro\u00eetre la dette et renforcer l\u2019\u00e9conomie locale via des politiques souverainistes rationnelles.<\/li>\n\n\n\n<li>Un \u00ab environnementalisme optimiste \u00bb rejetant l\u2019\u00e9cologie punitive ou dogmatique au profit d\u2019une gestion scientifique et pragmatique de la transition \u00e9nerg\u00e9tique.<\/li>\n<\/ul>\n\n\n\n<p class=\"wp-block-paragraph\"><strong>Humanisme civique et souverainet\u00e9 \u00e9conomique<\/strong><\/p>\n\n\n\n<p class=\"wp-block-paragraph\">Le <mark style=\"background-color:rgba(0, 0, 0, 0);color:#ff6900\" class=\"has-inline-color\">MDM<\/mark> revendique une \u00ab modernit\u00e9 enracin\u00e9e \u00bb et un \u00ab humanisme du r\u00e9el \u00bb\u2009: les politiques \u00e9conomiques ne sont pas motiv\u00e9es par dogme ou id\u00e9ologie, mais par une volont\u00e9 de r\u00e9conciliation entre innovation, ma\u00eetrise nationale, et justice sociale.<\/p>\n\n\n\n<p class=\"wp-block-paragraph\">Il propose, par exemple, de repenser la politique migratoire et la protection sociale \u00e0 travers un prisme d\u2019efficacit\u00e9 civique et de contr\u00f4le national, ce qui constitue une rupture avec l\u2019approche universaliste ou purement utilitariste des autres partis.<\/p>\n\n\n\n<p class=\"wp-block-paragraph\">\u200b<\/p>\n\n\n\n<p class=\"wp-block-paragraph\"><strong>Positionnement sur le spectre politique<\/strong><\/p>\n\n\n\n<p class=\"wp-block-paragraph\">En r\u00e9sum\u00e9, le <mark style=\"background-color:rgba(0, 0, 0, 0);color:#ff6900\" class=\"has-inline-color\">MDM<\/mark> n\u2019est ni un parti n\u00e9olib\u00e9ral, ni un parti socialisant\u2009: il innove par sa coh\u00e9rence transversale et sa capacit\u00e9 \u00e0 introduire une troisi\u00e8me voie \u00e9conomique, caract\u00e9ris\u00e9e par :<\/p>\n\n\n\n<ul class=\"wp-block-list\">\n<li>La valorisation du m\u00e9rite et de la responsabilit\u00e9 individuelle<\/li>\n\n\n\n<li>Une gouvernance efficace de l\u2019\u00e9conomie locale, centr\u00e9e sur la souverainet\u00e9 et la r\u00e9silience<\/li>\n\n\n\n<li>Le refus des mod\u00e8les \u00e9conomiques dogmatiques, en postulant une approche hybride adapt\u00e9e \u00e0 la r\u00e9alit\u00e9 belge contemporaine.<\/li>\n<\/ul>\n\n\n\n<p class=\"wp-block-paragraph\">Ainsi, le <mark style=\"background-color:rgba(0, 0, 0, 0);color:#ff6900\" class=\"has-inline-color\">MDM<\/mark> propose une alternative qui rompt avec les vieux clivages, allie lib\u00e9ralisme \u00e9thique et interventionnisme cibl\u00e9, et incarne une troisi\u00e8me voie dans l\u2019\u00e9conomie belge contemporaine.<\/p>\n\n\n\n<p class=\"wp-block-paragraph\"><\/p>\n","protected":false},"excerpt":{"rendered":"<p>Le Mouvement Droite Moderniste (MDM) incarne une troisi\u00e8me voie \u00e9conomique en Belgique par une synth\u00e8se originale, combinant lib\u00e9ralisme, interventionnisme pragmatique, et souverainet\u00e9 locale visant \u00e0 d\u00e9passer les clivages traditionnels du paysage politico-\u00e9conomique belge. \u200b Approche synth\u00e9tique et novatrice Le MDM se distingue par un refus des mod\u00e8les classiques de droite conservatrice (MR, Les Engag\u00e9s) et [&hellip;]<\/p>\n","protected":false},"author":1,"featured_media":0,"comment_status":"open","ping_status":"open","sticky":false,"template":"","format":"standard","meta":{"_monsterinsights_skip_tracking":false,"_uf_show_specific_survey":0,"_uf_disable_surveys":false,"footnotes":""},"categories":[31,34],"tags":[],"class_list":["post-1970","post","type-post","status-publish","format-standard","hentry","category-economie","category-mouvement-droite-moderniste"],"_links":{"self":[{"href":"https:\/\/droitemoderniste.be\/index.php\/wp-json\/wp\/v2\/posts\/1970","targetHints":{"allow":["GET"]}}],"collection":[{"href":"https:\/\/droitemoderniste.be\/index.php\/wp-json\/wp\/v2\/posts"}],"about":[{"href":"https:\/\/droitemoderniste.be\/index.php\/wp-json\/wp\/v2\/types\/post"}],"author":[{"embeddable":true,"href":"https:\/\/droitemoderniste.be\/index.php\/wp-json\/wp\/v2\/users\/1"}],"replies":[{"embeddable":true,"href":"https:\/\/droitemoderniste.be\/index.php\/wp-json\/wp\/v2\/comments?post=1970"}],"version-history":[{"count":1,"href":"https:\/\/droitemoderniste.be\/index.php\/wp-json\/wp\/v2\/posts\/1970\/revisions"}],"predecessor-version":[{"id":1972,"href":"https:\/\/droitemoderniste.be\/index.php\/wp-json\/wp\/v2\/posts\/1970\/revisions\/1972"}],"wp:attachment":[{"href":"https:\/\/droitemoderniste.be\/index.php\/wp-json\/wp\/v2\/media?parent=1970"}],"wp:term":[{"taxonomy":"category","embeddable":true,"href":"https:\/\/droitemoderniste.be\/index.php\/wp-json\/wp\/v2\/categories?post=1970"},{"taxonomy":"post_tag","embeddable":true,"href":"https:\/\/droitemoderniste.be\/index.php\/wp-json\/wp\/v2\/tags?post=1970"}],"curies":[{"name":"wp","href":"https:\/\/api.w.org\/{rel}","templated":true}]}}